{"id":267741,"date":"2025-07-23T10:08:11","date_gmt":"2025-07-23T10:08:11","guid":{"rendered":"https:\/\/www.europesays.com\/fr\/267741\/"},"modified":"2025-07-23T10:08:11","modified_gmt":"2025-07-23T10:08:11","slug":"n2-les-effectifs-peuvent-encore-bouger-il-y-aura-du-mouvement","status":"publish","type":"post","link":"https:\/\/www.europesays.com\/fr\/267741\/","title":{"rendered":"N2 : \u00ab\u00a0Les effectifs peuvent encore bouger, il y aura du mouvement\u00a0\u00bb"},"content":{"rendered":"<p><img decoding=\"async\" src=\"https:\/\/www.europesays.com\/fr\/wp-content\/uploads\/2025\/07\/671_7ff8b0b19818bd36f4e28f01d0bebe6b.jpg\" alt=\"N2 : &quot;Les effectifs peuvent encore bouger, il y aura du mouvement&quot;\" class=\"img-responsive mt-3\"\/><\/p>\n<p class=\"text-center mb-3\" style=\"font-size: 14px\">\u00a9 Iconsport<\/p>\n<p style=\"text-align: justify;\">\u00c9coutez ses propos :<\/p>\n<p>\u00a0<\/p>\n<p><strong>\u00ab\u00a0L\u2019\u00e9t\u00e9 est loin d&rsquo;\u00eatre fini et le mercato aussi\u00a0\u00bb<\/strong><\/p>\n<p style=\"text-align: justify;\">Jonathan d&rsquo;Agostino donne son analyse et promet encore des mouvements pendant l&rsquo;\u00e9t\u00e9 dans le groupe A de National 2 :<\/p>\n<p style=\"text-align: justify;\">\u00ab\u00a0Il y aura encore beaucoup de mouvements dans les clubs, chaque \u00e9t\u00e9 c&rsquo;est la m\u00eame chose. C&rsquo;est le niveau qui veut \u00e7a, les effectifs sont construits jusqu&rsquo;\u00e0 75% dans les clubs aujourd&rsquo;hui. On ressent une meilleure qualit\u00e9 des troupes au g\u00e9n\u00e9ral dans ce National 2 du groupe A, \u00e0 cause des clubs r\u00e9trograd\u00e9s par la DNCG et le resserrement des poules. Il y a des coups \u00e0 faire pour les clubs de N1, N2 et N3. On sent un groupe A qui peut \u00eatre plus serr\u00e9 que la saison pr\u00e9c\u00e9dente. L\u2019\u00e9t\u00e9 est loin d&rsquo;\u00eatre fini et le mercato de National 2 va jusqu&rsquo;au d\u00e9but de l&rsquo;ann\u00e9e prochaine (31 janvier 2026), donc il peut encore se passer beaucoup de choses.\u00a0\u00bb<\/p>\n<p style=\"text-align: justify;\">&gt;&gt; <strong><a href=\"https:\/\/www.webgirondins.com\/actualite-girondins-n2-outsiders-favoris-promus-decouvrez-les-forces-du-groupe-a-face-aux-girondins-129821\" target=\"_blank\" rel=\"noopener\">\u00c9coutez ici notre s\u00e9rie de podcasts courts sur les effectifs des clubs de National 2 du groupe A.<\/a><\/strong><\/p>\n<p style=\"text-align: justify;\">\u00a0<\/p>\n","protected":false},"excerpt":{"rendered":"\u00a9 Iconsport \u00c9coutez ses propos : \u00a0 \u00ab\u00a0L\u2019\u00e9t\u00e9 est loin d&rsquo;\u00eatre fini et le mercato aussi\u00a0\u00bb Jonathan d&rsquo;Agostino&hellip;\n","protected":false},"author":2,"featured_media":267742,"comment_status":"","ping_status":"","sticky":false,"template":"","format":"standard","meta":{"footnotes":""},"categories":[1410],"tags":[1998,12008,17817,4930,40718,1442,4070,11437,1440,63,1011,27,2868,2561,15777,3238,3946,10936,40719,19722,31437,17247,3333,60,5426],"class_list":{"0":"post-267741","1":"post","2":"type-post","3":"status-publish","4":"format-standard","5":"has-post-thumbnail","7":"category-football","8":"tag-aura","9":"tag-bien","10":"tag-bouger","11":"tag-clubs","12":"tag-construits","13":"tag-deja","14":"tag-deux","15":"tag-effectifs","16":"tag-encore","17":"tag-football","18":"tag-fr","19":"tag-france","20":"tag-juillet","21":"tag-mois","22":"tag-mouvement","23":"tag-national","24":"tag-nous","25":"tag-peuvent","26":"tag-pourtant","27":"tag-presque","28":"tag-recruter","29":"tag-sommes","30":"tag-sont","31":"tag-sports","32":"tag-temps"},"share_on_mastodon":{"url":"https:\/\/pubeurope.com\/@fr\/114902001660132285","error":""},"_links":{"self":[{"href":"https:\/\/www.europesays.com\/fr\/wp-json\/wp\/v2\/posts\/267741","targetHints":{"allow":["GET"]}}],"collection":[{"href":"https:\/\/www.europesays.com\/fr\/wp-json\/wp\/v2\/posts"}],"about":[{"href":"https:\/\/www.europesays.com\/fr\/wp-json\/wp\/v2\/types\/post"}],"author":[{"embeddable":true,"href":"https:\/\/www.europesays.com\/fr\/wp-json\/wp\/v2\/users\/2"}],"replies":[{"embeddable":true,"href":"https:\/\/www.europesays.com\/fr\/wp-json\/wp\/v2\/comments?post=267741"}],"version-history":[{"count":0,"href":"https:\/\/www.europesays.com\/fr\/wp-json\/wp\/v2\/posts\/267741\/revisions"}],"wp:featuredmedia":[{"embeddable":true,"href":"https:\/\/www.europesays.com\/fr\/wp-json\/wp\/v2\/media\/267742"}],"wp:attachment":[{"href":"https:\/\/www.europesays.com\/fr\/wp-json\/wp\/v2\/media?parent=267741"}],"wp:term":[{"taxonomy":"category","embeddable":true,"href":"https:\/\/www.europesays.com\/fr\/wp-json\/wp\/v2\/categories?post=267741"},{"taxonomy":"post_tag","embeddable":true,"href":"https:\/\/www.europesays.com\/fr\/wp-json\/wp\/v2\/tags?post=267741"}],"curies":[{"name":"wp","href":"https:\/\/api.w.org\/{rel}","templated":true}]}}