{"id":267747,"date":"2025-07-23T10:11:09","date_gmt":"2025-07-23T10:11:09","guid":{"rendered":"https:\/\/www.europesays.com\/fr\/267747\/"},"modified":"2025-07-23T10:11:09","modified_gmt":"2025-07-23T10:11:09","slug":"les-10-romans-selectionnes-pour-le-prix-litteraire-le-monde-2025","status":"publish","type":"post","link":"https:\/\/www.europesays.com\/fr\/267747\/","title":{"rendered":"Les 10\u00a0romans s\u00e9lectionn\u00e9s pour le Prix litt\u00e9raire \u00ab\u00a0Le\u00a0Monde\u00a0\u00bb 2025"},"content":{"rendered":"\n<p class=\"article__paragraph article__paragraph--lf \">Le\u00a0Monde remettra son prix litt\u00e9raire, pour la treizi\u00e8me fois, le 3\u00a0septembre. On en retrouvera le laur\u00e9at ou la laur\u00e9ate dans \u00ab\u00a0Le Monde des livres\u00a0\u00bb du lendemain, dat\u00e9 5\u00a0septembre.<\/p>\n<p class=\"article__fact article__fact--neutral\">Les titres de la s\u00e9lection<\/p>\n<ul class=\"article__unordered-list\">\n<li><strong>\u00ab\u00a0La Nuit au c\u0153ur\u00a0\u00bb, de Nathacha Appanah, Gallimard<\/strong><\/li>\n<\/ul>\n<p>                          <img viewbox=\"0 0 664 443\"   width=\"664\" height=\"443\" alt=\"\"\/>      FRANCESCA MANTOVANI \/ GALLIMARD                <\/p>\n<ul class=\"article__unordered-list\">\n<li><strong>\u00ab\u00a0Des inconnus \u00e0 qui parler\u00a0\u00bb, de Camille Bordas, Deno\u00ebl<\/strong><\/li>\n<\/ul>\n<p>                          <img viewbox=\"0 0 664 443\"   width=\"664\" height=\"443\" alt=\"\"\/>      YANN STOFER \/ DENO\u00cbL                <\/p>\n<ul class=\"article__unordered-list\">\n<li><strong>\u00ab\u00a0Le Pays dont tu as march\u00e9 la terre\u00a0\u00bb, de Daniel Bourrion, \u00e9d. H\u00e9lo\u00efse d\u2019Ormesson<\/strong><\/li>\n<\/ul>\n<p>                          <img viewbox=\"0 0 664 443\"   width=\"664\" height=\"443\" alt=\"\"\/>      PHILIPPE MATSAS \/ LEEXTRA \/ H\u00c9LO\u00cfSE D\u2019ORMESSON                <\/p>\n<ul class=\"article__unordered-list\">\n<li><strong>\u00ab\u00a0Parano\u00efa\u00a0\u00bb, de Lise Charles, P.O.L<\/strong><\/li>\n<\/ul>\n<p>                          <img viewbox=\"0 0 664 443\"   width=\"664\" height=\"443\" alt=\"\"\/>      H\u00c9L\u00c8NE BAMBERGER \/ P.O.L                <\/p>\n<ul class=\"article__unordered-list\">\n<li><strong>\u00ab\u00a0In violentia veritas\u00a0\u00bb, de Catherine Girard, Grasset<\/strong><\/li>\n<\/ul>\n<p>                          <img viewbox=\"0 0 664 443\"   width=\"664\" height=\"443\" alt=\"\"\/>      JF PAGA \/ GRASSET                <\/p>\n<ul class=\"article__unordered-list\">\n<li><strong>\u00ab\u00a0Le Bel Obscur\u00a0\u00bb, de Caroline Lamarche, Seuil<\/strong><\/li>\n<\/ul>\n<p>                          <img viewbox=\"0 0 664 443\"   width=\"664\" height=\"443\" alt=\"\"\/>      VAL\u00c9RIE SONNIER \/ SEUIL                <\/p>\n<ul class=\"article__unordered-list\">\n<li><strong>\u00ab\u00a0Une dr\u00f4le de peine\u00a0\u00bb, de Justine L\u00e9vy, Stock<\/strong><\/li>\n<\/ul>\n<p>                          <img viewbox=\"0 0 664 443\"   width=\"664\" height=\"443\" alt=\"\"\/>      MARIE ROUGE \/ STOCK                <\/p>\n<ul class=\"article__unordered-list\">\n<li><strong>\u00ab\u00a0La Maison vide\u00a0\u00bb, de Laurent Mauvignier, Minuit<\/strong><\/li>\n<\/ul>\n<p>                          <img viewbox=\"0 0 664 443\"   width=\"664\" height=\"443\" alt=\"\"\/>      MATHIEU ZAZZO \/ MINUIT                <\/p>\n<ul class=\"article__unordered-list\">\n<li><strong>\u00ab\u00a0Simone Emonet\u00a0\u00bb, de Catherine Millet, Flammarion<\/strong><\/li>\n<\/ul>\n<p>                          <img viewbox=\"0 0 664 443\"   width=\"664\" height=\"443\" alt=\"\"\/>      PASCAL ITO \/ FLAMMARION                <\/p>\n<ul class=\"article__unordered-list\">\n<li><strong>\u00ab\u00a0Les Forces\u00a0\u00bb, de Laura Vazquez, Sous-sol<\/strong><\/li>\n<\/ul>\n<p>                          <img viewbox=\"0 0 664 443\"   width=\"664\" height=\"443\" alt=\"\"\/>      ELISE BLOTI\u00c8RE \/ SOUS-SOL                  <\/p>\n<p class=\"article__fact article__fact--neutral\">Les pr\u00e9c\u00e9dents laur\u00e9ats<\/p>\n<ul class=\"article__unordered-list\">\n<li><strong>2024 <\/strong><a href=\"https:\/\/www.lemonde.fr\/livres\/article\/2024\/09\/01\/l-agrafe-maryline-desbiolles-reduit-la-fracture_6301125_3260.html\" rel=\"nofollow noopener\" target=\"_blank\">\u00ab\u00a0L\u2019Agrafe\u00a0\u00bb, de Maryline Desbiolles<\/a>, \u00e9d. Sabine Wespieser<\/li>\n<li><strong>2023 <\/strong><a href=\"https:\/\/www.lemonde.fr\/livres\/article\/2023\/08\/24\/triste-tigre-de-neige-sinno-le-feuilleton-litteraire-de-tiphaine-samoyault_6186451_3260.html\" rel=\"nofollow noopener\" target=\"_blank\">\u00ab\u00a0Triste tigre\u00a0\u00bb, de Neige Sinno<\/a>, P.O.L<\/li>\n<li><strong>2022 <\/strong><a href=\"https:\/\/www.lemonde.fr\/livres\/article\/2022\/08\/24\/attaquer-la-terre-et-le-soleil-mathieu-belezi-scande-l-algerie-en-sang-de-1845_6138899_3260.html\" rel=\"nofollow noopener\" target=\"_blank\">\u00ab\u00a0Attaquer la terre et le soleil\u00a0\u00bb, de Mathieu Belezi<\/a>, Le Tripode<\/li>\n<li><strong>2021 <\/strong><a href=\"https:\/\/www.lemonde.fr\/livres\/article\/2021\/09\/09\/jean-claude-grumberg-l-ecriture-veuve-l-humour-de-l-orphelin_6093997_3260.html\" rel=\"nofollow noopener\" target=\"_blank\">\u00ab\u00a0Jacqueline Jacqueline\u00a0\u00bb, de Jean-Claude Grumberg<\/a>, Seuil<\/li>\n<li><strong>2020 <\/strong><a href=\"https:\/\/www.lemonde.fr\/livres\/article\/2020\/08\/22\/elle-a-menti-pour-les-ailes-de-francesca-serra-disparition-d-une-jeune-fille-connectee_6049662_3260.html\" rel=\"nofollow noopener\" target=\"_blank\">\u00ab\u00a0Elle a menti pour les ailes\u00a0\u00bb, de Francesca Serra<\/a>, \u00e9d. Anne Carri\u00e8re<\/li>\n<li><strong>2019 <\/strong><a href=\"https:\/\/www.lemonde.fr\/critique-litteraire\/article\/2019\/08\/29\/une-bete-au-paradis-un-conte-cruel-de-l-amour-et-de-la-folie-signe-cecile-coulon_5504158_5473203.html\" rel=\"nofollow noopener\" target=\"_blank\">\u00ab\u00a0Une b\u00eate au paradis\u00a0\u00bb, de C\u00e9cile Coulon<\/a>, L\u2019Iconoclaste<\/li>\n<li><strong>2018 <\/strong><a href=\"https:\/\/www.lemonde.fr\/livres\/article\/2018\/08\/22\/dans-l-il-de-jerome-ferrari_5345075_3260.html\" rel=\"nofollow noopener\" target=\"_blank\">\u00ab\u00a0A son image\u00a0\u00bb, de J\u00e9r\u00f4me Ferrari<\/a>, Actes Sud<\/li>\n<li><strong>2017 <\/strong><a href=\"https:\/\/www.lemonde.fr\/livres\/article\/2017\/08\/23\/alice-zeniter-enfant-du-silence_5175677_3260.html\" rel=\"nofollow noopener\" target=\"_blank\">\u00ab\u00a0L\u2019Art de perdre\u00a0\u00bb, d\u2019Alice Zeniter<\/a>, Flammarion<\/li>\n<li><strong>2016 <\/strong><a href=\"https:\/\/www.lemonde.fr\/livres\/article\/2016\/08\/24\/sangs-d-encre-jablonka-liberati-cobert_4987447_3260.html\" rel=\"nofollow noopener\" target=\"_blank\">\u00ab\u00a0La\u00ebtitia ou la Fin des hommes\u00a0\u00bb, d\u2019Ivan Jablonka<\/a>, Seuil<\/li>\n<li><strong>2015 <\/strong><a href=\"https:\/\/www.lemonde.fr\/livres\/article\/2015\/08\/19\/agnes-desarthe-au-plaisir-du-romanesque_4730315_3260.html\" rel=\"nofollow noopener\" target=\"_blank\">\u00ab\u00a0Ce c\u0153ur changeant\u00a0\u00bb, d\u2019Agn\u00e8s Desarthe<\/a>, L\u2019Olivier<\/li>\n<li><strong>2014 <\/strong><a href=\"https:\/\/www.lemonde.fr\/livres\/article\/2014\/08\/27\/emmanuel-carrere-y-croit-encore_4477731_3260.html\" rel=\"nofollow noopener\" target=\"_blank\">\u00ab\u00a0Le Royaume\u00a0\u00bb, d\u2019Emmanuel Carr\u00e8re<\/a>, P.O.L<\/li>\n<li><strong>2013 <\/strong><a href=\"https:\/\/www.lemonde.fr\/livres\/article\/2013\/01\/04\/yasmina-rez-un-rire-de-barrage_1812430_3260.html\" rel=\"nofollow noopener\" target=\"_blank\">\u00ab\u00a0Heureux les heureux\u00a0\u00bb, de Yasmina Reza<\/a>, Flammarion<\/li>\n<\/ul>\n<p class=\"article__fact article__fact--neutral\">Le jury<\/p>\n<p class=\"article__paragraph article__paragraph--lf \">Il est compos\u00e9 de 13\u00a0journalistes qui travaillent aux quatre \u00ab\u00a0coins\u00a0\u00bb du Monde\u00a0: J\u00e9r\u00f4me Fenoglio, directeur du Monde et pr\u00e9sident du jury\u00a0; Jean Birnbaum, responsable du \u00ab\u00a0Monde des livres\u00a0\u00bb\u00a0; Amaury da Cunha (\u00ab\u00a0Le Monde des livres\u00a0\u00bb)\u00a0; Emmanuel Davidenkoff (D\u00e9veloppement \u00e9ditorial)\u00a0; Solenn de Royer (Politique)\u00a0; Zineb Dryef (\u00ab\u00a0M, Le magazine du Monde\u00a0\u00bb)\u00a0; Ga\u00eblle Dupont (Plan\u00e8te)\u00a0; Clara Georges (\u00ab\u00a0Intimit\u00e9s\u00a0\u00bb)\u00a0; Florent Georgesco (\u00ab\u00a0Le\u00a0Monde des livres\u00a0\u00bb)\u00a0; Lanwenn Huon (\u00ab\u00a0Le\u00a0Monde des livres\u00a0\u00bb)\u00a0; Rapha\u00eblle Leyris (\u00ab\u00a0Le\u00a0Monde des livres\u00a0\u00bb)\u00a0; Rapha\u00eblle R\u00e9rolle (Grands reporters)\u00a0; Nicolas Weill (\u00ab\u00a0Le Monde des livres\u00a0\u00bb).<\/p>\n","protected":false},"excerpt":{"rendered":"Le\u00a0Monde remettra son prix litt\u00e9raire, pour la treizi\u00e8me fois, le 3\u00a0septembre. On en retrouvera le laur\u00e9at ou la&hellip;\n","protected":false},"author":2,"featured_media":267748,"comment_status":"","ping_status":"","sticky":false,"template":"","format":"standard","meta":{"footnotes":""},"categories":[1357],"tags":[1379,58,59,1011,27,1380],"class_list":{"0":"post-267747","1":"post","2":"type-post","3":"status-publish","4":"format-standard","5":"has-post-thumbnail","7":"category-livres","8":"tag-books","9":"tag-divertissement","10":"tag-entertainment","11":"tag-fr","12":"tag-france","13":"tag-livres"},"share_on_mastodon":{"url":"https:\/\/pubeurope.com\/@fr\/114902013402481583","error":""},"_links":{"self":[{"href":"https:\/\/www.europesays.com\/fr\/wp-json\/wp\/v2\/posts\/267747","targetHints":{"allow":["GET"]}}],"collection":[{"href":"https:\/\/www.europesays.com\/fr\/wp-json\/wp\/v2\/posts"}],"about":[{"href":"https:\/\/www.europesays.com\/fr\/wp-json\/wp\/v2\/types\/post"}],"author":[{"embeddable":true,"href":"https:\/\/www.europesays.com\/fr\/wp-json\/wp\/v2\/users\/2"}],"replies":[{"embeddable":true,"href":"https:\/\/www.europesays.com\/fr\/wp-json\/wp\/v2\/comments?post=267747"}],"version-history":[{"count":0,"href":"https:\/\/www.europesays.com\/fr\/wp-json\/wp\/v2\/posts\/267747\/revisions"}],"wp:featuredmedia":[{"embeddable":true,"href":"https:\/\/www.europesays.com\/fr\/wp-json\/wp\/v2\/media\/267748"}],"wp:attachment":[{"href":"https:\/\/www.europesays.com\/fr\/wp-json\/wp\/v2\/media?parent=267747"}],"wp:term":[{"taxonomy":"category","embeddable":true,"href":"https:\/\/www.europesays.com\/fr\/wp-json\/wp\/v2\/categories?post=267747"},{"taxonomy":"post_tag","embeddable":true,"href":"https:\/\/www.europesays.com\/fr\/wp-json\/wp\/v2\/tags?post=267747"}],"curies":[{"name":"wp","href":"https:\/\/api.w.org\/{rel}","templated":true}]}}