{"id":267749,"date":"2025-07-23T10:12:13","date_gmt":"2025-07-23T10:12:13","guid":{"rendered":"https:\/\/www.europesays.com\/fr\/267749\/"},"modified":"2025-07-23T10:12:13","modified_gmt":"2025-07-23T10:12:13","slug":"canal-confirme-la-reintegration-de-stephane-guy-a-la-rentree","status":"publish","type":"post","link":"https:\/\/www.europesays.com\/fr\/267749\/","title":{"rendered":"Canal+ confirme la r\u00e9int\u00e9gration de St\u00e9phane Guy \u00e0 la rentr\u00e9e"},"content":{"rendered":"<p>                             Par Emmanuelle Litaud     <a class=\"fig-content-metas__author\" href=\"https:\/\/www.lefigaro.fr\/auteur\/afp-agence\" rel=\"author nofollow noopener\" target=\"_blank\">AFP agence<\/a><\/p>\n<p>                Le 23 juillet 2025 \u00e0 11h15<\/p>\n<p>    St\u00e9phane Guy sur le plateau de \u00abL\u2019\u00c9quipe du soir\u00bb en juin dernier.<br \/>\n                Capture d&rsquo;\u00e9cran L&rsquo;\u00c9quipe<\/p>\n<p>Thomas S\u00e9n\u00e9cal, le directeur des sports de la cha\u00eene crypt\u00e9e, s\u2019est exprim\u00e9 sur le retour du commentateur de football \u00e0 la suite de la d\u00e9cision de la Cour d\u2019appel de Paris.<\/p>\n<p class=\"fig-paragraph\">Les choses rentrent dans l\u2019ordre pour\u00a0<a href=\"https:\/\/www.lefigaro.fr\/tag\/stephane-guy\" target=\"_blank\" rel=\"noopener nofollow\" data-gtm-custom-categorie=\"navigation\" data-gtm-custom-action=\"crossclick\" data-gtm-custom-label=\"Contextuel\" data-gtm-event=\"customEventSPE\"><strong>St\u00e9phane Guy<\/strong><\/a> . Le commentateur de football, qui avait \u00e9t\u00e9 licenci\u00e9 en d\u00e9cembre 2020 pour avoir soutenu \u00e0 l\u2019antenne son coll\u00e8gue\u00a0<a href=\"https:\/\/www.lefigaro.fr\/tag\/sebastien-thoen\" target=\"_blank\" rel=\"noopener nofollow\" data-gtm-custom-categorie=\"navigation\" data-gtm-custom-action=\"crossclick\" data-gtm-custom-label=\"Contextuel\" data-gtm-event=\"customEventSPE\">S\u00e9bastien Thoen<\/a>, va r\u00e9int\u00e9grer Canal + apr\u00e8s la d\u00e9cision de la Cour d\u2019appel de Paris.<\/p>\n<p class=\"fig-paragraph\">Fin juin, cette derni\u00e8re a, en effet, ordonn\u00e9 au groupe de r\u00e9int\u00e9grer son ex-commentateur apr\u00e8s avoir prononc\u00e9 la nullit\u00e9 de son licenciement. Elle a aussi condamn\u00e9 la cha\u00eene crypt\u00e9e \u00e0 verser un peu plus de 700.000 euros \u00e0 son ancien journaliste, en particulier au titre de \u00abl\u2019indemnit\u00e9 d\u2019\u00e9viction\u00bb, soit les rappels de salaires.<\/p>\n<p class=\"fig-body-link\">\n            \u00c0 lire aussi<br \/>\n        <a class=\"fig-body-link__link\" href=\"http:\/\/tvmag.lefigaro.fr\/programme-tv\/actu-tele\/je-suis-tres-heureux-de-rentrer-a-la-maison-la-justice-ordonne-a-canal-de-reintegrer-le-journaliste-stephane-guy-20250627\" target=\"_blank\" data-fig-type=\"Article\" rel=\"noopener nofollow\" data-gtm-custom-categorie=\"navigation\" data-gtm-custom-action=\"crossclick\" data-gtm-custom-label=\"Contextuel\" data-gtm-event=\"customEventSPE\" data-fig-domain=\"TVMAG\">\u00abJe suis tr\u00e8s heureux de rentrer \u00e0 la maison\u00bb\u00a0: la justice ordonne \u00e0 Canal+ de r\u00e9int\u00e9grer le journaliste St\u00e9phane Guy<br \/>\n    <\/a>\n<\/p>\n<p>                                    <a class=\"fig-a11y-skip a11y-hidden\" href=\"#fig-a11y-skip-main-inarticle\"><br \/>\n        Passer la publicit\u00e9<br \/>\n    <\/a><\/p>\n<p class=\"fig-paragraph\">Canal + a pris acte de cette d\u00e9cision de justice comme l\u2019a confirm\u00e9 Thomas S\u00e9n\u00e9cal, le directeur des sports du groupe, dans une interview donn\u00e9e \u00e0 nos confr\u00e8res de\u00a0<a href=\"https:\/\/www.lequipe.fr\/Medias\/Article\/-savoir-entretenir-la-flamme-thomas-senecal-directeur-des-sports-de-canal-detaille-les-contours-de-la-saison-a-venir\/1579209\" target=\"_blank\" rel=\"noopener nofollow\" data-gtm-custom-categorie=\"navigation\" data-gtm-custom-action=\"crossclick\" data-gtm-custom-label=\"Contextuel\" data-gtm-event=\"customEventSPE\">L\u2019\u00c9quipe<\/a> . \u00ab Nous ex\u00e9cuterons bien s\u00fbr cette d\u00e9cision\u00a0\u00bb, a ainsi d\u00e9clar\u00e9 le dirigeant. Pour autant, le r\u00f4le que tiendra St\u00e9phane Guy dans la grille de rentr\u00e9e de la cha\u00eene crypt\u00e9e n\u2019a pas encore \u00e9t\u00e9 d\u00e9fini. \u00ab Nous n\u2019avons pas encore \u00e9chang\u00e9 de mani\u00e8re pr\u00e9cise sur ses missions\u00a0\u00bb, a encore expliqu\u00e9 Thomas S\u00e9n\u00e9cal.<\/p>\n<p class=\"fig-paragraph\">Voix phare du football fran\u00e7ais, St\u00e9phane Guy avait appris son licenciement la veille de No\u00ebl 2020, au terme de 23 ans chez Canal+, pour avoir apport\u00e9 son soutien \u00e0 l\u2019humoriste\u00a0<a href=\"https:\/\/www.lefigaro.fr\/tag\/sebastien-thoen\" target=\"_blank\" rel=\"noopener nofollow\" data-gtm-custom-categorie=\"navigation\" data-gtm-custom-action=\"crossclick\" data-gtm-custom-label=\"Contextuel\" data-gtm-event=\"customEventSPE\">S\u00e9bastien Thoen<\/a>. Ce dernier avait lui-m\u00eame \u00e9t\u00e9 renvoy\u00e9 pour une parodie visant l\u2019\u00e9mission\u00a0<a href=\"https:\/\/tvmag.lefigaro.fr\/programme-tv\/programme\/l-heure-des-pros-f99616431\" target=\"_blank\" rel=\"noopener nofollow\" data-gtm-custom-categorie=\"navigation\" data-gtm-custom-action=\"crossclick\" data-gtm-custom-label=\"Contextuel\" data-gtm-event=\"customEventSPE\">\u00abL\u2019heure des pros\u00bb<\/a>\u00a0diffus\u00e9e sur CNews, la cha\u00eene info du groupe, dans le giron du milliardaire Vincent Bollor\u00e9.<\/p>\n<p class=\"fig-paragraph\">Lors de la mi-temps de la rencontre Montpellier-PSG, le 5 d\u00e9cembre 2020, St\u00e9phane Guy avait profit\u00e9 de l\u2019antenne pour passer un message \u00e0 son confr\u00e8re. \u00ab Je veux saluer l\u2019ami S\u00e9bastien Thoen qui n\u2019a pas eu la sortie qu\u2019il aurait m\u00e9rit\u00e9e. On lui souhaite bon vent\u00a0\u00bb, avait-il d\u00e9clar\u00e9 en direct avant de citer Coluche, \u00ab l\u2019un des fondateurs de notre belle cha\u00eene\u00a0: il faut se m\u00e9fier des comiques parce que, quelquefois, ils disent des choses pour plaisanter\u00a0\u00bb.<\/p>\n<p class=\"fig-body-link\">\n            \u00c0 lire aussi<br \/>\n        <a class=\"fig-body-link__link\" href=\"https:\/\/tvmag.lefigaro.fr\/programme-tv\/affaire-sebastien-thoen-stephane-guy-licencie-a-son-tour-par-canal_90bc52e2-45eb-11eb-9cda-7ec6d3088ecd\" target=\"_blank\" data-fig-type=\"Article\" rel=\"noopener nofollow\" data-gtm-custom-categorie=\"navigation\" data-gtm-custom-action=\"crossclick\" data-gtm-custom-label=\"Contextuel\" data-gtm-event=\"customEventSPE\" data-fig-domain=\"TVMAG\">Affaire S\u00e9bastien Thoen: St\u00e9phane Guy licenci\u00e9 \u00e0 son tour par Canal +<br \/>\n    <\/a>\n<\/p>\n<p class=\"fig-paragraph\">En mars 2021, Maxime Saada, le pr\u00e9sident de Canal+ s\u2019\u00e9tait expliqu\u00e9 au sujet du licenciement de St\u00e9phane Guy dans les colonnes de L\u2019\u00c9quipe. \u00ab St\u00e9phane (Guy), je lui avais d\u00e9j\u00e0 dit plusieurs fois que ce n\u2019\u00e9tait pas son antenne, qu\u2019il ne pouvait pas l\u2019utiliser pour dire des choses qui lui passaient par la t\u00eate. Moi-m\u00eame, je ne me suis jamais permis \u00e7a\u00a0\u00bb, avait-il d\u00e9clar\u00e9.<\/p>\n<p class=\"fig-paragraph\">Selon la Cour, le journaliste \u00ab n\u2019a pas commis d\u2019abus\u00a0\u00bb, pointant \u00ab une violation par l\u2019employeur de sa libert\u00e9 d\u2019expression\u00a0\u00bb. En 2022 d\u00e9j\u00e0, le Conseil des Prud\u2019hommes avait condamn\u00e9 Canal+ pour le \u00ab licenciement sans cause r\u00e9elle et s\u00e9rieuse\u00a0\u00bb de St\u00e9phane Guy, qui avait choisi de faire ensuite appel pour obtenir l\u2019annulation de son limogeage.<\/p>\n<p>                                    <a class=\"fig-a11y-skip a11y-hidden\" href=\"#fig-a11y-skip-main-inarticle_mtf\"><br \/>\n        Passer la publicit\u00e9<br \/>\n    <\/a><\/p>\n<p class=\"fig-paragraph\">Apr\u00e8s avoir rebondi sur RMC, le journaliste officiait r\u00e9guli\u00e8rement sur la cha\u00eene L\u2019\u00c9quipe. Le 25 juin dernier, il participait \u00e0 l\u2019\u00e9mission \u00abL\u2019\u00c9quipe du soir\u00bb dans laquelle il a r\u00e9agi \u00e0 ce nouvel \u00e9pisode judiciaire. \u00ab Mon licenciement est annul\u00e9 par la Cour d\u2019appel de Paris\u00a0\u00bb, a-t-il d\u2019abord d\u00e9clar\u00e9 avant d\u2019avoir un mot pour son avocat et pour ses anciens confr\u00e8res qui avaient, eux aussi, perdu leur emploi.<\/p>\n<p class=\"fig-paragraph\"><strong>\u00c0 lire aussi<\/strong>\u00a0<a href=\"http:\/\/tvmag.lefigaro.fr\/programme-tv\/actu-tele\/il-n-aimait-pas-trop-les-gens-autour-de-lui-sebastien-thoen-raconte-sa-mauvaise-experience-avec-antoine-de-caunes-20221104\" target=\"_blank\" data-fig-type=\"Article\" rel=\"noopener nofollow\" data-gtm-custom-categorie=\"navigation\" data-gtm-custom-action=\"crossclick\" data-gtm-custom-label=\"Contextuel\" data-gtm-event=\"customEventSPE\" data-fig-domain=\"TVMAG\">\u00abIl n\u2019aimait pas trop les gens autour de lui\u00bb\u00a0: S\u00e9bastien Thoen raconte sa mauvaise exp\u00e9rience avec Antoine de Caunes<\/a><\/p>\n<p class=\"fig-paragraph\">\u00ab Je suis tr\u00e8s heureux de rentrer \u00e0 la maison, \u00e7a c\u2019est s\u00fbr et surtout que les principes de cette affaire, qui \u00e9tait une affaire de libert\u00e9 d\u2019expression, de la limite de la libert\u00e9 d\u2019expression, de la d\u00e9ontologie des journalistes, soient consacr\u00e9s \u00e0 nouveau, r\u00e9affirm\u00e9s par la Cour d\u2019Appel de Paris\u00a0\u00bb, avait-il encore estim\u00e9.<\/p>\n","protected":false},"excerpt":{"rendered":"Par Emmanuelle Litaud AFP agence Le 23 juillet 2025 \u00e0 11h15 St\u00e9phane Guy sur le plateau de \u00abL\u2019\u00c9quipe&hellip;\n","protected":false},"author":2,"featured_media":267750,"comment_status":"","ping_status":"","sticky":false,"template":"","format":"standard","meta":{"footnotes":""},"categories":[1356],"tags":[10474,58,59,1011,27,252,1364],"class_list":{"0":"post-267749","1":"post","2":"type-post","3":"status-publish","4":"format-standard","5":"has-post-thumbnail","7":"category-television","8":"tag-canal","9":"tag-divertissement","10":"tag-entertainment","11":"tag-fr","12":"tag-france","13":"tag-television","14":"tag-tv"},"share_on_mastodon":{"url":"https:\/\/pubeurope.com\/@fr\/114902017314082340","error":""},"_links":{"self":[{"href":"https:\/\/www.europesays.com\/fr\/wp-json\/wp\/v2\/posts\/267749","targetHints":{"allow":["GET"]}}],"collection":[{"href":"https:\/\/www.europesays.com\/fr\/wp-json\/wp\/v2\/posts"}],"about":[{"href":"https:\/\/www.europesays.com\/fr\/wp-json\/wp\/v2\/types\/post"}],"author":[{"embeddable":true,"href":"https:\/\/www.europesays.com\/fr\/wp-json\/wp\/v2\/users\/2"}],"replies":[{"embeddable":true,"href":"https:\/\/www.europesays.com\/fr\/wp-json\/wp\/v2\/comments?post=267749"}],"version-history":[{"count":0,"href":"https:\/\/www.europesays.com\/fr\/wp-json\/wp\/v2\/posts\/267749\/revisions"}],"wp:featuredmedia":[{"embeddable":true,"href":"https:\/\/www.europesays.com\/fr\/wp-json\/wp\/v2\/media\/267750"}],"wp:attachment":[{"href":"https:\/\/www.europesays.com\/fr\/wp-json\/wp\/v2\/media?parent=267749"}],"wp:term":[{"taxonomy":"category","embeddable":true,"href":"https:\/\/www.europesays.com\/fr\/wp-json\/wp\/v2\/categories?post=267749"},{"taxonomy":"post_tag","embeddable":true,"href":"https:\/\/www.europesays.com\/fr\/wp-json\/wp\/v2\/tags?post=267749"}],"curies":[{"name":"wp","href":"https:\/\/api.w.org\/{rel}","templated":true}]}}