{"id":267755,"date":"2025-07-23T10:15:16","date_gmt":"2025-07-23T10:15:16","guid":{"rendered":"https:\/\/www.europesays.com\/fr\/267755\/"},"modified":"2025-07-23T10:15:16","modified_gmt":"2025-07-23T10:15:16","slug":"pourquoi-le-smartphone-avant-13-ans-nuit-gravement-a-la-sante-mentale-des-enfants","status":"publish","type":"post","link":"https:\/\/www.europesays.com\/fr\/267755\/","title":{"rendered":"Pourquoi le smartphone avant 13 ans nuit gravement \u00e0 la sant\u00e9 mentale des enfants?"},"content":{"rendered":"<p>             <a href=\"https:\/\/ma-sante.news\/wp-content\/uploads\/2025\/07\/Etude-americaine-smartphone-trop-tot-impact-sante-mentale-ma-sante.jpg\" data-caption=\"Selon l&#039;\u00e9tude, l&#039;impact sur la sant\u00e9 mentale des filles est encore plus lourd que chez les gar\u00e7ons. \u00a9 Freepik\" target=\"_blank\" rel=\"noopener\"><img loading=\"lazy\" decoding=\"async\" width=\"696\" height=\"465\" class=\"entry-thumb td-modal-image\" src=\"data:image\/svg+xml,%3Csvg%20xmlns=\" http:=\"\" data-lazy- data-lazy- alt=\"Un groupe de jeunes filles avec leurs smartphones.\" title=\"Etude americaine smartphone trop tot impact sante mentale ma sante\" data-lazy-src=\"https:\/\/www.europesays.com\/fr\/wp-content\/uploads\/2025\/07\/Etude-americaine-smartphone-trop-tot-impact-sante-mentale-ma-sante-696x465.jpg\"\/><\/a>Selon l&rsquo;\u00e9tude, l&rsquo;impact sur la sant\u00e9 mentale des filles est encore plus lourd que chez les gar\u00e7ons. \u00a9 Freepik                                    \t\t\t             <a class=\"gofollow\" data-track=\"MjgsMCwxLDYw\" href=\"https:\/\/ma-sante.news\/inscrivez-vous-a-notre-newsletter\/\" target=\"_blank\" rel=\"noopener\"><img loading=\"lazy\" decoding=\"async\" width=\"1068\" height=\"131\" src=\"data:image\/svg+xml,%3Csvg%20xmlns=\" http:=\"\" data-lazy-src=\"https:\/\/www.europesays.com\/fr\/wp-content\/uploads\/2025\/03\/banniere-newsletter.png\"\/><\/a> <\/p>\n<p>En 2023, l\u2019\u00e2ge moyen d\u2019obtention du premier smartphone en France s\u2019\u00e9tablissait \u00e0 9 ans et 9 mois. Cela signifie qu\u2019un grand nombre d\u2019enfants ont un t\u00e9l\u00e9phone dans les mains d\u00e8s le CE2 ou CM1, en plein dans l\u2019\u00e2ge de la construction cognitive, de l\u2019apprentissage et de l\u2019acquisition des codes relationnels. <\/p>\n<p>Le r\u00e9flexe des parents est souvent le m\u00eame : g\u00e9olocaliser, rassurer, garder le contact. Pourtant, <a href=\"https:\/\/ma-sante.news\/dangers-des-ecrans-la-sante-des-jeunes-en-peril\/\" target=\"_blank\" rel=\"noopener\">comme le mart\u00e8lent de nombreux p\u00e9dopsychiatres<\/a>, le smartphone ne se contente pas de permettre des appels. Il ouvre en r\u00e9alit\u00e9 la porte \u00e0 tout un univers dont l\u2019enfant n\u2019a ni les codes, ni la maturit\u00e9 pour se d\u00e9fendre.<\/p>\n<p>Plus c\u2019est t\u00f4t, plus l\u2019impact est terrible. C\u2019est pr\u00e9cis\u00e9ment ce que confirme une \u00e9tude am\u00e9ricaine men\u00e9e par l\u2019ONG Sapien Labs, publi\u00e9e le 20 juillet 2025 dans le<a href=\"https:\/\/www.tandfonline.com\/doi\/full\/10.1080\/19452829.2025.2518313#d1e409\" target=\"_blank\" rel=\"noreferrer noopener\"> Journal of Human D\u00e9veloppement and Capabilities<\/a> et relay\u00e9e par CNN. <\/p>\n<p>Bas\u00e9e sur les r\u00e9ponses de plus de 100 000 jeunes adultes de 18 \u00e0 24 ans issus de 163 pays, elle d\u00e9montre un lien direct entre l\u2019\u00e2ge d\u2019obtention du premier smartphone et la sant\u00e9 mentale \u00e0 l\u2019\u00e2ge adulte. Le verdict est clair et limpide : plus le t\u00e9l\u00e9phone est acquis jeune, <a href=\"https:\/\/ma-sante.news\/sante-mentale-des-jeunes-pourquoi-les-collegiens-et-lyceens-vont-ils-si-mal\/\" target=\"_blank\" rel=\"noopener\">plus les troubles sont importants<\/a>.<\/p>\n<p>        Smartphone trop t\u00f4t : une r\u00e9percussion \u00e9vidente sur la sant\u00e9 mentale    <\/p>\n<p>L\u2019\u00e9tude r\u00e9v\u00e8le que les filles ayant eu un smartphone \u00e0 l\u2019\u00e2ge de 6 ans pr\u00e9sentent jusqu\u2019\u00e0 48 % de pens\u00e9es suicidaires \u00e0 l\u2019\u00e2ge adulte, contre 28 % chez celles ayant attendu 13 ans. Les gar\u00e7ons ne sont pas \u00e9pargn\u00e9s, m\u00eame si les formes diff\u00e8rent : on observe chez eux une baisse marqu\u00e9e de la r\u00e9silience \u00e9motionnelle, de l\u2019empathie, et de la stabilit\u00e9 int\u00e9rieure.<\/p>\n<p>Les risques identifi\u00e9s vont bien au-del\u00e0 du simple mal-\u00eatre passager. Ils incluent des troubles anxieux, une faible estime de soi, une perte du lien avec la r\u00e9alit\u00e9, voire des hallucinations dans les cas extr\u00eames. Un enfant expos\u00e9 trop t\u00f4t \u00e0 un smartphone voit son d\u00e9veloppement \u00e9motionnel s\u00e9rieusement alt\u00e9r\u00e9.<\/p>\n<p>        Pourquoi le smartphone d\u00e9r\u00e8gle le cerveau des enfants    <strong>Une exposition massive \u00e0 des contenus inadapt\u00e9s<\/strong>    <\/p>\n<p>Le premier danger, c\u2019est l\u2019acc\u00e8s \u00e0 des contenus que l\u2019enfant n\u2019est tout simplement pas capable d\u2019analyser. R\u00e9seaux sociaux, vid\u00e9os violentes, discours haineux, sexualisation pr\u00e9coce, fausses informations : tout est \u00e0 port\u00e9e de clic. L\u2019enfant n\u2019a ni le recul, ni les outils pour filtrer.<\/p>\n<p>L\u2019algorithme ne fait pas de diff\u00e9rence entre un adulte et un enfant. D\u00e8s lors, ce sont les contenus les plus engageants \u2013 donc souvent les plus choquants ou extr\u00eames \u2013 qui apparaissent en priorit\u00e9. Les cons\u00e9quences sur l\u2019image de soi sont imm\u00e9diates : comparaison permanente, sentiment d\u2019inf\u00e9riorit\u00e9, qu\u00eate de validation sociale \u00e0 tout prix.<\/p>\n<p>        <strong>Le pi\u00e8ge de la d\u00e9pendance num\u00e9rique<\/strong>    <\/p>\n<p>Le smartphone est con\u00e7u pour captiver. Notifications, sons, vibrations, likes, reels, stories : tout est pens\u00e9 pour maintenir l\u2019attention. Or, le cerveau d\u2019un enfant, encore en d\u00e9veloppement, est particuli\u00e8rement vuln\u00e9rable \u00e0 ces m\u00e9canismes addictifs.<\/p>\n<p>Les chercheurs observent une <a href=\"https:\/\/ma-sante.news\/ecrans-et-smartphones-les-nouveaux-fleaux-qui-ravagent-les-colleges\/\" target=\"_blank\" rel=\"noopener\">baisse spectaculaire du bien-\u00eatre mental<\/a> chez ceux qui utilisent intensivement leur t\u00e9l\u00e9phone avant 13 ans. Sur une \u00e9chelle allant jusqu\u2019\u00e0 100, les enfants \u00e9quip\u00e9s d\u00e8s 5 ans obtiennent un score de 1 \u00e0 3, contre 30 \u00e0 40 pour ceux ayant attendu le d\u00e9but de l\u2019adolescence.<\/p>\n<p>        Smartphones et r\u00e9seaux sociaux : ce que dit la loi en France ?    <strong>Un cadre encore trop flou pour les r\u00e9seaux sociaux<\/strong>    <\/p>\n<p>En France, l\u2019acc\u00e8s aux r\u00e9seaux sociaux est officiellement interdit aux moins de 13 ans, mais cette r\u00e8gle est largement contourn\u00e9e. Il suffit de mentir sur son \u00e2ge pour cr\u00e9er un compte. TikTok, Instagram ou Snapchat sont ainsi fr\u00e9quent\u00e9s d\u00e8s le primaire. Et cela, sans aucun filtre, ni contr\u00f4le parental efficace.<\/p>\n<p>Face \u00e0 ces d\u00e9rives, <a href=\"https:\/\/ma-sante.news\/addiction-aux-smartphones-pour-les-enseignants-cest-un-probleme-majeur\/\" target=\"_blank\" rel=\"noopener\">d\u00e9nonc\u00e9es par quelques rares collectifs de parents effar\u00e9s<\/a>, de timides r\u00e9action se font jour. Le 3 juillet, le gouvernement a annonc\u00e9 l\u2019interdiction d\u2019exposer les enfants de moins de 3 ans aux \u00e9crans dans les cr\u00e8ches et les lieux d\u2019accueil publics. Une nouvelle \u00e9tape a \u00e9t\u00e9 franchie avec l\u2019annonce de l\u2019extension de la pause num\u00e9rique, test\u00e9e dans 200 \u00e9tablissements en France, dans tous les coll\u00e8ges \u00e0 la rentr\u00e9e 2025, afin de limiter l\u2019usage du smartphone en milieu scolaire.<\/p>\n<p>L\u2019interdiction des r\u00e9seaux sociaux avant 15 ans est \u00e9voqu\u00e9e. Tout comme celle du smartphone avant 11 ans, comme l\u2019avait sugg\u00e9r\u00e9 le pr\u00e9sident de la R\u00e9publique, Emmanuel Macron, en juin 2024. <\/p>\n<p>Ces mesures, bien qu\u2019insuffisantes pour certains experts, vont dans le bon sens. Elles s\u2019inspirent de ce qui se fait d\u00e9j\u00e0 ailleurs.<\/p>\n<p>        <strong>D\u2019autres pays vont d\u00e9j\u00e0 plus loin<\/strong>    <\/p>\n<p>L\u2019Italie a r\u00e9cemment interdit l\u2019utilisation des smartphones dans les \u00e9coles primaires et les coll\u00e8ges, sauf pour des usages p\u00e9dagogiques strictement encadr\u00e9s. Cette restriction sera \u00e9tendue aux lyc\u00e9es transalpins \u00e0 la prochaine rentr\u00e9e scolaire. <\/p>\n<p>Dans les pays scandinaves, les politiques publiques vont encore plus loin. La Su\u00e8de a retir\u00e9 les tablettes de toutes les \u00e9coles maternelles publiques en 2024. La Finlande, quant \u00e0 elle, a r\u00e9introduit l\u2019apprentissage sur papier au primaire et d\u00e9conseille formellement les \u00e9crans avant 12 ans.<\/p>\n<p>Ces choix ne rel\u00e8vent pas du conservatisme num\u00e9rique, mais d\u2019une lecture \u00e9clair\u00e9e des donn\u00e9es scientifiques : moins d\u2019\u00e9crans, c\u2019est plus de bien-\u00eatre, plus de concentration, plus de sommeil, et moins de troubles \u00e9motionnels.<\/p>\n<p>        Que faire en tant que parent ?    <strong>Repousser l\u2019\u00e2ge du premier smartphone<\/strong>    <\/p>\n<p>Le message des chercheurs est clair : pas de smartphone avant au moins 13 ou 14 ans, et si un besoin de contact se fait sentir, opter pour un t\u00e9l\u00e9phone \u00e0 l\u2019ancienne, sans internet ni r\u00e9seau social. Ce choix peut sembler radical, mais il prot\u00e8ge durablement.<\/p>\n<p>De nombreux parents ayant franchi le pas t\u00e9moignent d\u2019une am\u00e9lioration de la communication familiale, d\u2019un meilleur sommeil chez leur enfant, et d\u2019un retour \u00e0 des loisirs plus sains.<\/p>\n<p>        <strong>Accompagner et encadrer les usages num\u00e9riques<\/strong>    <\/p>\n<p>Si l\u2019enfant poss\u00e8de d\u00e9j\u00e0 un smartphone, tout n\u2019est pas perdu. Il est essentiel de poser des r\u00e8gles claires\u202f: pas d\u2019\u00e9cran le soir, pas dans la chambre, pas \u00e0 table. Installer des outils de contr\u00f4le parental est utile, mais pas suffisant. Le dialogue reste la cl\u00e9. Comprendre ce que l\u2019enfant regarde, avec qui il interagit, ce qui l\u2019amuse ou l\u2019angoisse est fondamental.<\/p>\n<p>L\u2019id\u00e9al serait d\u2019introduire l\u2019\u00e9ducation au num\u00e9rique d\u00e8s l\u2019\u00e9cole primaire, avec des ateliers sur les algorithmes, les fake news, le harc\u00e8lement en ligne, la pression sociale, etc. Car un enfant bien form\u00e9 devient un adolescent mieux arm\u00e9.<\/p>\n<blockquote class=\"wp-block-quote is-layout-flow wp-block-quote-is-layout-flow\">\n<p><strong>\u00c0 SAVOIR<\/strong><\/p>\n<p>En avril dernier, la Soci\u00e9t\u00e9 Fran\u00e7aise de P\u00e9diatrie publiait le message suivant, justifiant une interdiction totale des \u00e9crans avant 6 ans\u00a0: \u00ab\u00a0cet appel \u00e0 une prise de conscience collective s\u2019adresse aux jeunes parents, aux enseignants, \u00e9ducateurs et p\u00e9dagogues, aux soignants, aux d\u00e9cideurs politiques et \u00e0 toutes celles et ceux qui s\u2019int\u00e9ressent \u00e0 la sant\u00e9 des enfants. La v\u00e9rit\u00e9 est parfois difficile \u00e0 entendre. Les cons\u00e9quences d\u2019une exposition pr\u00e9coce et prolong\u00e9e aux \u00e9crans sont av\u00e9r\u00e9es et ont d\u00e9j\u00e0 lourdement impact\u00e9 une jeune g\u00e9n\u00e9ration sacrifi\u00e9e sur l\u2019autel de la m\u00e9connaissance\u2026 Mais en 2025, le doute n\u2019est plus permis et les tr\u00e8s nombreuses publications scientifiques internationales sont l\u00e0 pour nous le rappeler. Ni la technologie de l\u2019\u00e9cran ni ses contenus, y compris ceux pr\u00e9tendument \u00ab \u00e9ducatifs \u00bb ne sont adapt\u00e9s \u00e0 un petit cerveau en d\u00e9veloppement. L\u2019enfant n\u2019est pas un adulte en miniature : ses besoins sont diff\u00e9rents.\u00a0\u00bb<\/p>\n<\/blockquote>\n<p>  <a class=\"gofollow\" data-track=\"MTIsMCwxLDYw\" href=\"https:\/\/ma-sante.news\/annonceurs\/\" target=\"_blank\" rel=\"noopener\"><img loading=\"lazy\" decoding=\"async\" width=\"2560\" height=\"2133\" src=\"data:image\/svg+xml,%3Csvg%20xmlns=\" http:=\"\" data-lazy-src=\"https:\/\/www.europesays.com\/fr\/wp-content\/uploads\/2025\/03\/pub-annonceurs-4-scaled.jpg\"\/><\/a>    <img loading=\"lazy\" decoding=\"async\" width=\"755\" height=\"495\" src=\"data:image\/svg+xml,%3Csvg%20xmlns=\" http:=\"\" data-lazy-src=\"https:\/\/www.europesays.com\/fr\/wp-content\/uploads\/2025\/03\/Image1.jpg\"\/>Inscrivez-vous \u00e0 notre newsletter <br \/>Ma Sant\u00e9                      <\/p>\n","protected":false},"excerpt":{"rendered":"Selon l&rsquo;\u00e9tude, l&rsquo;impact sur la sant\u00e9 mentale des filles est encore plus lourd que chez les gar\u00e7ons. \u00a9&hellip;\n","protected":false},"author":2,"featured_media":267756,"comment_status":"","ping_status":"","sticky":false,"template":"","format":"standard","meta":{"footnotes":""},"categories":[10],"tags":[1011,27,72,14372,71,531],"class_list":{"0":"post-267755","1":"post","2":"type-post","3":"status-publish","4":"format-standard","5":"has-post-thumbnail","7":"category-sante","8":"tag-fr","9":"tag-france","10":"tag-health","11":"tag-ru00e9seaux-sociaux","12":"tag-sante","13":"tag-u00e9crans"},"share_on_mastodon":{"url":"https:\/\/pubeurope.com\/@fr\/114902029041532398","error":""},"_links":{"self":[{"href":"https:\/\/www.europesays.com\/fr\/wp-json\/wp\/v2\/posts\/267755","targetHints":{"allow":["GET"]}}],"collection":[{"href":"https:\/\/www.europesays.com\/fr\/wp-json\/wp\/v2\/posts"}],"about":[{"href":"https:\/\/www.europesays.com\/fr\/wp-json\/wp\/v2\/types\/post"}],"author":[{"embeddable":true,"href":"https:\/\/www.europesays.com\/fr\/wp-json\/wp\/v2\/users\/2"}],"replies":[{"embeddable":true,"href":"https:\/\/www.europesays.com\/fr\/wp-json\/wp\/v2\/comments?post=267755"}],"version-history":[{"count":0,"href":"https:\/\/www.europesays.com\/fr\/wp-json\/wp\/v2\/posts\/267755\/revisions"}],"wp:featuredmedia":[{"embeddable":true,"href":"https:\/\/www.europesays.com\/fr\/wp-json\/wp\/v2\/media\/267756"}],"wp:attachment":[{"href":"https:\/\/www.europesays.com\/fr\/wp-json\/wp\/v2\/media?parent=267755"}],"wp:term":[{"taxonomy":"category","embeddable":true,"href":"https:\/\/www.europesays.com\/fr\/wp-json\/wp\/v2\/categories?post=267755"},{"taxonomy":"post_tag","embeddable":true,"href":"https:\/\/www.europesays.com\/fr\/wp-json\/wp\/v2\/tags?post=267755"}],"curies":[{"name":"wp","href":"https:\/\/api.w.org\/{rel}","templated":true}]}}