{"id":267759,"date":"2025-07-23T10:17:09","date_gmt":"2025-07-23T10:17:09","guid":{"rendered":"https:\/\/www.europesays.com\/fr\/267759\/"},"modified":"2025-07-23T10:17:09","modified_gmt":"2025-07-23T10:17:09","slug":"mort-de-thierry-ardisson-une-star-francaise-doute-de-la-version-officielle-et-finit-par-retropedaler","status":"publish","type":"post","link":"https:\/\/www.europesays.com\/fr\/267759\/","title":{"rendered":"Mort de Thierry Ardisson : une star fran\u00e7aise doute de la version officielle et finit par r\u00e9trop\u00e9daler"},"content":{"rendered":"<p>      R\u00e9sum\u00e9<\/p>\n<p>Pierre M\u00e9n\u00e8s s\u2019exprime et pr\u00e9sente ses excuses apr\u00e8s une pol\u00e9mique li\u00e9e \u00e0 ses propos sur la dur\u00e9e de la maladie de Thierry Ardisson, d\u00e9c\u00e9d\u00e9 d\u2019un cancer du foie.<\/p>\n<p>        Sommaire<\/p>\n<p>Le monde de la t\u00e9l\u00e9vision pleure la disparition de <strong><a href=\"https:\/\/www.public.fr\/tag\/thierry-ardisson\" target=\"_blank\" rel=\"noopener\">Thierry Ardisson<\/a>, d\u00e9c\u00e9d\u00e9 le 14 juillet dernier \u00e0 l&rsquo;\u00e2ge de 76 ans des suites d&rsquo;un cancer du foie<\/strong>. Diagnostiqu\u00e9 en 2012, l&rsquo;animateur embl\u00e9matique s&rsquo;est battu pendant de longues ann\u00e9es contre la maladie. <\/p>\n<p>\u00ab\u00a0Je suis devenu tr\u00e8s, tr\u00e8s f\u00e9ru de ma maladie&#8230; je sais exactement ce que j&rsquo;ai et je sais exactement ce que font les traitements et tout. Mais quand j&rsquo;arrive \u00e0 l&rsquo;h\u00f4pital, je fais don de mon corps \u00e0 la science. \u00c0 partir du moment o\u00f9 je suis allong\u00e9 sur le lit, ils ont tout pouvoir. Ils font ce qu&rsquo;ils veulent\u00a0\u00bb, confiait-il d&rsquo;ailleurs dans le documentaire La face cach\u00e9e de l\u2019homme en noir,\u00a0r\u00e9alis\u00e9 par\u00a0sa femme Audrey Crespo-Mara.<\/p>\n<p>Pierre M\u00e9n\u00e8s : son avis tranch\u00e9 sur la maladie de Thierry Ardisson<\/p>\n<p>Surpris par ces r\u00e9v\u00e9lations, <a href=\"https:\/\/www.public.fr\/tag\/pierre-menes\" target=\"_blank\" rel=\"noopener\"><strong>Pierre M\u00e9n\u00e8s<\/strong><\/a> n&rsquo;a alors pas manqu\u00e9 de r\u00e9agir sur ses <a href=\"https:\/\/x.com\/PierreMenes\" target=\"_blank\" rel=\"noreferrer noopener\">r\u00e9seaux sociaux<\/a>. <\/p>\n<p>\u00ab\u00a0<strong>Treize ans pour un cancer du foie ?\u00a0\u00c7a me para\u00eet tr\u00e8s long<\/strong>. \u00c7a mettait largement le temps de mettre une greffe en place. <strong>Je n\u2019y crois pas.<\/strong> J\u2019ai \u00e9t\u00e9 greff\u00e9 du foie et ma maladie s&rsquo;est conclue avec un cancer. Je sais donc de quoi je parle\u00a0\u00bb, a-t-il tweet\u00e9. Un avis tranch\u00e9 qui a suscit\u00e9 de vives r\u00e9actions. <\/p>\n<p>Au c\u0153ur du scandale, le c\u00e9l\u00e8bre consultant sportif sp\u00e9cialis\u00e9 dans le football a donc \u00e9t\u00e9 dans l&rsquo;obligation de s&rsquo;expliquer. \u00ab\u00a0Je n\u2019ai jamais remis en cause le\u00a0cancer de Thierry\u00a0\u00bb, a-t-il d\u00e9clar\u00e9 via une vid\u00e9o YouTube. <\/p>\n<p>\u00ab\u00a0Pas tr\u00e8s adroit sur ce coup-l\u00e0\u00a0\u00bb<\/p>\n<p>\u00ab\u00a0<strong>Je me suis juste \u00e9tonn\u00e9 en tant que personne qui a \u00e9t\u00e9 greff\u00e9e du foie et\u00a0ayant un p\u00e8re mort d\u2019un cancer du foie\u00a0\u00e0 53 ans, emport\u00e9 en un an, je me suis \u00e9tonn\u00e9 qu\u2019on puisse trimballer un cancer du foie pendant 13 ans<\/strong>\u00ab\u00a0, a-t-il ajout\u00e9. <\/p>\n<p>Et de conclure ainsi : \u00ab\u00a0Mon tweet \u00e9tait extr\u00eamement maladroit et je le regrette vraiment. D\u2019abord parce que ce n\u2019\u00e9tait pas le moment de donner l\u2019illusion de lancer une pol\u00e9mique. Ce n\u2019\u00e9tait m\u00eame pas mon id\u00e9e de lancer une pol\u00e9mique. <strong>Je n\u2019\u00e9tais pas tr\u00e8s adroit sur ce coup-l\u00e0 et\u00a0je pr\u00e9sente mes excuses\u00a0aux gens qui ont pu \u00eatre bless\u00e9s ou heurt\u00e9s par ce commentaire<\/strong>\u00ab\u00a0. Un bad buzz pour Pierre M\u00e9n\u00e8s.<\/p>\n<p>      Mentionn\u00e9s dans cet article<\/p>\n<p>\u00c0 lire aussi<\/p>\n","protected":false},"excerpt":{"rendered":"R\u00e9sum\u00e9 Pierre M\u00e9n\u00e8s s\u2019exprime et pr\u00e9sente ses excuses apr\u00e8s une pol\u00e9mique li\u00e9e \u00e0 ses propos sur la dur\u00e9e&hellip;\n","protected":false},"author":2,"featured_media":267760,"comment_status":"","ping_status":"","sticky":false,"template":"","format":"standard","meta":{"footnotes":""},"categories":[8],"tags":[40720,58,59,1011,27,27885,10058],"class_list":{"0":"post-267759","1":"post","2":"type-post","3":"status-publish","4":"format-standard","5":"has-post-thumbnail","7":"category-divertissement","8":"tag-cancer-du-foie","9":"tag-divertissement","10":"tag-entertainment","11":"tag-fr","12":"tag-france","13":"tag-pierre-menes","14":"tag-thierry-ardisson"},"share_on_mastodon":{"url":"https:\/\/pubeurope.com\/@fr\/114902037070489467","error":""},"_links":{"self":[{"href":"https:\/\/www.europesays.com\/fr\/wp-json\/wp\/v2\/posts\/267759","targetHints":{"allow":["GET"]}}],"collection":[{"href":"https:\/\/www.europesays.com\/fr\/wp-json\/wp\/v2\/posts"}],"about":[{"href":"https:\/\/www.europesays.com\/fr\/wp-json\/wp\/v2\/types\/post"}],"author":[{"embeddable":true,"href":"https:\/\/www.europesays.com\/fr\/wp-json\/wp\/v2\/users\/2"}],"replies":[{"embeddable":true,"href":"https:\/\/www.europesays.com\/fr\/wp-json\/wp\/v2\/comments?post=267759"}],"version-history":[{"count":0,"href":"https:\/\/www.europesays.com\/fr\/wp-json\/wp\/v2\/posts\/267759\/revisions"}],"wp:featuredmedia":[{"embeddable":true,"href":"https:\/\/www.europesays.com\/fr\/wp-json\/wp\/v2\/media\/267760"}],"wp:attachment":[{"href":"https:\/\/www.europesays.com\/fr\/wp-json\/wp\/v2\/media?parent=267759"}],"wp:term":[{"taxonomy":"category","embeddable":true,"href":"https:\/\/www.europesays.com\/fr\/wp-json\/wp\/v2\/categories?post=267759"},{"taxonomy":"post_tag","embeddable":true,"href":"https:\/\/www.europesays.com\/fr\/wp-json\/wp\/v2\/tags?post=267759"}],"curies":[{"name":"wp","href":"https:\/\/api.w.org\/{rel}","templated":true}]}}