{"id":267765,"date":"2025-07-23T10:20:11","date_gmt":"2025-07-23T10:20:11","guid":{"rendered":"https:\/\/www.europesays.com\/fr\/267765\/"},"modified":"2025-07-23T10:20:11","modified_gmt":"2025-07-23T10:20:11","slug":"les-journalistes-de-lafp-alertent-sur-les-conditions-de-vie-de-leurs-collaborateurs-dans-lenclave-liberation","status":"publish","type":"post","link":"https:\/\/www.europesays.com\/fr\/267765\/","title":{"rendered":"les journalistes de l\u2019AFP alertent sur les conditions de vie de leurs collaborateurs dans l\u2019enclave \u2013 Lib\u00e9ration"},"content":{"rendered":"<p class=\"sc-ksZaOG ehjQrN text-element\">Ils s\u2019appellent Bashar et Ahlam. Ils sont journalistes et comme huit autres coll\u00e8gues, ils collaborent avec l\u2019Agence France-Presse (AFP) depuis la bande de Gaza. Ils sont<a href=\"https:\/\/www.liberation.fr\/international\/moyen-orient\/mohammed-zaanoun-photographe-palestinien-etre-journaliste-a-gaza-est-un-danger-a-part-entiere-20250604_NW55YW3F25FH5KYJJL5AZPLI4A\/\" target=\"_blank\" rel=\"noopener\" title=\"https:\/\/www.liberation.fr\/international\/moyen-orient\/mohammed-zaanoun-photographe-palestinien-etre-journaliste-a-gaza-est-un-danger-a-part-entiere-20250604_NW55YW3F25FH5KYJJL5AZPLI4A\/\"> parmi les derni\u00e8res voix<\/a> \u00e0 pouvoir encore t\u00e9moigner de ce qu\u2019il se passe dans cette zone dont ils ne peuvent sortir et o\u00f9 la presse internationale est interdite. Lundi 21 juillet, la soci\u00e9t\u00e9 des journalistes (SDJ) de l\u2019AFP alerte dans un communiqu\u00e9 que \u00absans intervention imm\u00e9diate, les derniers reporters de Gaza vont mourir\u00bb.<\/p>\n<p class=\"sc-ksZaOG ehjQrN text-element\">Bashar collabore pour l\u2019AFP depuis quize ans. Il a d\u00e9but\u00e9 comme fixeur (traducteur et interm\u00e9diaire pour d\u2019autres journalistes), puis comme photographe pigiste, avant de devenir photographe principal en 2024. \u00abJe n\u2019ai plus la force de travailler pour les m\u00e9dias. Mon corps est maigre et je ne peux plus travailler\u00bb, a-t-il \u00e9crit sur Facebook le samedi 19 juillet.<\/p>\n<p class=\"sc-ksZaOG ehjQrN text-element\">\u00abBashar, 30 ans, travaille et vit dans des conditions \u00e9gales \u00e0 celles de tous les Gazaouis, allant d\u2019un camp de r\u00e9fugi\u00e9s \u00e0 un autre camp au gr\u00e9 des bombardements isra\u00e9liens\u00bb, d\u00e9crit la SDJ. Le journaliste vit d\u00e9sormais avec sa famille dans les ruines de sa maison, \u00e0 Gaza City, sans aucun confort except\u00e9 quelques coussins. Dimanche, son fr\u00e8re est \u00ab<a href=\"https:\/\/www.liberation.fr\/international\/moyen-orient\/gaza-le-seuil-de-famine-a-t-il-ete-franchi-20250626_6YZQR552JZHDXD5JEM7NRVTZBU\/\" target=\"_blank\" rel=\"noopener\" title=\"https:\/\/www.liberation.fr\/international\/moyen-orient\/gaza-le-seuil-de-famine-a-t-il-ete-franchi-20250626_6YZQR552JZHDXD5JEM7NRVTZBU\/\">tomb\u00e9 \u00e0 cause de la faim<\/a>\u00bb et Bashar a publi\u00e9 se sentir \u00abvaincu\u00bb, \u00abpour la premi\u00e8re fois\u00bb. Ahlam, elle, survit dans une tente au sud de Gaza. \u00abLe plus gros probl\u00e8me, confirme-t-elle [\u00e0 l\u2019AFP], c\u2019est le manque de nourriture et d\u2019eau\u00bb.<\/p>\n<p class=\"sc-ksZaOG ehjQrN text-element\">Le communiqu\u00e9 affirme que l\u2019AFP continue \u00e0 verser un salaire \u00e0 ses journalistes palestiniens mais \u00abil n\u2019y a rien \u00e0 acheter ou alors \u00e0 des prix totalement exorbitants. Le syst\u00e8me bancaire a disparu\u00bb. Sans possibilit\u00e9 de se procurer de l\u2019essence et d\u2019avoir un v\u00e9hicule, \u00ables reporters de l\u2019AFP se d\u00e9placent \u00e0 pied ou en charrette tir\u00e9e par un \u00e2ne\u00bb. Dans ces conditions, l\u2019agence l\u2019affirme : \u00abNous refusons de les voir mourir.\u00bb \u00abNous voyons leur situation empirer. Ils sont jeunes et leur force les quitte, \u00e9crit la SDJ. La plupart n\u2019ont plus la capacit\u00e9 physique de parcourir l\u2019enclave pour faire leur m\u00e9tier. Leurs appels au secours, d\u00e9chirants, sont d\u00e9sormais quotidiens.\u00bb L\u2019Agence France-Presse craint \u00abd\u2019apprendre leur mort \u00e0 tout moment\u00bb.<\/p>\n<p class=\"sc-ksZaOG ehjQrN text-element\"><a href=\"https:\/\/x.com\/afpfr\/status\/1947392010660282550\" target=\"_blank\" rel=\"\" title=\"https:\/\/x.com\/afpfr\/status\/1947392010660282550\">Sur X,<\/a> la direction de l\u2019AFP<a href=\"https:\/\/www.liberation.fr\/idees-et-debats\/opinions\/journalistes-nous-nous-declarons-solidaires-de-nos-collegues-de-gaza-20250413_5TOXIFNIYNCHLFHH3ESX4DTVMM\/\" target=\"_blank\" rel=\"noopener\" title=\"https:\/\/www.liberation.fr\/idees-et-debats\/opinions\/journalistes-nous-nous-declarons-solidaires-de-nos-collegues-de-gaza-20250413_5TOXIFNIYNCHLFHH3ESX4DTVMM\/\"> d\u00e9clare partager \u00abl\u2019angoisse exprim\u00e9e par la SDJ <\/a>quant \u00e0 la situation effroyable de ses collaborateurs dans la bande de Gaza\u00bb. Apr\u00e8s avoir r\u00e9ussi \u00e0 faire \u00e9vacuer ses huit salari\u00e9s de Gaza, ainsi que leurs familles, entre janvier et avril 2024, l\u2019AFP s\u2019\u00e9vertue \u00e0 faire de m\u00eames pour ses collaborateurs pigistes \u00abmalgr\u00e9 l\u2019extr\u00eame difficult\u00e9 de sortir d\u2019un territoire soumis \u00e0 un blocus strict\u00bb.<\/p>\n<p class=\"sc-ksZaOG ehjQrN text-element\">Sur France Inter mardi 22 juillet, le ministre des Affaires \u00e9trang\u00e8res Jean-No\u00ebl Barrot dit s\u2019\u00eatre saisi \u00abde cette question\u00bb, et avoir \u00abbon espoir de pouvoir, comme nous l\u2019avons fait \u00e0 plusieurs reprises dans des conditions extr\u00eamement \u00e9prouvantes et exigeantes, faire sortir quelques collaborateurs de journalistes dans les prochaines semaines.\u00bb Il a ajout\u00e9 demander \u00abque la presse libre et ind\u00e9pendante puisse acc\u00e9der \u00e0 Gaza pour montrer ce qu\u2019il s\u2019y passe et pour en t\u00e9moigner\u00bb.<\/p>\n<p class=\"sc-ksZaOG ehjQrN text-element\">\u00abDepuis que l\u2019AFP a \u00e9t\u00e9 fond\u00e9e en ao\u00fbt 1944, nous avons perdu des journalistes dans des conflits, nous avons eu des bless\u00e9s et des prisonniers dans nos rangs, mais aucun de nous n\u2019a le souvenir d\u2019avoir vu un collaborateur mourir de faim\u00bb, conclut la SDJ de l\u2019AFP. Les Gazaouis sont en permanence tiraill\u00e9s entre le fait d\u2019aller chercher de l\u2019aide alimentaire, restreinte \u00e0 Gaza et <a href=\"https:\/\/www.liberation.fr\/international\/moyen-orient\/journal-dune-gazaouie-le-message-est-sans-equivoque-vous-ne-mangerez-que-si-vous-vous-inclinez-20250626_AOLTVDFRNRC2NIMO72NF7IV4KE\/\" target=\"_blank\" rel=\"noopener\" title=\"https:\/\/www.liberation.fr\/international\/moyen-orient\/journal-dune-gazaouie-le-message-est-sans-equivoque-vous-ne-mangerez-que-si-vous-vous-inclinez-20250626_AOLTVDFRNRC2NIMO72NF7IV4KE\/\">o\u00f9 ils risquent d\u2019\u00eatre victimes de tirs d\u2019Isra\u00ebl<\/a>, et mourir de faim. Dimanche encore,<a href=\"https:\/\/www.liberation.fr\/international\/moyen-orient\/a-gaza-la-famine-et-le-piege-mortel-des-distributions-daide-humanitaire-20250721_ZPHAOPPSLBGSTKGQBNQOS2F5EA\/\" target=\"_blank\" rel=\"noopener\" title=\"https:\/\/www.liberation.fr\/international\/moyen-orient\/a-gaza-la-famine-et-le-piege-mortel-des-distributions-daide-humanitaire-20250721_ZPHAOPPSLBGSTKGQBNQOS2F5EA\/\"> 93 personnes ont \u00e9t\u00e9 tu\u00e9es<\/a> dans des tirs isra\u00e9liens alors qu\u2019elles essayaient de r\u00e9cup\u00e9rer de l\u2019aide humanitaire.<\/p>\n<p class=\"sc-ksZaOG ehjQrN text-element\">Isra\u00ebl a jur\u00e9 de d\u00e9truire le Hamas et a lanc\u00e9 en repr\u00e9sailles des massacres du 7 Octobre une offensive destructrice dans laquelle au moins 58 895 personnes, majoritairement des civils, ont \u00e9t\u00e9 tu\u00e9es, selon des donn\u00e9es du minist\u00e8re de la Sant\u00e9 \u00e0 Gaza, jug\u00e9es fiables par l\u2019ONU. Reporters sans fronti\u00e8res estime qu\u2019environ 200 journalistes ont \u00e9t\u00e9 tu\u00e9s \u00e0 Gaza, dont 43 dans l\u2019exercice de leurs fonctions.<\/p>\n","protected":false},"excerpt":{"rendered":"Ils s\u2019appellent Bashar et Ahlam. Ils sont journalistes et comme huit autres coll\u00e8gues, ils collaborent avec l\u2019Agence France-Presse&hellip;\n","protected":false},"author":2,"featured_media":267766,"comment_status":"","ping_status":"","sticky":false,"template":"","format":"standard","meta":{"footnotes":""},"categories":[5],"tags":[11,1011,27,3517,14,664,3523,12,3518,28],"class_list":{"0":"post-267765","1":"post","2":"type-post","3":"status-publish","4":"format-standard","5":"has-post-thumbnail","7":"category-international","8":"tag-actualites","9":"tag-fr","10":"tag-france","11":"tag-gaza-l-escalade","12":"tag-international","13":"tag-israel","14":"tag-israel-palestine-conflit","15":"tag-news","16":"tag-palestine","17":"tag-world"},"share_on_mastodon":{"url":"https:\/\/pubeurope.com\/@fr\/114902048782078028","error":""},"_links":{"self":[{"href":"https:\/\/www.europesays.com\/fr\/wp-json\/wp\/v2\/posts\/267765","targetHints":{"allow":["GET"]}}],"collection":[{"href":"https:\/\/www.europesays.com\/fr\/wp-json\/wp\/v2\/posts"}],"about":[{"href":"https:\/\/www.europesays.com\/fr\/wp-json\/wp\/v2\/types\/post"}],"author":[{"embeddable":true,"href":"https:\/\/www.europesays.com\/fr\/wp-json\/wp\/v2\/users\/2"}],"replies":[{"embeddable":true,"href":"https:\/\/www.europesays.com\/fr\/wp-json\/wp\/v2\/comments?post=267765"}],"version-history":[{"count":0,"href":"https:\/\/www.europesays.com\/fr\/wp-json\/wp\/v2\/posts\/267765\/revisions"}],"wp:featuredmedia":[{"embeddable":true,"href":"https:\/\/www.europesays.com\/fr\/wp-json\/wp\/v2\/media\/267766"}],"wp:attachment":[{"href":"https:\/\/www.europesays.com\/fr\/wp-json\/wp\/v2\/media?parent=267765"}],"wp:term":[{"taxonomy":"category","embeddable":true,"href":"https:\/\/www.europesays.com\/fr\/wp-json\/wp\/v2\/categories?post=267765"},{"taxonomy":"post_tag","embeddable":true,"href":"https:\/\/www.europesays.com\/fr\/wp-json\/wp\/v2\/tags?post=267765"}],"curies":[{"name":"wp","href":"https:\/\/api.w.org\/{rel}","templated":true}]}}