{"id":267767,"date":"2025-07-23T10:21:13","date_gmt":"2025-07-23T10:21:13","guid":{"rendered":"https:\/\/www.europesays.com\/fr\/267767\/"},"modified":"2025-07-23T10:21:13","modified_gmt":"2025-07-23T10:21:13","slug":"la-derniere-compagne-du-suspect-qui-affirme-avoir-recueilli-ses-aveux-entendue-par-les-gendarmes","status":"publish","type":"post","link":"https:\/\/www.europesays.com\/fr\/267767\/","title":{"rendered":"La derni\u00e8re compagne du suspect, qui affirme avoir recueilli ses aveux, entendue par les gendarmes"},"content":{"rendered":"<p>L\u2019audition a commenc\u00e9 ce mercredi matin vers 10 heures. L\u2019ex-petite amie de<a href=\"https:\/\/www.20minutes.fr\/faits_divers\/affaire-jubillar\/\" class=\"color-ultramarine c-link\" target=\"_blank\" rel=\"noopener\"> C\u00e9dric Jubillar<\/a>, soup\u00e7onn\u00e9 d\u2019avoir tu\u00e9 sa femme, Delphine, est actuellement entendue par les gendarmes de la section de recherches de <a href=\"https:\/\/www.20minutes.fr\/toulouse\/\" class=\"color-ultramarine c-link\" target=\"_blank\" rel=\"noopener\">Toulouse<\/a>, a appris 20 Minutes de source proche de l\u2019enqu\u00eate, confirmant une information de <a href=\"https:\/\/www.bfmtv.com\/police-justice\/info-bfmtv-la-derniere-compagne-de-cedric-jubillar-est-actuellement-entendue-par-les-enqueteurs_AN-202507230215.html\" rel=\"nofollow noopener\" target=\"_blank\" class=\"color-ultramarine c-link\">BFM<\/a>. Cette audition, qui s\u2019inscrit dans le cadre du suppl\u00e9ment d\u2019information r\u00e9clam\u00e9 par la pr\u00e9sidente de la cour d\u2019assises du Tarn, vise \u00e0 <a href=\"https:\/\/www.20minutes.fr\/justice\/4164606-20250721-affaire-jubillar-conjointe-cedric-jubillar-affirme-avoir-obtenu-aveux-bientot-auditionnee\" target=\"_blank\" class=\"color-ultramarine c-link\" rel=\"noopener\">pr\u00e9ciser ses propos sur d\u2019\u00e9ventuels aveux de C\u00e9dric Jubillar<\/a> avant son proc\u00e8s en septembre\u00a02022.<\/p>\n<\/p>\n<p>Cette femme, qui s\u2019est mise en couple avec le suspect en mars\u00a02023, alors qu\u2019il \u00e9tait d\u00e9j\u00e0 mis en examen et \u00e9crou\u00e9, a confi\u00e9 \u00e0 la presse que <a href=\"https:\/\/www.20minutes.fr\/justice\/4163172-20250711-affaire-jubillar-cedric-jubillar-confie-ex-petite-amie-avoir-etrangle-celine\" target=\"_blank\" class=\"color-ultramarine c-link\" rel=\"noopener\">C\u00e9dric Jubillar avait reconnu avoir \u00e9trangl\u00e9 son \u00e9pouse<\/a> \u2013 mimant m\u00eame le geste \u2013 apr\u00e8s avoir d\u00e9couvert qu\u2019elle entretenait une liaison. Il lui aurait \u00e9galement confi\u00e9 avoir dissimul\u00e9 son corps dans une exploitation agricole \u00e0 une quinzaine de kilom\u00e8tres de leur maison de Cagnac-les-Mines. Le suspect a toujours ni\u00e9 son implication et <a href=\"https:\/\/www.20minutes.fr\/justice\/4071276-20240620-affaire-jubillar-exercice-delicat-comment-juger-meurtre-lorsqu-ni-corps-ni-aveux\" target=\"_blank\" class=\"color-ultramarine c-link\" rel=\"noopener\">le corps de l\u2019infirmi\u00e8re de 33 ans n\u2019a jamais \u00e9t\u00e9 retrouv\u00e9.<\/a><\/p>\n<p>Si ses propos apparaissent cr\u00e9dibles et suffisamment \u00e9tay\u00e9s de nouvelles recherches pourraient \u00eatre ordonn\u00e9es.<\/p>\n","protected":false},"excerpt":{"rendered":"L\u2019audition a commenc\u00e9 ce mercredi matin vers 10 heures. L\u2019ex-petite amie de C\u00e9dric Jubillar, soup\u00e7onn\u00e9 d\u2019avoir tu\u00e9 sa&hellip;\n","protected":false},"author":2,"featured_media":267768,"comment_status":"","ping_status":"","sticky":false,"template":"","format":"standard","meta":{"footnotes":""},"categories":[4],"tags":[47,11,33044,1067,118,1011,27,3381,303,777,12,25,104,797],"class_list":{"0":"post-267767","1":"post","2":"type-post","3":"status-publish","4":"format-standard","5":"has-post-thumbnail","7":"category-france","8":"tag-actualite","9":"tag-actualites","10":"tag-affaire-jubillar","11":"tag-enquete","12":"tag-faits-divers","13":"tag-fr","14":"tag-france","15":"tag-gendarmerie","16":"tag-justice","17":"tag-meurtre","18":"tag-news","19":"tag-republique-francaise","20":"tag-societe","21":"tag-violences-faites-aux-femmes"},"share_on_mastodon":{"url":"https:\/\/pubeurope.com\/@fr\/114902052564448086","error":""},"_links":{"self":[{"href":"https:\/\/www.europesays.com\/fr\/wp-json\/wp\/v2\/posts\/267767","targetHints":{"allow":["GET"]}}],"collection":[{"href":"https:\/\/www.europesays.com\/fr\/wp-json\/wp\/v2\/posts"}],"about":[{"href":"https:\/\/www.europesays.com\/fr\/wp-json\/wp\/v2\/types\/post"}],"author":[{"embeddable":true,"href":"https:\/\/www.europesays.com\/fr\/wp-json\/wp\/v2\/users\/2"}],"replies":[{"embeddable":true,"href":"https:\/\/www.europesays.com\/fr\/wp-json\/wp\/v2\/comments?post=267767"}],"version-history":[{"count":0,"href":"https:\/\/www.europesays.com\/fr\/wp-json\/wp\/v2\/posts\/267767\/revisions"}],"wp:featuredmedia":[{"embeddable":true,"href":"https:\/\/www.europesays.com\/fr\/wp-json\/wp\/v2\/media\/267768"}],"wp:attachment":[{"href":"https:\/\/www.europesays.com\/fr\/wp-json\/wp\/v2\/media?parent=267767"}],"wp:term":[{"taxonomy":"category","embeddable":true,"href":"https:\/\/www.europesays.com\/fr\/wp-json\/wp\/v2\/categories?post=267767"},{"taxonomy":"post_tag","embeddable":true,"href":"https:\/\/www.europesays.com\/fr\/wp-json\/wp\/v2\/tags?post=267767"}],"curies":[{"name":"wp","href":"https:\/\/api.w.org\/{rel}","templated":true}]}}