{"id":267769,"date":"2025-07-23T10:22:10","date_gmt":"2025-07-23T10:22:10","guid":{"rendered":"https:\/\/www.europesays.com\/fr\/267769\/"},"modified":"2025-07-23T10:22:10","modified_gmt":"2025-07-23T10:22:10","slug":"pourquoi-donald-trump-parle-t-il-de-jeter-barack-obama-en-prison-pour-trahison-liberation","status":"publish","type":"post","link":"https:\/\/www.europesays.com\/fr\/267769\/","title":{"rendered":"Pourquoi Donald Trump parle-t-il de jeter Barack Obama en prison pour \u00abtrahison\u00bb\u00a0? \u2013 Lib\u00e9ration"},"content":{"rendered":"<p class=\"sc-ksZaOG ehjQrN text-element\">Du jamais vu : un Barack Obama et un Donald Trump aux traits rajeunis se tiennent assis c\u00f4te \u00e0 c\u00f4te dans le Bureau Ovale, quand le YMCA des Village People retentit, accompagnant l\u2019entr\u00e9e en sc\u00e8ne de deux agents du FBI. Ceux-l\u00e0 mettent soudain l\u2019ancien pr\u00e9sident d\u00e9mocrate \u00e0 genoux, et lui passent les menottes, sous le regard d\u2019un Trump parfaitement hilare. S\u2019ensuivront des vues d\u2019Obama derri\u00e8re les barreaux d\u2019un p\u00e9nitencier, accoutr\u00e9 d\u2019une combinaison orange de d\u00e9tenu.<\/p>\n<p class=\"sc-ksZaOG ehjQrN text-element\">La s\u00e9quence a la tonalit\u00e9 grotesco-visqueuse du r\u00eave, d\u2019un fantasme ou d\u2019une hallucination en tr\u00e8s basse d\u00e9finition. Et c\u2019est pr\u00e9cis\u00e9ment ce qu\u2019elle est : relay\u00e9e dimanche 20 juillet par Donald Trump sur son r\u00e9seau Truth Social, elle a manifestement \u00e9t\u00e9 g\u00e9n\u00e9r\u00e9e par une intelligence artificielle \u00e0 partir de la captation de l\u2019authentique entrevue des hommes le 20 novembre 2016 \u2013 quand l\u2019un \u00e9tait encore pr\u00e9sident, et l\u2019autre son futur successeur tout juste \u00e9lu, re\u00e7u \u00e0 la Maison Blanche au nom du respect de vieilles obligations protocolaires que lui bazarderait apr\u00e8s sa d\u00e9faite jamais admise contre Joe Biden quatre ans plus tard.<\/p>\n<p class=\"sc-ksZaOG ehjQrN text-element\">Mais qu\u2019est-ce que c\u2019est que ce truc ? On retrouve l\u00e0 l\u2019absence \u00e0 peu pr\u00e8s totale de filtre de l\u2019actuel pr\u00e9sident, son affranchissement coutumier de toutes normes, son go\u00fbt revendiqu\u00e9 des alternative facts \u2013 d\u00e9sormais aliment\u00e9 par les possibilit\u00e9s des deepfakes et de l\u2019IA g\u00e9n\u00e9rative\u2026 Mais par-del\u00e0 tout cela, cette publication traduit \u00e0 la fois la grande fixation trumpien<\/p>\n","protected":false},"excerpt":{"rendered":"Du jamais vu : un Barack Obama et un Donald Trump aux traits rajeunis se tiennent assis c\u00f4te&hellip;\n","protected":false},"author":2,"featured_media":267770,"comment_status":"","ping_status":"","sticky":false,"template":"","format":"standard","meta":{"footnotes":""},"categories":[2],"tags":[11,75,73,1011,27,12],"class_list":{"0":"post-267769","1":"post","2":"type-post","3":"status-publish","4":"format-standard","5":"has-post-thumbnail","7":"category-actualites","8":"tag-actualites","9":"tag-donald-trump","10":"tag-etats-unis","11":"tag-fr","12":"tag-france","13":"tag-news"},"share_on_mastodon":{"url":"https:\/\/pubeurope.com\/@fr\/114902056577903387","error":""},"_links":{"self":[{"href":"https:\/\/www.europesays.com\/fr\/wp-json\/wp\/v2\/posts\/267769","targetHints":{"allow":["GET"]}}],"collection":[{"href":"https:\/\/www.europesays.com\/fr\/wp-json\/wp\/v2\/posts"}],"about":[{"href":"https:\/\/www.europesays.com\/fr\/wp-json\/wp\/v2\/types\/post"}],"author":[{"embeddable":true,"href":"https:\/\/www.europesays.com\/fr\/wp-json\/wp\/v2\/users\/2"}],"replies":[{"embeddable":true,"href":"https:\/\/www.europesays.com\/fr\/wp-json\/wp\/v2\/comments?post=267769"}],"version-history":[{"count":0,"href":"https:\/\/www.europesays.com\/fr\/wp-json\/wp\/v2\/posts\/267769\/revisions"}],"wp:featuredmedia":[{"embeddable":true,"href":"https:\/\/www.europesays.com\/fr\/wp-json\/wp\/v2\/media\/267770"}],"wp:attachment":[{"href":"https:\/\/www.europesays.com\/fr\/wp-json\/wp\/v2\/media?parent=267769"}],"wp:term":[{"taxonomy":"category","embeddable":true,"href":"https:\/\/www.europesays.com\/fr\/wp-json\/wp\/v2\/categories?post=267769"},{"taxonomy":"post_tag","embeddable":true,"href":"https:\/\/www.europesays.com\/fr\/wp-json\/wp\/v2\/tags?post=267769"}],"curies":[{"name":"wp","href":"https:\/\/api.w.org\/{rel}","templated":true}]}}