{"id":267771,"date":"2025-07-23T10:23:10","date_gmt":"2025-07-23T10:23:10","guid":{"rendered":"https:\/\/www.europesays.com\/fr\/267771\/"},"modified":"2025-07-23T10:23:10","modified_gmt":"2025-07-23T10:23:10","slug":"saint-etienne-la-caravane-de-la-france-insoumise-fera-etape-a-terrenoire-le-26-juillet","status":"publish","type":"post","link":"https:\/\/www.europesays.com\/fr\/267771\/","title":{"rendered":"Saint-\u00c9tienne. La caravane de la France insoumise fera \u00e9tape \u00e0 Terrenoire le 26\u00a0juillet"},"content":{"rendered":"<p>Chaque ann\u00e9e depuis la cr\u00e9ation de la France insoumise en 2016, ses \u00ab\u00a0caravanes populaires\u00a0\u00bb sillonnent les routes et les villes du pays. Cet \u00e9t\u00e9, du 16 au 27\u00a0juillet, elles repartent pour plus d\u2019une vingtaine d\u2019\u00e9tapes, dont Saint-\u00c9tienne.<\/p>\n<p>Samedi 26\u00a0juillet, les militants du parti de gauche feront un stop dans le quartier de Terrenoire, \u00e0 16 heures, au 13 rue des Anciens-Combattant-d\u2019Alg\u00e9rie. Ils seront accompagn\u00e9s de Valentine Mercier, <a href=\"https:\/\/www.leprogres.fr\/politique\/2025\/05\/17\/municipales-2026-lfi-presente-ses-deux-chefs-de-file-et-accelere-le-rythme\" target=\"_blank\" rel=\"nofollow noopener\">co-cheffe de file LFI pour les municipales \u00e0 Saint-\u00c9tienne<\/a>.<\/p>\n<p>  \u00ab\u00a0Redonner le pouvoir aux citoyens de tout changer\u00a0\u00bb<\/p>\n<p>Les militants inciteront les habitants \u00e0 s\u2019inscrire sur les listes \u00e9lectorales et \u00e0 aller voter, mais l\u2019objectif est aussi de pr\u00e9senter le programme du parti et les \u00ab\u00a0combats men\u00e9s par les parlementaires\u00a0\u00bb. De nombreux th\u00e8mes seront abord\u00e9s et notamment le pouvoir d\u2019achat, l\u2019acc\u00e8s aux services publics, les droits sociaux ou encore l\u2019\u00e9cologie.<\/p>\n<p>\u00ab\u00a0Cette campagne d\u2019\u00e9t\u00e9 s\u2019inscrit dans notre strat\u00e9gie d\u2019union populaire\u00a0: convaincre porte par porte, quartier par quartier, ville par ville pour redonner le pouvoir aux citoyens de tout changer\u00a0\u00bb, expliquent-ils dans un communiqu\u00e9.<\/p>\n","protected":false},"excerpt":{"rendered":"Chaque ann\u00e9e depuis la cr\u00e9ation de la France insoumise en 2016, ses \u00ab\u00a0caravanes populaires\u00a0\u00bb sillonnent les routes et&hellip;\n","protected":false},"author":2,"featured_media":267772,"comment_status":"","ping_status":"","sticky":false,"template":"","format":"standard","meta":{"footnotes":""},"categories":[9653],"tags":[1111,11,2430,7539,1777,674,1011,27,2338,12,316,25,4001,7538],"class_list":{"0":"post-267771","1":"post","2":"type-post","3":"status-publish","4":"format-standard","5":"has-post-thumbnail","7":"category-saint-etienne","8":"tag-actu","9":"tag-actualites","10":"tag-auvergne-rhone-alpes","11":"tag-edition-loire-sud","12":"tag-eu","13":"tag-europe","14":"tag-fr","15":"tag-france","16":"tag-la-france-insoumise","17":"tag-news","18":"tag-politique","19":"tag-republique-francaise","20":"tag-saint-etienne","21":"tag-saint-etienne-ville"},"share_on_mastodon":{"url":"https:\/\/pubeurope.com\/@fr\/114902060525498148","error":""},"_links":{"self":[{"href":"https:\/\/www.europesays.com\/fr\/wp-json\/wp\/v2\/posts\/267771","targetHints":{"allow":["GET"]}}],"collection":[{"href":"https:\/\/www.europesays.com\/fr\/wp-json\/wp\/v2\/posts"}],"about":[{"href":"https:\/\/www.europesays.com\/fr\/wp-json\/wp\/v2\/types\/post"}],"author":[{"embeddable":true,"href":"https:\/\/www.europesays.com\/fr\/wp-json\/wp\/v2\/users\/2"}],"replies":[{"embeddable":true,"href":"https:\/\/www.europesays.com\/fr\/wp-json\/wp\/v2\/comments?post=267771"}],"version-history":[{"count":0,"href":"https:\/\/www.europesays.com\/fr\/wp-json\/wp\/v2\/posts\/267771\/revisions"}],"wp:featuredmedia":[{"embeddable":true,"href":"https:\/\/www.europesays.com\/fr\/wp-json\/wp\/v2\/media\/267772"}],"wp:attachment":[{"href":"https:\/\/www.europesays.com\/fr\/wp-json\/wp\/v2\/media?parent=267771"}],"wp:term":[{"taxonomy":"category","embeddable":true,"href":"https:\/\/www.europesays.com\/fr\/wp-json\/wp\/v2\/categories?post=267771"},{"taxonomy":"post_tag","embeddable":true,"href":"https:\/\/www.europesays.com\/fr\/wp-json\/wp\/v2\/tags?post=267771"}],"curies":[{"name":"wp","href":"https:\/\/api.w.org\/{rel}","templated":true}]}}