{"id":267789,"date":"2025-07-23T10:32:14","date_gmt":"2025-07-23T10:32:14","guid":{"rendered":"https:\/\/www.europesays.com\/fr\/267789\/"},"modified":"2025-07-23T10:32:14","modified_gmt":"2025-07-23T10:32:14","slug":"ivre-et-recherche-par-la-police-il-casse-une-vitre-pour-rentrer-dans-lappartement-de-son-pere-a-rouen","status":"publish","type":"post","link":"https:\/\/www.europesays.com\/fr\/267789\/","title":{"rendered":"Ivre et recherch\u00e9 par la police, il casse une vitre pour rentrer dans l&rsquo;appartement de son p\u00e8re \u00e0 Rouen"},"content":{"rendered":"<p>            Par<br \/>\n        <strong><br \/>\n            <a href=\"https:\/\/actu.fr\/auteur\/louise-boutard\" title=\"Consulter tous les articles de Louise Boutard\" target=\"_blank\" rel=\"noopener\">Louise Boutard<\/a><br \/>\n        <\/strong><\/p>\n<p>        Publi\u00e9 le<\/p>\n<p>            23 juil. 2025 \u00e0 12h02        <\/p>\n<p>C\u2019est ce qu\u2019on appelle une entr\u00e9e fracassante. Un homme a \u00e9t\u00e9 rep\u00e9r\u00e9 par le voisinage dans la nuit du mardi\u00a022 au mercredi 23\u00a0juillet 2025 alors qu\u2019<strong>il tentait d\u2019entrer <\/strong>dans un logement de la rue Eau-de-Robec \u00e0 <a href=\"https:\/\/actu.fr\/normandie\/rouen_76540\" target=\"_blank\" rel=\"noopener\">Rouen<\/a> en <strong>cassant la vitre de la fen\u00eatre.<\/strong><\/p>\n<p class=\" wall-content\">Appel\u00e9es sur place vers 3\u2009h\u200920, les forces de police constatent que le volet est fractur\u00e9 et une grosse pierre reste visible sur le rebord de la fen\u00eatre. \u00c0 l\u2019int\u00e9rieur de la chambre, un homme de 40\u00a0ans, alcoolis\u00e9, <strong>affirme qu\u2019il s\u2019agit de son propre logement, mais<\/strong>\u00a0qu\u2019il a perdu ses cl\u00e9s.<\/p>\n<p>Recherch\u00e9 par la police<\/p>\n<p class=\" wall-content\">Apr\u00e8s v\u00e9rification, c\u2019est en r\u00e9alit\u00e9 son p\u00e8re, \u00e2g\u00e9 de 68\u00a0ans, qui est le propri\u00e9taire des lieux. L\u2019homme pr\u00e9cise que son fils <strong>alcoolique le frappe r\u00e9guli\u00e8rement<\/strong> et qu\u2019il lui avait donc interdit de revenir dans le logement.<\/p>\n<p class=\" wall-content\">Le quadrag\u00e9naire \u00e9tait par ailleurs recherch\u00e9 par les services de police pour r\u00e9aliser <strong>une peine de quatre mois de prison ferme<\/strong> pour une autre affaire. Il a donc \u00e9t\u00e9 emmen\u00e9 directement au poste de police.<\/p>\n<p>Suivez l\u2019actualit\u00e9 de Rouen sur <a href=\"https:\/\/www.whatsapp.com\/channel\/0029VaKfnf99hXF2ddApFB1D\" target=\"_blank\" rel=\"noopener\">notre cha\u00eene WhatsApp<\/a> et sur <a href=\"https:\/\/www.tiktok.com\/@76actu.fr?lang=fr\" target=\"_blank\" rel=\"noopener\">notre compte TikTok<\/a><\/p>\n<p class=\" wall-content\">Suivez toute l\u2019actualit\u00e9 de vos villes et m\u00e9dias favoris en vous inscrivant \u00e0 <a href=\"https:\/\/moncompte.actu.fr\" title=\"D\u00e9couvez Mon Actu\" rel=\"nofollow noopener\" data-trk=\"{&quot;cta&quot;:{&quot;action&quot;:&quot;https:\\\/\\\/moncompte.actu.fr&quot;,&quot;category&quot;:&quot;mon compte&quot;,&quot;from&quot;:&quot;article footer&quot;,&quot;name&quot;:&quot;Mon actu&quot;,&quot;type&quot;:&quot;cta&quot;}}\" target=\"_blank\">Mon Actu<\/a>.<\/p>\n<p>                    <script async src=\"\/\/www.tiktok.com\/embed.js\"><\/script><\/p>\n","protected":false},"excerpt":{"rendered":"Par Louise Boutard Publi\u00e9 le 23 juil. 2025 \u00e0 12h02 C\u2019est ce qu\u2019on appelle une entr\u00e9e fracassante. Un&hellip;\n","protected":false},"author":2,"featured_media":267790,"comment_status":"","ping_status":"","sticky":false,"template":"","format":"standard","meta":{"footnotes":""},"categories":[9587],"tags":[1111,11,5702,1174,1777,674,1011,27,12,5161,1072,25,9590,104],"class_list":{"0":"post-267789","1":"post","2":"type-post","3":"status-publish","4":"format-standard","5":"has-post-thumbnail","7":"category-rouen","8":"tag-actu","9":"tag-actualites","10":"tag-alcool","11":"tag-cambriolage","12":"tag-eu","13":"tag-europe","14":"tag-fr","15":"tag-france","16":"tag-news","17":"tag-normandie","18":"tag-police","19":"tag-republique-francaise","20":"tag-rouen","21":"tag-societe"},"share_on_mastodon":{"url":"https:\/\/pubeurope.com\/@fr\/114902095973714113","error":""},"_links":{"self":[{"href":"https:\/\/www.europesays.com\/fr\/wp-json\/wp\/v2\/posts\/267789","targetHints":{"allow":["GET"]}}],"collection":[{"href":"https:\/\/www.europesays.com\/fr\/wp-json\/wp\/v2\/posts"}],"about":[{"href":"https:\/\/www.europesays.com\/fr\/wp-json\/wp\/v2\/types\/post"}],"author":[{"embeddable":true,"href":"https:\/\/www.europesays.com\/fr\/wp-json\/wp\/v2\/users\/2"}],"replies":[{"embeddable":true,"href":"https:\/\/www.europesays.com\/fr\/wp-json\/wp\/v2\/comments?post=267789"}],"version-history":[{"count":0,"href":"https:\/\/www.europesays.com\/fr\/wp-json\/wp\/v2\/posts\/267789\/revisions"}],"wp:featuredmedia":[{"embeddable":true,"href":"https:\/\/www.europesays.com\/fr\/wp-json\/wp\/v2\/media\/267790"}],"wp:attachment":[{"href":"https:\/\/www.europesays.com\/fr\/wp-json\/wp\/v2\/media?parent=267789"}],"wp:term":[{"taxonomy":"category","embeddable":true,"href":"https:\/\/www.europesays.com\/fr\/wp-json\/wp\/v2\/categories?post=267789"},{"taxonomy":"post_tag","embeddable":true,"href":"https:\/\/www.europesays.com\/fr\/wp-json\/wp\/v2\/tags?post=267789"}],"curies":[{"name":"wp","href":"https:\/\/api.w.org\/{rel}","templated":true}]}}