{"id":267791,"date":"2025-07-23T10:33:08","date_gmt":"2025-07-23T10:33:08","guid":{"rendered":"https:\/\/www.europesays.com\/fr\/267791\/"},"modified":"2025-07-23T10:33:08","modified_gmt":"2025-07-23T10:33:08","slug":"ce-qui-attend-les-automobilistes","status":"publish","type":"post","link":"https:\/\/www.europesays.com\/fr\/267791\/","title":{"rendered":"ce qui attend les automobilistes"},"content":{"rendered":"<p>            Par<br \/>\n        <strong><br \/>\n            <a href=\"https:\/\/actu.fr\/auteur\/lisa-rodrigues\" title=\"Consulter tous les articles de Lisa Rodrigues\" rel=\"nofollow noopener\" target=\"_blank\">Lisa Rodrigues<\/a><br \/>\n        <\/strong><\/p>\n<p>        Publi\u00e9 le<\/p>\n<p>            23 juil. 2025 \u00e0 11h54        <\/p>\n<p>Le <strong>chantier du Rondeau<\/strong>, au sud de <a href=\"https:\/\/actu.fr\/auvergne-rhone-alpes\/grenoble_38185\" rel=\"nofollow noopener\" target=\"_blank\">Grenoble<\/a>, continue. Quatre ans que les automobilistes roulent au rythme des fermetures ponctuelles de routes ou d\u2019acc\u00e8s autoroutiers. Depuis la fin mai, une partie de ce nouveau n\u0153ud routier est ouvert \u00e0 la circulation, avec la mise en service de <a href=\"https:\/\/actu.fr\/auvergne-rhone-alpes\/grenoble_38185\/travaux-du-rondeau-a-grenoble-les-premieres-ouvertures-de-routes-annoncees_62688042.html\" rel=\"nofollow noopener\" target=\"_blank\">la tranch\u00e9e couverte<\/a>.<\/p>\n<p class=\" wall-content\">Pour autant, les travaux se poursuivent et entra\u00eenent de <strong>nouvelles fermetures de route<\/strong> cet \u00e9t\u00e9.<\/p>\n<p>D\u00e9viations de nuit<\/p>\n<p class=\" wall-content\">La plupart de ces restrictions de circulation sont instaur\u00e9es la nuit. C\u2019est le cas pour la fermeture annonc\u00e9e du <strong>mercredi 23 juillet, de 21h \u00e0 5h30<\/strong> du matin. C\u2019est sur l\u2019A480 en direction de <a href=\"https:\/\/actu.fr\/auvergne-rhone-alpes\/lyon_69123\" rel=\"nofollow noopener\" target=\"_blank\">Lyon<\/a> que la route sera ferm\u00e9e, au niveau de l\u2019\u00e9changeur du Rondeau (sortie 5 vers Seyssins).<\/p>\n<p class=\" wall-content\">Ainsi :\u00a0<\/p>\n<ul class=\" wall-content\">\n<li>La bretelle d\u2019entr\u00e9e vers l\u2019A480 depuis l\u2019\u00e9changeur de Comboire (sortie 6) sera ferm\u00e9e,<\/li>\n<li>La liaison entre <a href=\"https:\/\/actu.fr\/auvergne-rhone-alpes\/seyssins_38486\" rel=\"nofollow noopener\" target=\"_blank\">Seyssins<\/a> et la rocade sud (RN87) sera bloqu\u00e9e dans les deux sens de circulation,\u00a0<\/li>\n<li>Depuis Seyssins, les bretelles d\u2019entr\u00e9e vers Lyon et Chamb\u00e9ry seront aussi ferm\u00e9es.<\/li>\n<\/ul>\n<p class=\" wall-content\">Des d\u00e9viations seront cr\u00e9\u00e9es pour reprendre la RN87 vers <a href=\"https:\/\/actu.fr\/auvergne-rhone-alpes\/chambery_73065\" rel=\"nofollow noopener\" target=\"_blank\">Chamb\u00e9ry<\/a> ou l\u2019A480 vers Lyon.<\/p>\n<p>Les fermetures en journ\u00e9e stopp\u00e9es \u00e0 la mi-ao\u00fbt<\/p>\n<p class=\" wall-content\">\u00c0 noter qu\u2019\u00e0 partir du vendredi 25 juillet, la liaison entre Seyssins et la RN87 \u2013 actuellement ferm\u00e9e dans les deux sens de jour comme de nuit \u2013 doit rouvrir apr\u00e8s la fin de l\u2019am\u00e9nagement des voiries en surface.<\/p>\n<p class=\" wall-content\">Toutefois, ce bref temps mort dans les travaux sera suivi, <strong>du<\/strong> <strong>lundi 28 juillet au jeudi 14 ao\u00fbt<\/strong>, d\u2019une fermeture de la bretelle\u00a0d\u2019acc\u00e8s \u00e0 la rocade sud depuis l\u2019A480 Sud (vers Gap et Sisteron) pour refaire la structure de la chauss\u00e9e. \u00ab\u00a0N\u00e9anmoins, la bretelle sera ouverte durant les week-ends\u00a0\u00bb, pr\u00e9cise le gestionnaire d\u2019autoroute APRR, en charge des travaux du Rondeau.<\/p>\n<blockquote class=\"ac-article-quote wall-content\">\n<p>\u00c0 compter du 15 ao\u00fbt, il n\u2019y aura plus de fermetures en journ\u00e9e sur l\u2019autoroute A480 et la rocade sud (RN87) dans le cadre des travaux du Rondeau.<\/p>\n<p>    <strong>APRR<\/strong>\n            <\/p><\/blockquote>\n<p class=\" wall-content\">Le chantier du Rondeau doit se terminer \u00e0 la <strong>fin de l\u2019ann\u00e9e 2025<\/strong>. Encore quelques mois de patience pour les automobilistes.<\/p>\n<p>Toutes les informations sur les perturbations dans le secteur sont disponibles sur <a href=\"https:\/\/www.a480rondeau.fr\/\" rel=\"nofollow noopener\" target=\"_blank\">le site<\/a> du chantier du Rondeau.<\/p>\n<p class=\" wall-content\">Suivez toute l\u2019actualit\u00e9 de vos villes et m\u00e9dias favoris en vous inscrivant \u00e0 <a href=\"https:\/\/moncompte.actu.fr\" title=\"D\u00e9couvez Mon Actu\" rel=\"nofollow noopener\" data-trk=\"{&quot;cta&quot;:{&quot;action&quot;:&quot;https:\\\/\\\/moncompte.actu.fr&quot;,&quot;category&quot;:&quot;mon compte&quot;,&quot;from&quot;:&quot;article footer&quot;,&quot;name&quot;:&quot;Mon actu&quot;,&quot;type&quot;:&quot;cta&quot;}}\" target=\"_blank\">Mon Actu<\/a>.<\/p>\n","protected":false},"excerpt":{"rendered":"Par Lisa Rodrigues Publi\u00e9 le 23 juil. 2025 \u00e0 11h54 Le chantier du Rondeau, au sud de Grenoble,&hellip;\n","protected":false},"author":2,"featured_media":267792,"comment_status":"","ping_status":"","sticky":false,"template":"","format":"standard","meta":{"footnotes":""},"categories":[9566],"tags":[1111,11,2430,3542,1777,674,1011,27,2731,12,25,104,2086],"class_list":{"0":"post-267791","1":"post","2":"type-post","3":"status-publish","4":"format-standard","5":"has-post-thumbnail","7":"category-grenoble","8":"tag-actu","9":"tag-actualites","10":"tag-auvergne-rhone-alpes","11":"tag-circulation","12":"tag-eu","13":"tag-europe","14":"tag-fr","15":"tag-france","16":"tag-grenoble","17":"tag-news","18":"tag-republique-francaise","19":"tag-societe","20":"tag-travaux"},"share_on_mastodon":{"url":"https:\/\/pubeurope.com\/@fr\/114902099800895569","error":""},"_links":{"self":[{"href":"https:\/\/www.europesays.com\/fr\/wp-json\/wp\/v2\/posts\/267791","targetHints":{"allow":["GET"]}}],"collection":[{"href":"https:\/\/www.europesays.com\/fr\/wp-json\/wp\/v2\/posts"}],"about":[{"href":"https:\/\/www.europesays.com\/fr\/wp-json\/wp\/v2\/types\/post"}],"author":[{"embeddable":true,"href":"https:\/\/www.europesays.com\/fr\/wp-json\/wp\/v2\/users\/2"}],"replies":[{"embeddable":true,"href":"https:\/\/www.europesays.com\/fr\/wp-json\/wp\/v2\/comments?post=267791"}],"version-history":[{"count":0,"href":"https:\/\/www.europesays.com\/fr\/wp-json\/wp\/v2\/posts\/267791\/revisions"}],"wp:featuredmedia":[{"embeddable":true,"href":"https:\/\/www.europesays.com\/fr\/wp-json\/wp\/v2\/media\/267792"}],"wp:attachment":[{"href":"https:\/\/www.europesays.com\/fr\/wp-json\/wp\/v2\/media?parent=267791"}],"wp:term":[{"taxonomy":"category","embeddable":true,"href":"https:\/\/www.europesays.com\/fr\/wp-json\/wp\/v2\/categories?post=267791"},{"taxonomy":"post_tag","embeddable":true,"href":"https:\/\/www.europesays.com\/fr\/wp-json\/wp\/v2\/tags?post=267791"}],"curies":[{"name":"wp","href":"https:\/\/api.w.org\/{rel}","templated":true}]}}