{"id":267795,"date":"2025-07-23T10:35:10","date_gmt":"2025-07-23T10:35:10","guid":{"rendered":"https:\/\/www.europesays.com\/fr\/267795\/"},"modified":"2025-07-23T10:35:10","modified_gmt":"2025-07-23T10:35:10","slug":"des-bacteries-detectees-dans-leau-deux-etangs-dille-et-vilaine-interdits-a-la-baignade","status":"publish","type":"post","link":"https:\/\/www.europesays.com\/fr\/267795\/","title":{"rendered":"Des bact\u00e9ries d\u00e9tect\u00e9es dans l\u2019eau\u00a0: deux \u00e9tangs d\u2019Ille-et-Vilaine interdits \u00e0 la baignade"},"content":{"rendered":"<p>Depuis le 18 juillet dernier, la baignade et les activit\u00e9s nautiques sont interdites \u00e0 la plage de la Haute Vilaine sur la commune de La Chapelle-Erbr\u00e9e, pr\u00e8s de Rennes. Cette mesure intervient en raison de la prolif\u00e9ration de cyanobact\u00e9ries dans l\u2019eau.<\/p>\n<p>Dans l\u2019arr\u00eat\u00e9 pris par la municipalit\u00e9, actant l\u2019interdiction, il est indiqu\u00e9 que la lev\u00e9e de la mesure pourra \u00eatre r\u00e9alis\u00e9e une fois les analyses retomb\u00e9es \u00e0 un seuil correct. Sur son site, la mairie, pr\u00e9conise \u00ab en cas d\u2019immersion ou contact accidentel, de prendre une douche soign\u00e9e \u00bb. Les animaux domestiques sont aussi concern\u00e9s par la mesure et la consommation de poissons de p\u00eache est d\u00e9conseill\u00e9e.<\/p>\n<p>Un autre \u00e9tang concern\u00e9<\/p>\n<p>Cette m\u00eame interdiction a \u00e9t\u00e9 \u00e9mise par Foug\u00e8res Agglom\u00e9ration concernant l\u2019\u00e9tang de la Ch\u00eanedet. L\u2019ann\u00e9e derni\u00e8re, le lieu avait \u00e9galement interdit \u00e0 la baignade pendant 19 jours et en 2023, pendant 28 jours, avec plusieurs jours d\u2019alertes.<\/p>\n<p>Pour rappel, \ufeff\u00ab les cyanobact\u00e9ries se d\u00e9veloppent principalement en \u00e9t\u00e9 dans des eaux comme les lacs, les \u00e9tangs et certains cours d\u2019eau \u00bb selon l\u2019Agence nationale de s\u00e9curit\u00e9 sanitaire de l\u2018alimentation, de l\u2019environnement et du travail (Anses).<\/p>\n","protected":false},"excerpt":{"rendered":"Depuis le 18 juillet dernier, la baignade et les activit\u00e9s nautiques sont interdites \u00e0 la plage de la&hellip;\n","protected":false},"author":2,"featured_media":267796,"comment_status":"","ping_status":"","sticky":false,"template":"","format":"standard","meta":{"footnotes":""},"categories":[2821],"tags":[1111,11,829,1777,674,1011,27,848,12,584,25],"class_list":{"0":"post-267795","1":"post","2":"type-post","3":"status-publish","4":"format-standard","5":"has-post-thumbnail","7":"category-rennes","8":"tag-actu","9":"tag-actualites","10":"tag-bretagne","11":"tag-eu","12":"tag-europe","13":"tag-fr","14":"tag-france","15":"tag-ille-et-vilaine","16":"tag-news","17":"tag-rennes","18":"tag-republique-francaise"},"share_on_mastodon":{"url":"https:\/\/pubeurope.com\/@fr\/114902107713260070","error":""},"_links":{"self":[{"href":"https:\/\/www.europesays.com\/fr\/wp-json\/wp\/v2\/posts\/267795","targetHints":{"allow":["GET"]}}],"collection":[{"href":"https:\/\/www.europesays.com\/fr\/wp-json\/wp\/v2\/posts"}],"about":[{"href":"https:\/\/www.europesays.com\/fr\/wp-json\/wp\/v2\/types\/post"}],"author":[{"embeddable":true,"href":"https:\/\/www.europesays.com\/fr\/wp-json\/wp\/v2\/users\/2"}],"replies":[{"embeddable":true,"href":"https:\/\/www.europesays.com\/fr\/wp-json\/wp\/v2\/comments?post=267795"}],"version-history":[{"count":0,"href":"https:\/\/www.europesays.com\/fr\/wp-json\/wp\/v2\/posts\/267795\/revisions"}],"wp:featuredmedia":[{"embeddable":true,"href":"https:\/\/www.europesays.com\/fr\/wp-json\/wp\/v2\/media\/267796"}],"wp:attachment":[{"href":"https:\/\/www.europesays.com\/fr\/wp-json\/wp\/v2\/media?parent=267795"}],"wp:term":[{"taxonomy":"category","embeddable":true,"href":"https:\/\/www.europesays.com\/fr\/wp-json\/wp\/v2\/categories?post=267795"},{"taxonomy":"post_tag","embeddable":true,"href":"https:\/\/www.europesays.com\/fr\/wp-json\/wp\/v2\/tags?post=267795"}],"curies":[{"name":"wp","href":"https:\/\/api.w.org\/{rel}","templated":true}]}}