{"id":267797,"date":"2025-07-23T10:36:10","date_gmt":"2025-07-23T10:36:10","guid":{"rendered":"https:\/\/www.europesays.com\/fr\/267797\/"},"modified":"2025-07-23T10:36:10","modified_gmt":"2025-07-23T10:36:10","slug":"sur-un-gros-chantier-pres-de-rennes-un-jeune-ouvrier-se-fait-rouler-dessus-par-un-engin-de-45-tonnes","status":"publish","type":"post","link":"https:\/\/www.europesays.com\/fr\/267797\/","title":{"rendered":"Sur un gros chantier pr\u00e8s de Rennes, un jeune ouvrier se fait rouler dessus par un engin de 4,5 tonnes"},"content":{"rendered":"<p>            Par<br \/>\n        <strong><br \/>\n            <a href=\"https:\/\/actu.fr\/auteur\/brian-legoff\" title=\"Consulter tous les articles de Brian Le Goff\" rel=\"nofollow noopener\" target=\"_blank\">Brian Le Goff<\/a><br \/>\n        <\/strong><\/p>\n<p>        Publi\u00e9 le<\/p>\n<p>            23 juil. 2025 \u00e0 11h45        <\/p>\n<p>Les faits ont eu lieu <strong>vers 16h30, mardi 22 juillet<\/strong>. Un jeune homme de <strong>22 ans,<\/strong> ouvrier sur un gros chantier pr\u00e8s de Rennes, a \u00e9t\u00e9 victime d\u2019un <a href=\"https:\/\/actu.fr\/tag\/accident\" rel=\"nofollow noopener\" target=\"_blank\">accident<\/a>. Il s\u2019est fait rouler dessus par une machine de plus de 4 tonnes, indique le Codis 35 (Centre op\u00e9rationnel d\u00e9partemental d\u2019incendie et de secours), aupr\u00e8s d\u2019<a href=\"https:\/\/actu.fr\/rennes\/\" rel=\"nofollow noopener\" target=\"_blank\">actu Rennes<\/a>, lors d\u2019un point journalier.<\/p>\n<p class=\" wall-content\">Les<strong> circonstances exactes<\/strong> de l\u2019accident ne sont<strong> pas encore connues<\/strong>. Il \u00e9tait <strong>d\u00e9gag\u00e9 de sous l\u2019engin avant l\u2019arriv\u00e9e<\/strong> des six <a href=\"https:\/\/actu.fr\/tag\/pompiers\" rel=\"nofollow noopener\" target=\"_blank\">pompiers<\/a> mobilis\u00e9s.<\/p>\n<p>Douleur au thorax, suspicion de fracture du bassin<\/p>\n<p class=\" wall-content\">Le <strong>Samu est \u00e9galement<\/strong> intervenu pour assurer le<strong> transport m\u00e9dicalis\u00e9<\/strong> de la victime, consid\u00e9r\u00e9e en<strong> urgence absolue,<\/strong> vers l\u2019h\u00f4pital.<\/p>\n<p class=\" wall-content\">Le jeune homme s\u2019est plaint d\u2019une<strong> \u00ab\u00a0douleur au thorax et une fracture du bassin<\/strong> \u00e9tait aussi <strong>suspect\u00e9e\u00a0\u00bb<\/strong>.<\/p>\n<p class=\" wall-content\">Il <strong>travaillait sur le chantier d\u2019un nouveau programme immobilier de 180 logements<\/strong> nomm\u00e9 Le Saule Blanc, dans le <strong>nouveau quartier du Bocage Citadin \u00e0 Chantepie<\/strong>, situ\u00e9e \u00e0 l\u2019extr\u00eame sud de la commune, \u00e0 proximit\u00e9 de la route en direction de Ch\u00e2teaugiron.<\/p>\n<p class=\" wall-content\">Une enqu\u00eate a \u00e9t\u00e9 ouverte par la police.<\/p>\n<p class=\" wall-content\">Suivez toute l\u2019actualit\u00e9 de vos villes et m\u00e9dias favoris en vous inscrivant \u00e0 <a href=\"https:\/\/moncompte.actu.fr\" title=\"D\u00e9couvez Mon Actu\" rel=\"nofollow noopener\" data-trk=\"{&quot;cta&quot;:{&quot;action&quot;:&quot;https:\\\/\\\/moncompte.actu.fr&quot;,&quot;category&quot;:&quot;mon compte&quot;,&quot;from&quot;:&quot;article footer&quot;,&quot;name&quot;:&quot;Mon actu&quot;,&quot;type&quot;:&quot;cta&quot;}}\" target=\"_blank\">Mon Actu<\/a>.<\/p>\n","protected":false},"excerpt":{"rendered":"Par Brian Le Goff Publi\u00e9 le 23 juil. 2025 \u00e0 11h45 Les faits ont eu lieu vers 16h30,&hellip;\n","protected":false},"author":2,"featured_media":267798,"comment_status":"","ping_status":"","sticky":false,"template":"","format":"standard","meta":{"footnotes":""},"categories":[2821],"tags":[119,1111,11,829,1777,674,118,1011,27,12,1311,584,25,2086],"class_list":{"0":"post-267797","1":"post","2":"type-post","3":"status-publish","4":"format-standard","5":"has-post-thumbnail","7":"category-rennes","8":"tag-accident","9":"tag-actu","10":"tag-actualites","11":"tag-bretagne","12":"tag-eu","13":"tag-europe","14":"tag-faits-divers","15":"tag-fr","16":"tag-france","17":"tag-news","18":"tag-pompiers","19":"tag-rennes","20":"tag-republique-francaise","21":"tag-travaux"},"share_on_mastodon":{"url":"https:\/\/pubeurope.com\/@fr\/114902111620481261","error":""},"_links":{"self":[{"href":"https:\/\/www.europesays.com\/fr\/wp-json\/wp\/v2\/posts\/267797","targetHints":{"allow":["GET"]}}],"collection":[{"href":"https:\/\/www.europesays.com\/fr\/wp-json\/wp\/v2\/posts"}],"about":[{"href":"https:\/\/www.europesays.com\/fr\/wp-json\/wp\/v2\/types\/post"}],"author":[{"embeddable":true,"href":"https:\/\/www.europesays.com\/fr\/wp-json\/wp\/v2\/users\/2"}],"replies":[{"embeddable":true,"href":"https:\/\/www.europesays.com\/fr\/wp-json\/wp\/v2\/comments?post=267797"}],"version-history":[{"count":0,"href":"https:\/\/www.europesays.com\/fr\/wp-json\/wp\/v2\/posts\/267797\/revisions"}],"wp:featuredmedia":[{"embeddable":true,"href":"https:\/\/www.europesays.com\/fr\/wp-json\/wp\/v2\/media\/267798"}],"wp:attachment":[{"href":"https:\/\/www.europesays.com\/fr\/wp-json\/wp\/v2\/media?parent=267797"}],"wp:term":[{"taxonomy":"category","embeddable":true,"href":"https:\/\/www.europesays.com\/fr\/wp-json\/wp\/v2\/categories?post=267797"},{"taxonomy":"post_tag","embeddable":true,"href":"https:\/\/www.europesays.com\/fr\/wp-json\/wp\/v2\/tags?post=267797"}],"curies":[{"name":"wp","href":"https:\/\/api.w.org\/{rel}","templated":true}]}}