{"id":267801,"date":"2025-07-23T10:39:17","date_gmt":"2025-07-23T10:39:17","guid":{"rendered":"https:\/\/www.europesays.com\/fr\/267801\/"},"modified":"2025-07-23T10:39:17","modified_gmt":"2025-07-23T10:39:17","slug":"le-festival-du-film-fantastique-revele-laffiche-de-sa-18e-edition","status":"publish","type":"post","link":"https:\/\/www.europesays.com\/fr\/267801\/","title":{"rendered":"le Festival du film fantastique r\u00e9v\u00e8le l\u2019affiche de sa 18e \u00e9dition"},"content":{"rendered":"<p>Uniforme blind\u00e9, lance flamme et regard de braise, le protagoniste de l\u2019affiche de la 18e \u00e9dition du <a href=\"https:\/\/www.dna.fr\/culture-loisirs\/2024\/09\/23\/john-mctiernan-a-strasbourg-enseigner-les-valeurs-morales-aujourd-hui-les-films-ne-font-plus-ca\" target=\"_blank\" rel=\"nofollow noopener\">Festival europ\u00e9en du film fantastique<\/a> de Strasbourg (Feffs) fait froid dans le dos\u2026 mais apporte une bonne nouvelle\u00a0: le retour de cette c\u00e9l\u00e9bration du cin\u00e9ma de genre du 26\u00a0septembre au 5\u00a0octobre\u00a0!<\/p>\n<p>\u00c0 nouveau sign\u00e9e par <a href=\"https:\/\/www.dna.fr\/edition-de-strasbourg\/2015\/09\/25\/mahon-des-murs\" target=\"_blank\" rel=\"nofollow noopener\">l\u2019artiste Mahon<\/a> , elle annonce \u00e9galement le th\u00e8me de la r\u00e9trospective principale, intitul\u00e9e cette ann\u00e9e \u00ab\u00a0FasciFiction\u00a0\u00bb. \u00ab\u00a0Alors que l\u2019on constate une mont\u00e9e inqui\u00e9tante des r\u00e9gimes autoritaires, entravant certaines libert\u00e9s fondamentales de nos d\u00e9mocraties, le festival a souhait\u00e9 remettre en lumi\u00e8re des \u0153uvres dystopiques qui imaginaient ce futur sombre ou faisaient ressurgir des blessures du pass\u00e9\u00a0\u00bb, expliquent les organisateurs.<\/p>\n<p>Ce contenu est bloqu\u00e9 car vous n&rsquo;avez pas accept\u00e9 les cookies et autres traceurs.<\/p>\n<p>En cliquant sur \u00ab J\u2019accepte \u00bb, les cookies et autres traceurs seront d\u00e9pos\u00e9s et vous pourrez visualiser les contenus  (<a href=\"\" class=\"consentModule_policy\" target=\"_blank\" title=\"Consulter la politique de protection des donn\u00e9es du fournisseur\">plus d&rsquo;informations<\/a>).<\/p>\n<p>En cliquant sur \u00ab J\u2019accepte tous les cookies \u00bb, vous autorisez des d\u00e9p\u00f4ts de cookies et autres traceurs pour le stockage de vos donn\u00e9es sur nos sites et applications \u00e0 des fins de personnalisation et de ciblage publicitaire.<\/p>\n<p class=\"consentModule_secondaryText\">Vous gardez la possibilit\u00e9 de retirer votre consentement \u00e0 tout moment en consultant notre <a href=\"https:\/\/www.dna.fr\/protection-des-donnees\" target=\"_blank\" title=\"Consulter notre politique de protection des donn\u00e9es\" rel=\"nofollow noopener\">politique de protection des donn\u00e9es<\/a>. <br \/>&#13;<br \/>\n            <a href=\"https:\/\/www.dna.fr\/culture-loisirs\/2025\/07\/23\/javascript:Didomi.notice.show()\" class=\"consentModule_cmp\" rel=\"nofollow noopener\" target=\"_blank\">G\u00e9rer mes choix<\/a>&#13;\n        <\/p>\n<p>&#13;<br \/>\n                        J&rsquo;accepte&#13;<br \/>\n            J&rsquo;accepte tous les cookies&#13;\n        <\/p>\n<p>  Fahrenheit 451, La Servante \u00e9carlate , Starship Troopers<\/p>\n<p>Parmi les premiers films annonc\u00e9s, on retrouve Fahrenheit 451 de Fran\u00e7ois Truffaut, La Ferme des animaux de John Halas et Joy Batchelor, Starship Troopers de Paul Verhoeven, Les Cannibales de Liliana Cavani, THX 1\u00a0138  de <a href=\"https:\/\/www.dna.fr\/p\/george-lucas\" target=\"_blank\" rel=\"nofollow noopener\">George Lucas<\/a> ou encore La Servante \u00e9carlate  de Volker Schl\u00f6ndorff.<\/p>\n<p>Le reste de la programmation sera d\u00e9voil\u00e9 en deux temps, en ao\u00fbt puis en septembre. Pour patienter, on vous conseille d\u2019aller admirer les affiches des ann\u00e9es pr\u00e9c\u00e9dentes, disponibles dans les archives du site internet du festival.<\/p>\n","protected":false},"excerpt":{"rendered":"Uniforme blind\u00e9, lance flamme et regard de braise, le protagoniste de l\u2019affiche de la 18e \u00e9dition du Festival&hellip;\n","protected":false},"author":2,"featured_media":267802,"comment_status":"","ping_status":"","sticky":false,"template":"","format":"standard","meta":{"footnotes":""},"categories":[2820],"tags":[1111,11,650,1687,2880,1777,674,107,1011,27,775,12,25,640,2879],"class_list":{"0":"post-267801","1":"post","2":"type-post","3":"status-publish","4":"format-standard","5":"has-post-thumbnail","7":"category-strasbourg","8":"tag-actu","9":"tag-actualites","10":"tag-cinema","11":"tag-culture-loisirs","12":"tag-edition-strasbourg","13":"tag-eu","14":"tag-europe","15":"tag-fil-info","16":"tag-fr","17":"tag-france","18":"tag-grand-est","19":"tag-news","20":"tag-republique-francaise","21":"tag-strasbourg","22":"tag-strasbourg-ville"},"share_on_mastodon":{"url":"https:\/\/pubeurope.com\/@fr\/114902123380665235","error":""},"_links":{"self":[{"href":"https:\/\/www.europesays.com\/fr\/wp-json\/wp\/v2\/posts\/267801","targetHints":{"allow":["GET"]}}],"collection":[{"href":"https:\/\/www.europesays.com\/fr\/wp-json\/wp\/v2\/posts"}],"about":[{"href":"https:\/\/www.europesays.com\/fr\/wp-json\/wp\/v2\/types\/post"}],"author":[{"embeddable":true,"href":"https:\/\/www.europesays.com\/fr\/wp-json\/wp\/v2\/users\/2"}],"replies":[{"embeddable":true,"href":"https:\/\/www.europesays.com\/fr\/wp-json\/wp\/v2\/comments?post=267801"}],"version-history":[{"count":0,"href":"https:\/\/www.europesays.com\/fr\/wp-json\/wp\/v2\/posts\/267801\/revisions"}],"wp:featuredmedia":[{"embeddable":true,"href":"https:\/\/www.europesays.com\/fr\/wp-json\/wp\/v2\/media\/267802"}],"wp:attachment":[{"href":"https:\/\/www.europesays.com\/fr\/wp-json\/wp\/v2\/media?parent=267801"}],"wp:term":[{"taxonomy":"category","embeddable":true,"href":"https:\/\/www.europesays.com\/fr\/wp-json\/wp\/v2\/categories?post=267801"},{"taxonomy":"post_tag","embeddable":true,"href":"https:\/\/www.europesays.com\/fr\/wp-json\/wp\/v2\/tags?post=267801"}],"curies":[{"name":"wp","href":"https:\/\/api.w.org\/{rel}","templated":true}]}}