{"id":267805,"date":"2025-07-23T10:41:10","date_gmt":"2025-07-23T10:41:10","guid":{"rendered":"https:\/\/www.europesays.com\/fr\/267805\/"},"modified":"2025-07-23T10:41:10","modified_gmt":"2025-07-23T10:41:10","slug":"gangrenee-par-les-toxicomanes-une-rue-du-centre-ville-rouvre-apres-une-semaine-dinterdiction","status":"publish","type":"post","link":"https:\/\/www.europesays.com\/fr\/267805\/","title":{"rendered":"gangren\u00e9e par les toxicomanes, une rue du centre-ville rouvre apr\u00e8s une semaine d\u2019interdiction"},"content":{"rendered":"<p>Christian Estrosi en appelle d\u00e9sormais \u00e0 l\u2019\u00c9tat pour \u00e9viter un retour \u00e0 la situation ant\u00e9rieure rue Tiranty.<\/p>\n<p class=\"fig-paragraph\">La rue Tiranty a rouvert ce mercredi matin \u00e0 Nice. Depuis le 16 juillet, cette petite art\u00e8re du centre-ville \u00e9tait soumise \u00e0\u00a0<a href=\"http:\/\/www.lefigaro.fr\/nice\/a-nice-christian-estrosi-ferme-une-rue-du-centre-ville-transformee-en-salle-de-shoot-a-ciel-ouvert-depuis-des-annees-20250715\" data-fig-type=\"NewsFlash\" data-gtm-custom-categorie=\"navigation\" data-gtm-custom-action=\"crossclick\" data-gtm-custom-label=\"Contextuel\" data-gtm-event=\"customEventSPE\" data-fig-domain=\"LEFIGARO\" target=\"_blank\" rel=\"noopener\">un arr\u00eat\u00e9 municipal limitant son acc\u00e8s<\/a>\u00a0en journ\u00e9e aux seuls ayants droit. Une mesure exceptionnelle, prise pour \u00abtrouble \u00e0 l\u2019ordre public\u00bb et \u00abmotif de salubrit\u00e9\u00bb, en raison de la pr\u00e9sence chronique de\u00a0<a href=\"http:\/\/www.lefigaro.fr\/marseille\/on-s-enfonce-dans-un-gouffre-le-deal-et-les-toxicomanes-s-installent-dans-le-centre-ville-de-marseille-20241205\" data-fig-type=\"NewsFlash\" data-gtm-custom-categorie=\"navigation\" data-gtm-custom-action=\"crossclick\" data-gtm-custom-label=\"Contextuel\" data-gtm-event=\"customEventSPE\" data-fig-domain=\"LEFIGARO\" target=\"_blank\" rel=\"noopener\">toxicomanes<\/a>\u00a0dans ce secteur d\u00e9grad\u00e9, \u00e0 deux pas de\u00a0<a href=\"http:\/\/www.lefigaro.fr\/nice\/attentat-de-la-basilique-de-nice-le-proces-en-appel-du-terroriste-fixe-en-decembre-2026-20250604\" data-fig-type=\"NewsFlash\" data-gtm-custom-categorie=\"navigation\" data-gtm-custom-action=\"crossclick\" data-gtm-custom-label=\"Contextuel\" data-gtm-event=\"customEventSPE\" data-fig-domain=\"LEFIGARO\" target=\"_blank\" rel=\"noopener\">la basilique Notre-Dame<\/a>\u00a0et de l\u2019avenue Jean M\u00e9decin.<\/p>\n<p class=\"fig-paragraph\">Mardi apr\u00e8s-midi, \u00e0 l\u2019issue de la p\u00e9riode d\u2019interdiction,\u00a0<a href=\"http:\/\/www.lefigaro.fr\/vox\/politique\/christian-estrosi-sans-nos-policiers-municipaux-la-delinquance-exploserait-20250708\" data-fig-type=\"Article\" data-gtm-custom-categorie=\"navigation\" data-gtm-custom-action=\"crossclick\" data-gtm-custom-label=\"Contextuel\" data-gtm-event=\"customEventSPE\" data-fig-domain=\"LEFIGARO\" target=\"_blank\" rel=\"noopener\">Christian Estrosi<\/a>\u00a0a salu\u00e9 une op\u00e9ration ayant permis de \u00abrestaurer le calme\u00bb sans \u00abg\u00e9n\u00e9rer de difficult\u00e9s majeures pour les riverains ni de verbalisations\u00bb. Le maire (Horizons) de Nice demande d\u00e9sormais \u00e0 l\u2019\u00c9tat de prendre le relais. \u00abIl lui appartient d\u2019assurer, en concertation avec l\u2019ARS et le CHU, le maintien de la tranquillit\u00e9 publique dans ce secteur\u00bb, fait-il savoir.<\/p>\n<p>                                    <a class=\"fig-a11y-skip a11y-hidden\" href=\"#fig-a11y-skip-main-inarticle\"><br \/>\n        Passer la publicit\u00e9<br \/>\n    <\/a><\/p>\n<p>\u00abCoup de com\u2019\u00bb<\/p>\n<p class=\"fig-paragraph\">Dans le m\u00eame temps, l\u2019\u00e9lu affirme que \u00abla police municipale poursuivra bien entendu ses patrouilles renforc\u00e9es sur place\u00bb, signe que la municipalit\u00e9 entend conserver une pr\u00e9sence active sur le terrain. Mais la bri\u00e8vet\u00e9 de l\u2019arr\u00eat\u00e9 interroge sur son efficacit\u00e9 r\u00e9elle. Alors que les riverains d\u00e9noncent depuis des ann\u00e9es l\u2019enracinement d\u2019une salle de shoot \u00e0 ciel ouvert, cette action \u00e9clair peut appara\u00eetre comme un geste plus symbolique que structurel. D\u00e8s l\u2019annonce de la mesure, l\u2019opposition avait d\u2019ailleurs accus\u00e9 l\u2019\u00e9dile azur\u00e9en d\u2019un \u00abcoup de com\u2019\u00bb inefficace, susceptible de simplement d\u00e9placer le probl\u00e8me.<\/p>\n<p class=\"fig-paragraph\">La mairie dit \u00e9galement travailler avec les commer\u00e7ants \u00e0 des am\u00e9nagements urbains pour limiter la stagnation des usagers, et rappelle son soutien \u00e0 un bus itin\u00e9rant g\u00e9r\u00e9 par le groupe SOS. Mais sur le fond, la prise en charge des toxicomanes reste dans l\u2019impasse, et la responsabilit\u00e9 de l\u2019\u00c9tat, d\u00e9sormais mise en avant, pourrait bien devenir le prochain terrain de confrontation.<\/p>\n","protected":false},"excerpt":{"rendered":"Christian Estrosi en appelle d\u00e9sormais \u00e0 l\u2019\u00c9tat pour \u00e9viter un retour \u00e0 la situation ant\u00e9rieure rue Tiranty. La&hellip;\n","protected":false},"author":2,"featured_media":267806,"comment_status":"","ping_status":"","sticky":false,"template":"","format":"standard","meta":{"footnotes":""},"categories":[2819],"tags":[1111,11,2397,1777,674,1011,27,2825,12,2401,882,25,40728],"class_list":{"0":"post-267805","1":"post","2":"type-post","3":"status-publish","4":"format-standard","5":"has-post-thumbnail","7":"category-nice","8":"tag-actu","9":"tag-actualites","10":"tag-christian-estrosi","11":"tag-eu","12":"tag-europe","13":"tag-fr","14":"tag-france","15":"tag-insecurite","16":"tag-news","17":"tag-nice","18":"tag-provence-alpes-cote-dazur","19":"tag-republique-francaise","20":"tag-toxicomanes"},"share_on_mastodon":{"url":"https:\/\/pubeurope.com\/@fr\/114902131184017625","error":""},"_links":{"self":[{"href":"https:\/\/www.europesays.com\/fr\/wp-json\/wp\/v2\/posts\/267805","targetHints":{"allow":["GET"]}}],"collection":[{"href":"https:\/\/www.europesays.com\/fr\/wp-json\/wp\/v2\/posts"}],"about":[{"href":"https:\/\/www.europesays.com\/fr\/wp-json\/wp\/v2\/types\/post"}],"author":[{"embeddable":true,"href":"https:\/\/www.europesays.com\/fr\/wp-json\/wp\/v2\/users\/2"}],"replies":[{"embeddable":true,"href":"https:\/\/www.europesays.com\/fr\/wp-json\/wp\/v2\/comments?post=267805"}],"version-history":[{"count":0,"href":"https:\/\/www.europesays.com\/fr\/wp-json\/wp\/v2\/posts\/267805\/revisions"}],"wp:featuredmedia":[{"embeddable":true,"href":"https:\/\/www.europesays.com\/fr\/wp-json\/wp\/v2\/media\/267806"}],"wp:attachment":[{"href":"https:\/\/www.europesays.com\/fr\/wp-json\/wp\/v2\/media?parent=267805"}],"wp:term":[{"taxonomy":"category","embeddable":true,"href":"https:\/\/www.europesays.com\/fr\/wp-json\/wp\/v2\/categories?post=267805"},{"taxonomy":"post_tag","embeddable":true,"href":"https:\/\/www.europesays.com\/fr\/wp-json\/wp\/v2\/tags?post=267805"}],"curies":[{"name":"wp","href":"https:\/\/api.w.org\/{rel}","templated":true}]}}