{"id":267813,"date":"2025-07-23T10:45:13","date_gmt":"2025-07-23T10:45:13","guid":{"rendered":"https:\/\/www.europesays.com\/fr\/267813\/"},"modified":"2025-07-23T10:45:13","modified_gmt":"2025-07-23T10:45:13","slug":"transavia-reliera-bordeaux-a-gran-canaria","status":"publish","type":"post","link":"https:\/\/www.europesays.com\/fr\/267813\/","title":{"rendered":"Transavia reliera Bordeaux \u00e0 Gran Canaria"},"content":{"rendered":"<p>\t\t\t\t\t \u00c0 compter du 20 d\u00e9cembre 2025, Transavia proposera un <b>vol direct hebdomadaire<\/b> entre Bordeaux et <a class=\"liens\" href=\"https:\/\/www.grancanaria.com\/turismo\/fr\/que-voir\/\" target=\"_blank\" rel=\"noopener\">Gran Canaria<\/a>. Cette nouvelle desserte vient enrichir le programme hivernal de la compagnie, qui ajoute cinq destinations in\u00e9dites \u00e0 son r\u00e9seau depuis Bordeaux, dont <b>l\u2019\u00c9gypte, le Cap-Vert, le S\u00e9n\u00e9gal et deux destinations dans l\u2019archipel des Canaries<\/b>.<\/p>\n<p><b>L\u2019archipel espagnol<\/b> est particuli\u00e8rement appr\u00e9ci\u00e9 des voyageurs de Nouvelle-Aquitaine en hiver, notamment pour son climat doux et ses nombreuses possibilit\u00e9s d\u2019activit\u00e9s en plein air. Gran Canaria, reconnue pour ses paysages vari\u00e9s entre dunes, montagnes et plages, devient ainsi la <b>sixi\u00e8me destination canarienne desservie depuis Bordeaux<\/b>, apr\u00e8s Fuerteventura, Lanzarote, Tenerife et d&rsquo;autres d\u00e9j\u00e0 accessibles pendant la saison froide.&#13;\t\t\t\t\t <\/p>\n<p>Les <a class=\"liens\" href=\"https:\/\/www.transavia.com\/destinations\/fr-fr\/espagne\/grande-canarie\" target=\"_blank\" rel=\"noopener\">billets pour cette liaison<\/a> sont disponibles <b>\u00e0 partir de 49\u202f\u20ac l\u2019aller simple<\/b> sur le site de la compagnie. Transavia confirme avec cette annonce son ancrage \u00e0 Bordeaux, amorc\u00e9 en 2024 avec l\u2019installation d\u2019un avion bas\u00e9, et poursuivi \u00e0 travers l\u2019ouverture de neuf lignes estivales. <b>L\u2019A\u00e9roport de Bordeaux<\/b> pr\u00e9cise que cette offre s\u2019inscrit dans sa strat\u00e9gie visant \u00e0 proposer \u00ab\u00a0une offre de destinations diversifi\u00e9e, accessible et attractive, r\u00e9pondant aux attentes de l\u2019ensemble des voyageurs de la r\u00e9gion\u00a0\u00bb.&#13;\t\t\t\t\t <\/p>\n","protected":false},"excerpt":{"rendered":"\u00c0 compter du 20 d\u00e9cembre 2025, Transavia proposera un vol direct hebdomadaire entre Bordeaux et Gran Canaria. Cette&hellip;\n","protected":false},"author":2,"featured_media":267814,"comment_status":"","ping_status":"","sticky":false,"template":"","format":"standard","meta":{"footnotes":""},"categories":[2817],"tags":[1111,11,1997,1777,674,1011,27,40729,12,2219,25,756],"class_list":{"0":"post-267813","1":"post","2":"type-post","3":"status-publish","4":"format-standard","5":"has-post-thumbnail","7":"category-bordeaux","8":"tag-actu","9":"tag-actualites","10":"tag-bordeaux","11":"tag-eu","12":"tag-europe","13":"tag-fr","14":"tag-france","15":"tag-gran-canaria","16":"tag-news","17":"tag-nouvelle-aquitaine","18":"tag-republique-francaise","19":"tag-transavia"},"share_on_mastodon":{"url":"https:\/\/pubeurope.com\/@fr\/114902147006140716","error":""},"_links":{"self":[{"href":"https:\/\/www.europesays.com\/fr\/wp-json\/wp\/v2\/posts\/267813","targetHints":{"allow":["GET"]}}],"collection":[{"href":"https:\/\/www.europesays.com\/fr\/wp-json\/wp\/v2\/posts"}],"about":[{"href":"https:\/\/www.europesays.com\/fr\/wp-json\/wp\/v2\/types\/post"}],"author":[{"embeddable":true,"href":"https:\/\/www.europesays.com\/fr\/wp-json\/wp\/v2\/users\/2"}],"replies":[{"embeddable":true,"href":"https:\/\/www.europesays.com\/fr\/wp-json\/wp\/v2\/comments?post=267813"}],"version-history":[{"count":0,"href":"https:\/\/www.europesays.com\/fr\/wp-json\/wp\/v2\/posts\/267813\/revisions"}],"wp:featuredmedia":[{"embeddable":true,"href":"https:\/\/www.europesays.com\/fr\/wp-json\/wp\/v2\/media\/267814"}],"wp:attachment":[{"href":"https:\/\/www.europesays.com\/fr\/wp-json\/wp\/v2\/media?parent=267813"}],"wp:term":[{"taxonomy":"category","embeddable":true,"href":"https:\/\/www.europesays.com\/fr\/wp-json\/wp\/v2\/categories?post=267813"},{"taxonomy":"post_tag","embeddable":true,"href":"https:\/\/www.europesays.com\/fr\/wp-json\/wp\/v2\/tags?post=267813"}],"curies":[{"name":"wp","href":"https:\/\/api.w.org\/{rel}","templated":true}]}}