{"id":267817,"date":"2025-07-23T10:47:09","date_gmt":"2025-07-23T10:47:09","guid":{"rendered":"https:\/\/www.europesays.com\/fr\/267817\/"},"modified":"2025-07-23T10:47:09","modified_gmt":"2025-07-23T10:47:09","slug":"ligue-1-voici-quel-jour-et-a-quelle-heure-le-toulouse-football-club-recevra-le-paris-saint-germain-au-stadium","status":"publish","type":"post","link":"https:\/\/www.europesays.com\/fr\/267817\/","title":{"rendered":"Ligue 1. Voici quel jour et \u00e0 quelle heure le Toulouse Football Club recevra le Paris Saint-Germain au Stadium"},"content":{"rendered":"<p>            Par<br \/>\n        <strong><br \/>\n            <a href=\"https:\/\/actu.fr\/auteur\/guillaume-laurens\" title=\"Consulter tous les articles de Guillaume Laurens\" target=\"_blank\" rel=\"noopener\">Guillaume Laurens<\/a><br \/>\n        <\/strong><\/p>\n<p>        Publi\u00e9 le<\/p>\n<p>            23 juil. 2025 \u00e0 12h40        <\/p>\n<p>C\u2019est toujours l\u2019un des rendez-vous les plus attendus de toute la saison par les fans de ballon rond dans la Ville rose. La confrontation entre le <a href=\"https:\/\/actu.fr\/tag\/toulouse-football-club-tfc\" target=\"_blank\" rel=\"noopener\"><strong>Toulouse Football Club<\/strong><\/a> et le <a href=\"https:\/\/actu.fr\/tag\/paris-saint-germain-psg\" target=\"_blank\" rel=\"noopener\">Paris Saint-Germain<\/a>, <strong>champion de France<\/strong> et <strong>d\u2019Europe<\/strong> en titre, se tiendra d\u00e8s<strong> la 3\u1d49 journ\u00e9e<\/strong> de Ligue\u00a01. La ligue de Football Professionnel vient d\u2019annoncer les modalit\u00e9s du calendrier.<\/p>\n<p>Quand se tiendra le match entre le TFC et le PSG\u2009?<\/p>\n<p class=\" wall-content\">La vir\u00e9e sur la pelouse du Stadium de Toulouse d\u2019<strong>Ousmane Dembel\u00e9, D\u00e9sir\u00e9 Dou\u00e9<\/strong> et autres <strong>Marquinhos<\/strong> est pr\u00e9vue <strong>samedi 30\u00a0ao\u00fbt 2025,<\/strong> et la rencontre sera diffus\u00e9e en direct sur Ligue\u00a01 +, la fameuse nouvelle cha\u00eene de la LFP, qui proposera la plupart des matchs.<\/p>\n<p class=\" wall-content\">\n<p>En prime time le samedi soir<\/p>\n<p class=\" wall-content\">L\u2019affiche se tiendra tr\u00e8s pr\u00e9cis\u00e9ment \u00e0 <strong>21h05, <\/strong>en prime time, mais n\u2019aura donc pas les honneurs du dimanche soir \u00e0 20h45, puisque c\u2019est le choc entre les deux Olympiques (Lyon et Marseille) qui lui a \u00e9t\u00e9 pr\u00e9f\u00e9r\u00e9 sur cette m\u00eame cha\u00eene sp\u00e9cialis\u00e9e.<\/p>\n<p class=\" wall-content\">Pour l\u2019heure, sur <a href=\"https:\/\/billetterie.toulousefc.com\/fr\/catalogue\/match-toulouse-fc-paris-sg-1\" target=\"_blank\" rel=\"noopener\">la billetterie officielle du T\u00e9f\u00e9c\u00e9<\/a>, seuls les abonn\u00e9s peuvent r\u00e9server leurs places.<\/p>\n<p>Vid\u00e9os : en ce moment sur Actu<\/p>\n<p class=\" wall-content\">Avant cela, les Violets feront leurs <strong>d\u00e9buts \u00e0 l\u2019ext\u00e9rieur<\/strong> cette saison, avec un (p\u00e9rilleux) d\u00e9placement \u00e0 <strong>Nice<\/strong> (Alpes-Maritimes), pr\u00e9vu le samedi 16 ao\u00fbt \u00e0 21h05, puis une premi\u00e8re r\u00e9ception de <strong>Brest<\/strong> (Finist\u00e8re), le dimanche 24 ao\u00fbt.<\/p>\n<p class=\" wall-content\">Suivez toute l\u2019actualit\u00e9 de vos villes et m\u00e9dias favoris en vous inscrivant \u00e0 <a href=\"https:\/\/moncompte.actu.fr\" title=\"D\u00e9couvez Mon Actu\" rel=\"nofollow noopener\" data-trk=\"{&quot;cta&quot;:{&quot;action&quot;:&quot;https:\\\/\\\/moncompte.actu.fr&quot;,&quot;category&quot;:&quot;mon compte&quot;,&quot;from&quot;:&quot;article footer&quot;,&quot;name&quot;:&quot;Mon actu&quot;,&quot;type&quot;:&quot;cta&quot;}}\" target=\"_blank\">Mon Actu<\/a>.<\/p>\n","protected":false},"excerpt":{"rendered":"Par Guillaume Laurens Publi\u00e9 le 23 juil. 2025 \u00e0 12h40 C\u2019est toujours l\u2019un des rendez-vous les plus attendus&hellip;\n","protected":false},"author":2,"featured_media":267818,"comment_status":"","ping_status":"","sticky":false,"template":"","format":"standard","meta":{"footnotes":""},"categories":[2816],"tags":[1111,11,1777,674,63,1011,27,66,12,2680,2332,25,60,7906,2312,4159],"class_list":{"0":"post-267817","1":"post","2":"type-post","3":"status-publish","4":"format-standard","5":"has-post-thumbnail","7":"category-toulouse","8":"tag-actu","9":"tag-actualites","10":"tag-eu","11":"tag-europe","12":"tag-football","13":"tag-fr","14":"tag-france","15":"tag-ligue-1","16":"tag-news","17":"tag-occitanie","18":"tag-paris-saint-germain-psg","19":"tag-republique-francaise","20":"tag-sports","21":"tag-stadium-de-toulouse","22":"tag-toulouse","23":"tag-toulouse-football-club-tfc"},"share_on_mastodon":{"url":"https:\/\/pubeurope.com\/@fr\/114902154749087204","error":""},"_links":{"self":[{"href":"https:\/\/www.europesays.com\/fr\/wp-json\/wp\/v2\/posts\/267817","targetHints":{"allow":["GET"]}}],"collection":[{"href":"https:\/\/www.europesays.com\/fr\/wp-json\/wp\/v2\/posts"}],"about":[{"href":"https:\/\/www.europesays.com\/fr\/wp-json\/wp\/v2\/types\/post"}],"author":[{"embeddable":true,"href":"https:\/\/www.europesays.com\/fr\/wp-json\/wp\/v2\/users\/2"}],"replies":[{"embeddable":true,"href":"https:\/\/www.europesays.com\/fr\/wp-json\/wp\/v2\/comments?post=267817"}],"version-history":[{"count":0,"href":"https:\/\/www.europesays.com\/fr\/wp-json\/wp\/v2\/posts\/267817\/revisions"}],"wp:featuredmedia":[{"embeddable":true,"href":"https:\/\/www.europesays.com\/fr\/wp-json\/wp\/v2\/media\/267818"}],"wp:attachment":[{"href":"https:\/\/www.europesays.com\/fr\/wp-json\/wp\/v2\/media?parent=267817"}],"wp:term":[{"taxonomy":"category","embeddable":true,"href":"https:\/\/www.europesays.com\/fr\/wp-json\/wp\/v2\/categories?post=267817"},{"taxonomy":"post_tag","embeddable":true,"href":"https:\/\/www.europesays.com\/fr\/wp-json\/wp\/v2\/tags?post=267817"}],"curies":[{"name":"wp","href":"https:\/\/api.w.org\/{rel}","templated":true}]}}