{"id":267821,"date":"2025-07-23T10:50:10","date_gmt":"2025-07-23T10:50:10","guid":{"rendered":"https:\/\/www.europesays.com\/fr\/267821\/"},"modified":"2025-07-23T10:50:10","modified_gmt":"2025-07-23T10:50:10","slug":"la-regie-des-transports-demande-une-requisition-de-la-prefecture-pour-le-nettoyage-des-metros","status":"publish","type":"post","link":"https:\/\/www.europesays.com\/fr\/267821\/","title":{"rendered":"La r\u00e9gie des transports demande une r\u00e9quisition de la pr\u00e9fecture pour le nettoyage des m\u00e9tros"},"content":{"rendered":"<p>Le feuilleton du nettoyage <a href=\"https:\/\/www.20minutes.fr\/dossier\/metro\" class=\"color-ultramarine c-link\" target=\"_blank\" rel=\"noopener\">du m\u00e9tro <\/a>marseillais se poursuit. Plus d\u2019un mois apr\u00e8s <a href=\"https:\/\/www.20minutes.fr\/societe\/4158960-20250617-marseille-rtm-resilie-contrat-proprete-prestataire-apres-droit-retrait-agents\" class=\"color-ultramarine c-link\" target=\"_blank\" rel=\"noopener\">avoir r\u00e9sili\u00e9 son contrat avec l\u2019ancien prestataire <\/a>de nettoyage pour la seconde fois en moins d\u2019un an, <a href=\"https:\/\/www.20minutes.fr\/dossier\/rtm\" class=\"color-ultramarine c-link\" target=\"_blank\" rel=\"noopener\">la RTM<\/a> va se tourner vers la pr\u00e9fecture pour assurer la propret\u00e9 de ses rames et de ses stations.<\/p>\n<p>Dans un communiqu\u00e9 parvenu \u00e0 la r\u00e9daction de <a href=\"https:\/\/www.20minutes.fr\/\" class=\"color-ultramarine c-link\" target=\"_blank\" rel=\"noopener\">20 Minutes<\/a>, la r\u00e9gie des <a href=\"https:\/\/www.20minutes.fr\/marseille\/4160278-20250625-marseille-fin-greve-metros-trafic-reprend-deux-lignes\" class=\"color-ultramarine c-link\" target=\"_blank\" rel=\"noopener\">transports marseillais<\/a> a demand\u00e9 au pr\u00e9fet un nouvel arr\u00eat\u00e9 de r\u00e9quisition pour \u00ab\u00a0assurer les prestations essentielles\u00a0\u00bb, \u00e0 savoir \u00ab\u00a0le nettoyage quotidien de chaque station et de chaque rame\u00a0\u00bb. Le pr\u00e9c\u00e9dent arr\u00eat\u00e9, termin\u00e9 le 19\u00a0juillet dernier, ne permettait pas des prestations suffisantes, pr\u00e9cise le texte.<\/p>\n<\/p>\n<p>Le grand nettoyage a commenc\u00e9 mardi soir, notamment <a href=\"https:\/\/www.20minutes.fr\/societe\/4110516-20240917-marseille-jusqu-quand-ordures-vont-entasser-gare-saint-charles\" class=\"color-ultramarine c-link\" target=\"_blank\" rel=\"noopener\">\u00e0 la gare Saint Charles<\/a> selon les clich\u00e9s transmis par la r\u00e9gie de transports. \u00ab\u00a0Apr\u00e8s quelques semaines difficiles, la situation s\u2019am\u00e9liore progressivement dans le m\u00e9tro\u00a0\u00bb, se r\u00e9jouit la RTM, qui en appelle au \u00ab\u00a0civisme\u00a0\u00bb des Marseillais contre des d\u00e9gradations volontaires.<\/p>\n<p>L\u2019ARS saisi<\/p>\n<p>La situation a cependant \u00ab\u00a0trop dur\u00e9\u00a0\u00bb pour le collectif Comit\u00e9 des usagers des transports marseillais. L\u2019association a annonc\u00e9 mercredi matin avoir sollicit\u00e9 les services de l\u2019<a href=\"https:\/\/www.20minutes.fr\/sante\/4158346-20250613-chikungunya-premier-cas-autochtone-decouvert-var\" class=\"color-ultramarine c-link\" target=\"_blank\" rel=\"noopener\">ARS Provence-Alpes-C\u00f4te d\u2019Azur<\/a> pour \u00ab\u00a0diligenter une inspection d\u2019hygi\u00e8ne et sant\u00e9 publique dans les stations de m\u00e9tro\u00a0\u00bb, accusant la RTM et la m\u00e9tropole Aix-Marseille de ne pas remplir leurs obligations en mati\u00e8re de salubrit\u00e9.<\/p>\n<p class=\"mb-xxl@xs color-ultramarine font-weight-semi-bold@xs font-source-serif-pro heading-s@xs\">L\u2019acc\u00e8s \u00e0 ce contenu a \u00e9t\u00e9 bloqu\u00e9 afin de respecter votre choix de consentement<\/p>\n<p class=\"mb-m@xs text-l@xs\">En cliquant sur\u00ab J\u2019accepte \u00bb, vous acceptez le d\u00e9p\u00f4t de cookies par des services externes et aurez ainsi acc\u00e8s aux contenus de nos partenaires.<\/p>\n<p class=\"mb-xl@xs text-s@xs\">Plus d\u2019informations sur la page<a href=\"https:\/\/www.20minutes.fr\/gestion-cookies\" class=\"mx-xxs@xs color-ultramarine\" target=\"_blank\" rel=\"noopener\">Politique de gestion des cookies<\/a><\/p>\n<p>J\u2019accepte<\/p>\n<p>Mi-juin, la RTM avait annonc\u00e9 avoir r\u00e9sili\u00e9 son march\u00e9 de nettoyage des m\u00e9tros et stations avec le prestataire Atalian, \u00e0 la suite du droit de retrait des agents du m\u00e9tro, constant la salet\u00e9 ambiante et le manque de nettoyage dans les rames et stations. En septembre\u00a02024, <a href=\"https:\/\/www.20minutes.fr\/societe\/4108121-20240903-marseille-sncf-resilie-fraude-contrat-nettoyage-gare\" class=\"color-ultramarine c-link\" target=\"_blank\" rel=\"noopener\">Laser propret\u00e9<\/a>, avait \u00e9galement \u00e9t\u00e9 mis \u00e0 la porte pour la \u00ab\u00a0mauvaise ex\u00e9cution\u00a0\u00bb des prestations demand\u00e9es.<\/p>\n<p><a href=\"https:\/\/www.20minutes.fr\/marseille\/\" class=\"c-link c-btn c-btn--primary\" target=\"_blank\" rel=\"noopener\">Retrouvez ici toute l&rsquo;actualit\u00e9 \u00e0 Marseille<\/a><\/p>\n<p>La r\u00e9gie des transports marseillais a d\u00e9pos\u00e9 plainte \u00ab\u00a0contre X pour escroquerie, faux et usage de faux, et escroquerie ou tentative d\u2019escroquerie au jugement\u00a0\u00bb. Un nouvel appel d\u2019offres a \u00e9t\u00e9 lanc\u00e9.<\/p>\n","protected":false},"excerpt":{"rendered":"Le feuilleton du nettoyage du m\u00e9tro marseillais se poursuit. Plus d\u2019un mois apr\u00e8s avoir r\u00e9sili\u00e9 son contrat avec&hellip;\n","protected":false},"author":2,"featured_media":267822,"comment_status":"","ping_status":"","sticky":false,"template":"","format":"standard","meta":{"footnotes":""},"categories":[2814],"tags":[1111,11,885,1777,674,1011,27,40730,884,4047,12,883,882,1306,25,10783,2803,2216],"class_list":{"0":"post-267821","1":"post","2":"type-post","3":"status-publish","4":"format-standard","5":"has-post-thumbnail","7":"category-marseille","8":"tag-actu","9":"tag-actualites","10":"tag-bouches-du-rhone","11":"tag-eu","12":"tag-europe","13":"tag-fr","14":"tag-france","15":"tag-hygiene","16":"tag-marseille","17":"tag-metro","18":"tag-news","19":"tag-paca","20":"tag-provence-alpes-cote-dazur","21":"tag-regions","22":"tag-republique-francaise","23":"tag-rtm","24":"tag-transport","25":"tag-transports-en-commun"},"share_on_mastodon":{"url":"https:\/\/pubeurope.com\/@fr\/114902166696449936","error":""},"_links":{"self":[{"href":"https:\/\/www.europesays.com\/fr\/wp-json\/wp\/v2\/posts\/267821","targetHints":{"allow":["GET"]}}],"collection":[{"href":"https:\/\/www.europesays.com\/fr\/wp-json\/wp\/v2\/posts"}],"about":[{"href":"https:\/\/www.europesays.com\/fr\/wp-json\/wp\/v2\/types\/post"}],"author":[{"embeddable":true,"href":"https:\/\/www.europesays.com\/fr\/wp-json\/wp\/v2\/users\/2"}],"replies":[{"embeddable":true,"href":"https:\/\/www.europesays.com\/fr\/wp-json\/wp\/v2\/comments?post=267821"}],"version-history":[{"count":0,"href":"https:\/\/www.europesays.com\/fr\/wp-json\/wp\/v2\/posts\/267821\/revisions"}],"wp:featuredmedia":[{"embeddable":true,"href":"https:\/\/www.europesays.com\/fr\/wp-json\/wp\/v2\/media\/267822"}],"wp:attachment":[{"href":"https:\/\/www.europesays.com\/fr\/wp-json\/wp\/v2\/media?parent=267821"}],"wp:term":[{"taxonomy":"category","embeddable":true,"href":"https:\/\/www.europesays.com\/fr\/wp-json\/wp\/v2\/categories?post=267821"},{"taxonomy":"post_tag","embeddable":true,"href":"https:\/\/www.europesays.com\/fr\/wp-json\/wp\/v2\/tags?post=267821"}],"curies":[{"name":"wp","href":"https:\/\/api.w.org\/{rel}","templated":true}]}}