{"id":267823,"date":"2025-07-23T10:51:09","date_gmt":"2025-07-23T10:51:09","guid":{"rendered":"https:\/\/www.europesays.com\/fr\/267823\/"},"modified":"2025-07-23T10:51:09","modified_gmt":"2025-07-23T10:51:09","slug":"pres-de-marseille-ces-deux-plages-fermees-durgence-voici-ce-quil-se-passe","status":"publish","type":"post","link":"https:\/\/www.europesays.com\/fr\/267823\/","title":{"rendered":"Pr\u00e8s de Marseille. Ces deux plages ferm\u00e9es d&rsquo;urgence, voici ce qu&rsquo;il se passe"},"content":{"rendered":"<p>            Par<br \/>\n        <strong><br \/>\n            <a href=\"https:\/\/actu.fr\/auteur\/thibault-nadal-actu-fr\" title=\"Consulter tous les articles de Thibault Nadal\" target=\"_blank\" rel=\"noopener\">Thibault Nadal<\/a><br \/>\n        <\/strong><\/p>\n<p>        Publi\u00e9 le<\/p>\n<p>            23 juil. 2025 \u00e0 12h25        <\/p>\n<p>D\u00e9cid\u00e9ment, il ne fait pas bon de se baigner dans les <a href=\"https:\/\/actu.fr\/provence-alpes-cote-d-azur\/bouches-du-rhone_13\" target=\"_blank\" rel=\"noopener\">Bouches-du-Rh\u00f4ne<\/a> cette semaine. Ce mercredi 23\u00a0juillet, la mairie de <a href=\"https:\/\/actu.fr\/provence-alpes-cote-d-azur\/port-de-bouc_13077\" target=\"_blank\" rel=\"noopener\">Port-de-Bouc<\/a>, situ\u00e9e \u00e0 l\u2019ouest de <a href=\"https:\/\/actu.fr\/marseille\/\" target=\"_blank\" rel=\"noopener\">Marseille<\/a>, vient d\u2019annoncer que <strong>deux de ses plages<\/strong> ont \u00e9t\u00e9 ferm\u00e9es d\u2019urgence.<\/p>\n<p class=\" wall-content\">Voici ce qu\u2019il se passe.<\/p>\n<p>Les plages de Botta\u00ef et Aigues-douces<\/p>\n<p class=\" wall-content\">La nuit tumultueuse de dimanche \u00e0 lundi continue de laisser des d\u00e9g\u00e2ts. <a href=\"https:\/\/actu.fr\/provence-alpes-cote-d-azur\/marseille_13055\/tornade-pluies-diluviennes-un-violent-orage-s-abat-sur-marseille-et-les-bouches-du-rhone_62935324.html\" target=\"_blank\" rel=\"noopener\">Un violent orage et des pluies diluviennes se sont abattus sur le d\u00e9partement<\/a>. Les Bouches-du-Rh\u00f4ne sont encore <a href=\"https:\/\/actu.fr\/provence-alpes-cote-d-azur\/marseille_13055\/meteo-a-marseille-de-violents-orages-et-de-fortes-pluies-annonces-l-alerte-declenchee_62940956.html\" target=\"_blank\" rel=\"noopener\">plac\u00e9es en vigilance jaune \u00ab\u2009orages\u2009\u00bb ce mercredi<\/a> par <a href=\"https:\/\/actu.fr\/tag\/meteo-france\" target=\"_blank\" rel=\"noopener\">M\u00e9t\u00e9o-France<\/a>.<\/p>\n<p>    <a href=\"https:\/\/www.facebook.com\/plugins\/post.php?href=https%3A%2F%2Fwww.facebook.com%2FVilledePortdeBouc13110%2Fposts%2Fpfbid027wVa1HqgFuYMGMsSHjc5g8fazecwfCGJ2U9X4yM8y5ejE3t7mUYQQRsJAsKQFwqdl&amp;show_text=true&amp;width=350\" title=\"Ouvrie le lien\" target=\"_blank\" rel=\"noopener\">Cliquez ici pour visualiser le contenu<\/a><\/p>\n<p class=\" wall-content\">Des pluies qui ont fait exploser les seuils autoris\u00e9s, r\u00e9v\u00e8le la municipalit\u00e9.<\/p>\n<blockquote class=\"ac-article-quote wall-content\">\n<p>Suite aux fortes pluies et aux r\u00e9sultats d&rsquo;analyses d&rsquo;eau de l&rsquo;Agence R\u00e9gionale de Sant\u00e9 (ARS) en date du 23 juillet au matin, la baignade est interdite aux personnes \u00e0 compter de ce jour, \u00e0 toute heure du jour et de la nuit.<\/p>\n<p>    <strong>Ville de Port-de-Bouc<\/strong>\n            <\/p><\/blockquote>\n<p class=\" wall-content\">Deux <a href=\"https:\/\/actu.fr\/tag\/plages\" target=\"_blank\" rel=\"noopener\">plages<\/a> sont ainsi concern\u00e9es\u2009: Botta\u00ef et Aigues-douces. Elles <strong>resteront ferm\u00e9es jusqu\u2019\u00e0 vendredi<\/strong>. \u00ab\u2009L\u2019Agence r\u00e9gionale de sant\u00e9 r\u00e9alisera de nouvelles analyses le vendredi 25 juillet pour nous informer de l\u2019\u00e9ventuelle r\u00e9ouverture des plages\u2009\u00bb, ajoute la ville.<\/p>\n<p>    <a href=\"https:\/\/www.google.com\/maps\/embed?pb=!1m18!1m12!1m3!1d11592.207748299423!2d4.9634582738039335!3d43.417741573926556!2m3!1f0!2f0!3f0!3m2!1i1024!2i768!4f13.1!3m3!1m2!1s0x12b6192ba164cd01%3A0x35458b6d527a1b42!2sPlage%20de%20Botta%C3%AF!5e0!3m2!1sfr!2sfr!4v1753264509053!5m2!1sfr!2sfr\" title=\"Ouvrie le lien\" target=\"_blank\" rel=\"noopener\">Cliquez ici pour visualiser le contenu<\/a><\/p>\n<p>Des plages d\u00e9j\u00e0 ferm\u00e9es \u00e0 Martigues et \u00e0 Marseille<\/p>\n<p class=\" wall-content\">Cette d\u00e9cision de fermer des plages \u00e0 la suite des violentes pluies n\u2019est pas une premi\u00e8re dans le d\u00e9partement.<\/p>\n<p class=\" wall-content\">\u00c0 Marseille, <strong>cinq plages<\/strong> sont ferm\u00e9es depuis lundi matin\u2009: Grand Roucas et Petit Roucas, Prado Sud, Huveaune et Bor\u00e9ly. Ces informations sont \u00e0 retrouver sur <a href=\"https:\/\/www.marseille.fr\/mer\/saison-balneaire\/meteo-des-plages\" target=\"_blank\" rel=\"noopener\">le site de la ville<\/a>.<\/p>\n<p class=\" wall-content\">Lundi, la ville de Martigues avait \u00e9t\u00e9 contrainte <a href=\"https:\/\/actu.fr\/provence-alpes-cote-d-azur\/martigues_13056\" target=\"_blank\" rel=\"noopener\">d\u2019interdire la baignade sur dix sites<\/a>. Ils avaient \u00e9t\u00e9 rouverts 24h plus tard.<\/p>\n<p class=\" wall-content\">Suivez toute l\u2019actualit\u00e9 de vos villes et m\u00e9dias favoris en vous inscrivant \u00e0 <a href=\"https:\/\/moncompte.actu.fr\" title=\"D\u00e9couvez Mon Actu\" rel=\"nofollow noopener\" data-trk=\"{&quot;cta&quot;:{&quot;action&quot;:&quot;https:\\\/\\\/moncompte.actu.fr&quot;,&quot;category&quot;:&quot;mon compte&quot;,&quot;from&quot;:&quot;article footer&quot;,&quot;name&quot;:&quot;Mon actu&quot;,&quot;type&quot;:&quot;cta&quot;}}\" target=\"_blank\">Mon Actu<\/a>.<\/p>\n","protected":false},"excerpt":{"rendered":"Par Thibault Nadal Publi\u00e9 le 23 juil. 2025 \u00e0 12h25 D\u00e9cid\u00e9ment, il ne fait pas bon de se&hellip;\n","protected":false},"author":2,"featured_media":267824,"comment_status":"","ping_status":"","sticky":false,"template":"","format":"standard","meta":{"footnotes":""},"categories":[2814],"tags":[1111,11,1777,674,1011,27,884,12,8302,4459,882,25,104],"class_list":{"0":"post-267823","1":"post","2":"type-post","3":"status-publish","4":"format-standard","5":"has-post-thumbnail","7":"category-marseille","8":"tag-actu","9":"tag-actualites","10":"tag-eu","11":"tag-europe","12":"tag-fr","13":"tag-france","14":"tag-marseille","15":"tag-news","16":"tag-plages","17":"tag-pluie","18":"tag-provence-alpes-cote-dazur","19":"tag-republique-francaise","20":"tag-societe"},"share_on_mastodon":{"url":"https:\/\/pubeurope.com\/@fr\/114902170681898632","error":""},"_links":{"self":[{"href":"https:\/\/www.europesays.com\/fr\/wp-json\/wp\/v2\/posts\/267823","targetHints":{"allow":["GET"]}}],"collection":[{"href":"https:\/\/www.europesays.com\/fr\/wp-json\/wp\/v2\/posts"}],"about":[{"href":"https:\/\/www.europesays.com\/fr\/wp-json\/wp\/v2\/types\/post"}],"author":[{"embeddable":true,"href":"https:\/\/www.europesays.com\/fr\/wp-json\/wp\/v2\/users\/2"}],"replies":[{"embeddable":true,"href":"https:\/\/www.europesays.com\/fr\/wp-json\/wp\/v2\/comments?post=267823"}],"version-history":[{"count":0,"href":"https:\/\/www.europesays.com\/fr\/wp-json\/wp\/v2\/posts\/267823\/revisions"}],"wp:featuredmedia":[{"embeddable":true,"href":"https:\/\/www.europesays.com\/fr\/wp-json\/wp\/v2\/media\/267824"}],"wp:attachment":[{"href":"https:\/\/www.europesays.com\/fr\/wp-json\/wp\/v2\/media?parent=267823"}],"wp:term":[{"taxonomy":"category","embeddable":true,"href":"https:\/\/www.europesays.com\/fr\/wp-json\/wp\/v2\/categories?post=267823"},{"taxonomy":"post_tag","embeddable":true,"href":"https:\/\/www.europesays.com\/fr\/wp-json\/wp\/v2\/tags?post=267823"}],"curies":[{"name":"wp","href":"https:\/\/api.w.org\/{rel}","templated":true}]}}