{"id":267837,"date":"2025-07-23T10:59:10","date_gmt":"2025-07-23T10:59:10","guid":{"rendered":"https:\/\/www.europesays.com\/fr\/267837\/"},"modified":"2025-07-23T10:59:10","modified_gmt":"2025-07-23T10:59:10","slug":"le-president-du-tribunal-judiciaire-de-paris-denonce-lopprobre-jete-sur-les-magistrats-liberation","status":"publish","type":"post","link":"https:\/\/www.europesays.com\/fr\/267837\/","title":{"rendered":"le pr\u00e9sident du tribunal judiciaire de Paris d\u00e9nonce \u00abl\u2019opprobre\u00bb jet\u00e9 sur les magistrats \u2013 Lib\u00e9ration"},"content":{"rendered":"<p class=\"sc-ksZaOG ehjQrN text-element\">Directement mis en cause par Rachida Dati, le tribunal judiciaire de Paris contre-attaque. Son pr\u00e9sident, Peimane Ghaleh-Marzban, a d\u00e9nonc\u00e9 ce mercredi 23 juillet \u00abl\u2019opprobre jet\u00e9 publiquement sur des magistrats\u00bb par la ministre de la Culture Rachida Dati apr\u00e8s <a href=\"https:\/\/www.liberation.fr\/societe\/police-justice\/la-ministre-de-la-culture-rachida-dati-sera-bien-jugee-pour-corruption-en-depit-dun-nombre-record-de-recours-20250722_JFJEARFX25DAZB6REUKWSXRGOU\/\" target=\"_blank\" rel=\"noreferrer noopener\" title=\"https:\/\/www.liberation.fr\/societe\/police-justice\/la-ministre-de-la-culture-rachida-dati-sera-bien-jugee-pour-corruption-en-depit-dun-nombre-record-de-recours-20250722_JFJEARFX25DAZB6REUKWSXRGOU\/\">son renvoi en proc\u00e8s<\/a>, aux c\u00f4t\u00e9s de l\u2019ex-patron de Renault-Nissan Carlos Ghosn, pour corruption et trafic d\u2019influence. \u00abSi toute personne peut librement apporter tout \u00e9l\u00e9ment d\u2019explication utile \u00e0 l\u2019appui de sa d\u00e9fense, au titre d\u2019une prise de parole assurant le respect de sa pr\u00e9somption d\u2019innocence, l\u2019opprobre jet\u00e9 publiquement sur des magistrats soumis au devoir de r\u00e9serve et ne pouvant r\u00e9pondre \u00e0 ces attaques, jette le discr\u00e9dit sur l\u2019autorit\u00e9 judiciaire et sape la confiance l\u00e9gitime des citoyens dans la justice\u00bb, a affirm\u00e9 Peimane Ghaleh-Marzban dans un communiqu\u00e9. <\/p>\n<p class=\"sc-ksZaOG ehjQrN text-element\">Le pr\u00e9sident du tribunal a r\u00e9agi apr\u00e8s que l\u2019ex-garde des Sceaux de Nicolas Sarkozy, elle-m\u00eame magistrate de formation, a d\u00e9nonc\u00e9 mardi soir sur LCI une \u00abproc\u00e9dure \u00e9maill\u00e9e d\u2019incidents\u00bb et <a href=\"https:\/\/www.liberation.fr\/politique\/coincidence-le-complotisme-chic-de-rachida-dati-sur-son-proces-a-venir-20250723_BBABWGFX7BCZ5OBWZ2KLUNFDJQ\/\" target=\"_blank\" rel=\"noreferrer noopener\" title=\"https:\/\/www.liberation.fr\/politique\/coincidence-le-complotisme-chic-de-rachida-dati-sur-son-proces-a-venir-20250723_BBABWGFX7BCZ5OBWZ2KLUNFDJQ\/\">vilipend\u00e9 des magistrats<\/a> qui \u00abmarchent\u00bb sur les droits de la d\u00e9fense et perp\u00e9tueraient des \u00abatteintes graves\u00bb contre ces derniers.<\/p>\n<p class=\"sc-ksZaOG ehjQrN text-element\">Elle a notamment mis en cause le procureur de la R\u00e9publique financier qui, d\u2019apr\u00e8s elle, l\u2019aurait assur\u00e9e de son d\u00e9saccord avec les charges port\u00e9es contre elle lorsqu\u2019il l\u2019a \u00abre\u00e7ue deux heures trente dans son bureau\u00bb : \u00abJ\u2019ai vu droit dans les yeux M. [Jean-Fran\u00e7ois] Bohnert qui m\u2019a dit que son parquet dysfonctionnait.\u00bb Mais, en fin de matin\u00e9e ce mercredi, le procureur financier a rejet\u00e9 la mise en cause de Rachida Dati<b> <\/b>et r\u00e9affirm\u00e9 son \u00abtotal soutien\u00bb aux magistrats du PNF. Le procureur a notamment affirm\u00e9 avoir personnellement \u00abvalid\u00e9 l\u2019analyse\u00bb de ses \u00e9quipes demandant le renvoi en proc\u00e8s de Rachida Dati.<\/p>\n<p class=\"sc-ksZaOG ehjQrN text-element\">La ministre de la Culture ainsi que Carlos Ghosn contestent <a href=\"https:\/\/www.liberation.fr\/politique\/rachida-dati-arrive-bardee-de-casseroles-au-ministere-de-la-culture-20240111_ZLMQ6TGWIZGTDNOU25FBDCVISE\/?redirected=1&amp;at_creation=NL_Chez_Pol__2025-07-23&amp;at_campaign=NL_Chez_Pol&amp;at_email_type=acquisition&amp;at_medium=email&amp;actId=~amBjaE7QkorzEiE8eUgZ_I4lWzBvQpWu61fnpK0XNZd8W5dMJClCt0jNZAd4yFb381wRN0goYUpJMGAZiQdc95jGrkeXfceNbMYyHaBHBsuBU0UGhAnlq&amp;actCampaignType=CAMPAIGN_MAIL&amp;actSource=547998\" target=\"_blank\" rel=\"noreferrer noopener\" title=\"https:\/\/www.liberation.fr\/politique\/rachida-dati-arrive-bardee-de-casseroles-au-ministere-de-la-culture-20240111_ZLMQ6TGWIZGTDNOU25FBDCVISE\/?redirected=1&amp;at_creation=NL_Chez_Pol__2025-07-23&amp;at_campaign=NL_Chez_Pol&amp;at_email_type=acquisition&amp;at_medium=email&amp;actId=~amBjaE7QkorzEiE8eUgZ_I4lWzBvQpWu61fnpK0XNZd8W5dMJClCt0jNZAd4yFb381wRN0goYUpJMGAZiQdc95jGrkeXfceNbMYyHaBHBsuBU0UGhAnlq&amp;actCampaignType=CAMPAIGN_MAIL&amp;actSource=547998\">les accusations dans ce dossier judiciaire<\/a> instruit depuis 2019 \u00e0 Paris et aux lourds enjeux politiques, Rachida Dati \u00e9tant \u00e9galement une potentielle candidate \u00e0 la mairie de Paris. La ministre, \u00e2g\u00e9e de 59 ans, sera jug\u00e9e pour recel d\u2019abus de pouvoir et d\u2019abus de confiance, corruption et trafic d\u2019influence passifs par personne investie d\u2019un mandat \u00e9lectif public au sein d\u2019une organisation internationale, le Parlement europ\u00e9en.<\/p>\n<p class=\"sc-ksZaOG ehjQrN text-element\">\u00abNous allons faire appel d\u00e8s aujourd\u2019hui de cette d\u00e9cision\u00bb, ont d\u00e9clar\u00e9 deux des avocats de Rachida Dati, Olivier Baratelli et Olivier Pardo, dont l\u2019un des nombreux recours sur la prescription des faits qu\u2019ils all\u00e8guent a encore \u00e9t\u00e9 \u00e9cart\u00e9 mi-juillet. Rachida Dati est soup\u00e7onn\u00e9e d\u2019avoir per\u00e7u 900 000 euros entre 2010 et 2012 pour des prestations de conseil act\u00e9es dans une convention d\u2019honoraires sign\u00e9e le 28 octobre 2009 avec RNBV, filiale de l\u2019alliance Renault-Nissan, mais sans avoir r\u00e9ellement travaill\u00e9, alors qu\u2019elle \u00e9tait avocate et d\u00e9put\u00e9e europ\u00e9enne (2009-2019).<\/p>\n","protected":false},"excerpt":{"rendered":"Directement mis en cause par Rachida Dati, le tribunal judiciaire de Paris contre-attaque. Son pr\u00e9sident, Peimane Ghaleh-Marzban, a&hellip;\n","protected":false},"author":2,"featured_media":267838,"comment_status":"","ping_status":"","sticky":false,"template":"","format":"standard","meta":{"footnotes":""},"categories":[1888],"tags":[11,15328,1777,674,1011,27,12,626,417,25],"class_list":{"0":"post-267837","1":"post","2":"type-post","3":"status-publish","4":"format-standard","5":"has-post-thumbnail","7":"category-paris","8":"tag-actualites","9":"tag-carlos-ghosn","10":"tag-eu","11":"tag-europe","12":"tag-fr","13":"tag-france","14":"tag-news","15":"tag-paris","16":"tag-rachida-dati","17":"tag-republique-francaise"},"share_on_mastodon":{"url":"https:\/\/pubeurope.com\/@fr\/114902202214447243","error":""},"_links":{"self":[{"href":"https:\/\/www.europesays.com\/fr\/wp-json\/wp\/v2\/posts\/267837","targetHints":{"allow":["GET"]}}],"collection":[{"href":"https:\/\/www.europesays.com\/fr\/wp-json\/wp\/v2\/posts"}],"about":[{"href":"https:\/\/www.europesays.com\/fr\/wp-json\/wp\/v2\/types\/post"}],"author":[{"embeddable":true,"href":"https:\/\/www.europesays.com\/fr\/wp-json\/wp\/v2\/users\/2"}],"replies":[{"embeddable":true,"href":"https:\/\/www.europesays.com\/fr\/wp-json\/wp\/v2\/comments?post=267837"}],"version-history":[{"count":0,"href":"https:\/\/www.europesays.com\/fr\/wp-json\/wp\/v2\/posts\/267837\/revisions"}],"wp:featuredmedia":[{"embeddable":true,"href":"https:\/\/www.europesays.com\/fr\/wp-json\/wp\/v2\/media\/267838"}],"wp:attachment":[{"href":"https:\/\/www.europesays.com\/fr\/wp-json\/wp\/v2\/media?parent=267837"}],"wp:term":[{"taxonomy":"category","embeddable":true,"href":"https:\/\/www.europesays.com\/fr\/wp-json\/wp\/v2\/categories?post=267837"},{"taxonomy":"post_tag","embeddable":true,"href":"https:\/\/www.europesays.com\/fr\/wp-json\/wp\/v2\/tags?post=267837"}],"curies":[{"name":"wp","href":"https:\/\/api.w.org\/{rel}","templated":true}]}}