{"id":267839,"date":"2025-07-23T11:00:12","date_gmt":"2025-07-23T11:00:12","guid":{"rendered":"https:\/\/www.europesays.com\/fr\/267839\/"},"modified":"2025-07-23T11:00:12","modified_gmt":"2025-07-23T11:00:12","slug":"la-troublante-offensive-des-autorites-contre-les-institutions-anticorruption-lexpress","status":"publish","type":"post","link":"https:\/\/www.europesays.com\/fr\/267839\/","title":{"rendered":"la troublante offensive des autorit\u00e9s contre les institutions anticorruption \u2013 L&rsquo;Express"},"content":{"rendered":"<p class=\"paragraph article-body-paragraph article__item   article-body-paragraph--first \">Est-ce un retour en arri\u00e8re pour l\u2019Ukraine ? <a href=\"https:\/\/kyivindependent.com\/potential-elimination-of-ukraines-anti-graft-infrastructure-signals-slide-into-authoritarianism-may-block-eu-integration\/\" rel=\"nofollow noopener\" target=\"_blank\">The Kyiv Independent<\/a>, n\u2019h\u00e9site pas, lui, \u00e0 \u00e9voquer un \u00ab\u00a0tournant d\u00e9cisif\u00a0\u00bb. En pleine <a href=\"https:\/\/www.lexpress.fr\/monde\/europe\/guerre-en-ukraine-des-negociations-entre-kiev-et-moscou-attendues-aujourdhui-a-istanbul-HK6SX4HUWJATFP2WQHUZCWJ7UY\/\" target=\"_self\" rel=\"nofollow noopener\" title=\"https:\/\/www.lexpress.fr\/monde\/europe\/guerre-en-ukraine-des-negociations-entre-kiev-et-moscou-attendues-aujourdhui-a-istanbul-HK6SX4HUWJATFP2WQHUZCWJ7UY\/\">guerre contre la Russie<\/a>, Kiev a d\u00e9clench\u00e9 une onde de choc en adoptant une loi qui affaiblit consid\u00e9rablement ses institutions <a href=\"https:\/\/www.lexpress.fr\/monde\/ukraine-pourquoi-la-nouvelle-politique-anticorruption-voulue-par-zelensky-fait-debat-CHGICQHPGZA53K4WYNVDWFGCHQ\/\" target=\"_self\" rel=\"nofollow noopener\" title=\"https:\/\/www.lexpress.fr\/monde\/ukraine-pourquoi-la-nouvelle-politique-anticorruption-voulue-par-zelensky-fait-debat-CHGICQHPGZA53K4WYNVDWFGCHQ\/\">anticorruption.<\/a> Mardi 22 juillet, le pr\u00e9sident <a href=\"https:\/\/www.lexpress.fr\/monde\/europe\/ukraine-la-russie-juge-quil-faudra-beaucoup-de-travail-pour-rapprocher-les-positions-TW2OBU6MMZBGDAKIYEM6CWRRSI\/\" target=\"_self\" rel=\"nofollow noopener\" title=\"https:\/\/www.lexpress.fr\/monde\/europe\/ukraine-la-russie-juge-quil-faudra-beaucoup-de-travail-pour-rapprocher-les-positions-TW2OBU6MMZBGDAKIYEM6CWRRSI\/\">Volodymyr Zelensky<\/a> a promulgu\u00e9 une loi qui place deux organes clefs \u2013 le parquet sp\u00e9cialis\u00e9 (SAP) et l\u2019agence d\u2019enqu\u00eate anticorruption (NABU) \u2013 sous l\u2019autorit\u00e9 directe du procureur g\u00e9n\u00e9ral. Or ce dernier d\u00e9pend lui-m\u00eame du chef de l\u2019\u00c9tat. Cette r\u00e9forme, largement per\u00e7ue comme un coup de frein \u00e0 la lutte contre la corruption, a suscit\u00e9 une rare mobilisation dans les rues de Kiev, mais aussi Lviv, Dnipro et Odessa.<\/p>\n<p class=\"paragraph article-body-paragraph article__item   \">Plusieurs centaines de personnes se sont r\u00e9unies, pancartes en main : \u00ab\u00a0Nous avons choisi l\u2019Europe, pas l\u2019autocratie\u00a0\u00bb, ou encore \u00ab\u00a0Mon p\u00e8re n\u2019est pas mort pour \u00e7a\u00a0\u00bb, pouvait-on lire parmi les slogans. C\u2019est la premi\u00e8re grande manifestation antigouvernementale depuis <a href=\"https:\/\/www.lexpress.fr\/monde\/europe\/l-ukraine-hesite-entre-est-et-ouest_1302698.html\" target=\"_self\" rel=\"nofollow noopener\" title=\"https:\/\/www.lexpress.fr\/monde\/europe\/l-ukraine-hesite-entre-est-et-ouest_1302698.html\">le d\u00e9but de l\u2019invasion russe<\/a>, en f\u00e9vrier 2022. \u00ab\u00a0Ces d\u00e9monstrations sont pourtant interdites par la loi martiale et limit\u00e9e par le couvre-feu nocturne\u00a0\u00bb, rappelle <a href=\"https:\/\/www.politico.eu\/article\/ukraine-corruption-law-protests-volodymyr-zelenskyy\/\" target=\"_self\" rel=\"nofollow noopener\" title=\"https:\/\/www.politico.eu\/article\/ukraine-corruption-law-protests-volodymyr-zelenskyy\/\">Politico<\/a>. De son c\u00f4t\u00e9, Bruxelles a r\u00e9agi en faisant part de son inqui\u00e9tude. \u00ab\u00a0Profond\u00e9ment pr\u00e9occup\u00e9e\u00a0\u00bb, la commissaire charg\u00e9e de l\u2019\u00e9largissement, Marta Kos, a d\u00e9nonc\u00e9 un \u00ab\u00a0s\u00e9rieux recul\u00a0\u00bb. Le respect de l\u2019\u00c9tat de droit reste une condition non n\u00e9gociable pour les n\u00e9gociations d\u2019adh\u00e9sion, rappelle la Commission europ\u00e9enne.<\/p>\n<p><strong class=\"article-body-link-list__item text-gray-800 article-body-link-list__item--one-item\">LIRE AUSSI : <a class=\"article-body-link-list__item-link\" href=\"https:\/\/www.lexpress.fr\/idees-et-debats\/zelensky-un-documentaire-pour-lhistoire-entre-un-appel-de-sa-maman-et-de-trump-il-choisira-mama-224YAJ5LLZFEVPHSCSAPQORB6M\/\" target=\"_blank\" rel=\"noreferrer nofollow noopener\">Guerre en Ukraine : \u00ab\u00a0Zelensky a choisi, comme Churchill, de ne pas porter de costume civil avant la paix retrouv\u00e9e\u00a0\u00bb<\/a><\/strong><\/p>\n<p class=\"paragraph article-body-paragraph article__item   \">Pour sa part, le pr\u00e9sident ukrainien justifie cette centralisation par la n\u00e9cessit\u00e9 de purger le syst\u00e8me de toute influence russe. \u00ab\u00a0Nous avons tous un ennemi commun : les occupants russes. Et pour d\u00e9fendre l\u2019\u00c9tat ukrainien, il faut un syst\u00e8me de protection de l\u2019ordre suffisamment solide, capable de garantir un v\u00e9ritable sentiment de justice,\u00a0\u00bb a-t-il encore affirm\u00e9, mercredi 23 juillet. Deux jours avant, les services de s\u00e9curit\u00e9 ukrainiens (SBU) avaient annonc\u00e9 l\u2019arrestation d\u2019un membre du NABU pour espionnage pr\u00e9sum\u00e9 au profit de Moscou. \u00ab\u00a0L\u2019infrastructure anticorruption fonctionnera. Simplement, sans l\u2019influence russe\u00a0\u00bb, a voulu rassurer Volodymyr Zelensky.<\/p>\n<p class=\"paragraph article-body-paragraph article__item   \">Ce dernier a enfonc\u00e9 le clou, critiquant l\u2019efficacit\u00e9 de l\u2019infrastructure anticorruption ukrainienne, affirmant que des affaires \u00e9taient \u00ab\u00a0en sommeil\u00a0\u00bb. \u00ab\u00a0Il n\u2019y a aucune explication rationnelle au fait que des proc\u00e9dures p\u00e9nales valant des milliards soient en suspens depuis des ann\u00e9es\u00a0\u00bb, a-t-il tanc\u00e9.<\/p>\n<p>\u00ab\u00a0Mauvais jour pour l\u2019Ukraine\u00a0\u00bb<\/p>\n<p class=\"paragraph article-body-paragraph article__item   \">Selon le d\u00e9put\u00e9 Roman Lozinsky, la nouvelle loi accorde au procureur g\u00e9n\u00e9ral le pouvoir de g\u00e9rer le SAP, de donner des \u00ab\u00a0instructions \u00e9crites obligatoires\u00a0\u00bb au NABU et d\u2019avoir acc\u00e8s aux d\u00e9tails de n\u2019importe quelle affaire et de les d\u00e9l\u00e9guer au procureur de son choix ou \u00e0 d\u2019autres agences. Pour Semion Kryvonos, directeur du NABU, \u00ab\u00a0l\u2019infrastructure anticorruption a \u00e9t\u00e9 d\u00e9truite\u00a0\u00bb.<\/p>\n<p class=\"paragraph article-body-paragraph article__item   \">Cette loi s\u2019inscrit dans un contexte plus large de tensions croissantes entre le gouvernement et les voix critiques. En t\u00e9moigne le sort du militant Vitali\u00ef Chabounine, 40 ans. Cette figure du Centre d\u2019action anticorruption (AntAC), poursuivie pour fraude et insoumission militaire pr\u00e9sum\u00e9e, risque jusqu\u2019\u00e0 dix ans de prison. Le 15 juillet, 90 ONG ont sign\u00e9 une lettre ouverte appelant le pr\u00e9sident \u00e0 mettre fin \u00e0 \u00ab\u00a0l\u2019utilisation du syst\u00e8me judiciaire \u00e0 des fins de repr\u00e9sailles politiques\u00a0\u00bb. <a href=\"https:\/\/ti-ukraine.org\/en\/\" target=\"_self\" rel=\"nofollow noopener\" title=\"https:\/\/ti-ukraine.org\/en\/\">Transparency International Ukraine<\/a> a d\u00e9nonc\u00e9 des perquisitions \u00ab\u00a0ill\u00e9gales\u00a0\u00bb et une tentative de pression sur les enqu\u00eates men\u00e9es par l\u2019agence. Le moment n\u2019est pas anodin : selon la presse ukrainienne, le NABU et le SAP s\u2019appr\u00eataient \u00e0 inculper plusieurs anciens ministres.<\/p>\n<p><strong class=\"article-body-link-list__item text-gray-800 article-body-link-list__item--one-item\">LIRE AUSSI : <a class=\"article-body-link-list__item-link\" href=\"https:\/\/www.lexpress.fr\/monde\/europe\/on-les-envoie-sur-le-front-combattre-les-leurs-marc-levy-raconte-son-enquete-sur-les-enfants-MZWWPQAEJJHF3PMQ3YBSIJC7GI\/\" target=\"_blank\" rel=\"noreferrer nofollow noopener\">\u00ab\u00a0On les envoie sur le front combattre les leurs\u00a0\u00bb : Marc Levy raconte son enqu\u00eate sur les enfants d\u2019Ukraine d\u00e9port\u00e9s en Russie<\/a><\/strong><\/p>\n<p class=\"paragraph article-body-paragraph article__item   \">Cr\u00e9\u00e9es en 2014 et 2015, \u00e0 la suite de la <a href=\"https:\/\/www.lexpress.fr\/monde\/europe\/maidan-2014-la-naissance-des-heros-de-l-ukraine_2178829.html\" target=\"_self\" rel=\"nofollow noopener\" title=\"https:\/\/www.lexpress.fr\/monde\/europe\/maidan-2014-la-naissance-des-heros-de-l-ukraine_2178829.html\">r\u00e9volution de Ma\u00efdan <\/a>et avec le soutien explicite des alli\u00e9s occidentaux, ces structures de lutte contre la corruption sont devenues un symbole des efforts d\u00e9mocratiques du pays. Leur fragilisation menace donc bien plus que leur fonctionnement interne : elle jette une ombre sur le projet europ\u00e9en de l\u2019Ukraine. \u00ab\u00a0Ce texte va \u00e0 l\u2019encontre de nos obligations dans le cadre du processus d\u2019int\u00e9gration \u00e0 l\u2019UE\u00a0\u00bb, alerte Anastassia Radina, pr\u00e9sidente du Comit\u00e9 anticorruption du Parlement. Depuis Kiev, un diplomate europ\u00e9en nuance cependant : \u00ab\u00a0Est-ce un revers ? Oui. Est-ce un point de non-retour ? Non.\u00a0\u00bb Pour l\u2019heure, les alli\u00e9s occidentaux restent prudents. En effet, r\u00e9duire l\u2019aide \u00e0 un pays dont l\u2019arm\u00e9e est en premi\u00e8re ligne face \u00e0 la Russie reste difficile \u00e0 envisager.<\/p>\n<p class=\"paragraph article-body-paragraph article__item    article__text__endpicto\">Dmytro Kuleba, qui a d\u00e9missionn\u00e9 de son poste de ministre des Affaires \u00e9trang\u00e8res ukrainien en 2024, a martel\u00e9 qu\u2019il s\u2019agissait d\u2019un \u00ab\u00a0mauvais jour pour l\u2019Ukraine\u00a0\u00bb et que le pr\u00e9sident ukrainien avait le choix : se ranger du c\u00f4t\u00e9 du peuple ou non. Mais dans ce double combat \u2013 contre l\u2019arm\u00e9e russe et pour la d\u00e9mocratie \u2013, les signaux envoy\u00e9s par Kiev pourraient bien peser lourd. Reste \u00e0 l\u2019Ukraine de convaincre qu\u2019elle ne sacrifie pas ses principes sur l\u2019autel de la guerre.<\/p>\n","protected":false},"excerpt":{"rendered":"Est-ce un retour en arri\u00e8re pour l\u2019Ukraine ? The Kyiv Independent, n\u2019h\u00e9site pas, lui, \u00e0 \u00e9voquer un \u00ab\u00a0tournant&hellip;\n","protected":false},"author":2,"featured_media":267840,"comment_status":"","ping_status":"","sticky":false,"template":"","format":"standard","meta":{"footnotes":""},"categories":[1591],"tags":[11,674,1887,74,12,1885,1886,132],"class_list":{"0":"post-267839","1":"post","2":"type-post","3":"status-publish","4":"format-standard","5":"has-post-thumbnail","7":"category-russie","8":"tag-actualites","9":"tag-europe","10":"tag-federation-de-russie","11":"tag-monde","12":"tag-news","13":"tag-russia","14":"tag-russian-federation","15":"tag-russie"},"share_on_mastodon":{"url":"https:\/\/pubeurope.com\/@fr\/114902205934018888","error":""},"_links":{"self":[{"href":"https:\/\/www.europesays.com\/fr\/wp-json\/wp\/v2\/posts\/267839","targetHints":{"allow":["GET"]}}],"collection":[{"href":"https:\/\/www.europesays.com\/fr\/wp-json\/wp\/v2\/posts"}],"about":[{"href":"https:\/\/www.europesays.com\/fr\/wp-json\/wp\/v2\/types\/post"}],"author":[{"embeddable":true,"href":"https:\/\/www.europesays.com\/fr\/wp-json\/wp\/v2\/users\/2"}],"replies":[{"embeddable":true,"href":"https:\/\/www.europesays.com\/fr\/wp-json\/wp\/v2\/comments?post=267839"}],"version-history":[{"count":0,"href":"https:\/\/www.europesays.com\/fr\/wp-json\/wp\/v2\/posts\/267839\/revisions"}],"wp:featuredmedia":[{"embeddable":true,"href":"https:\/\/www.europesays.com\/fr\/wp-json\/wp\/v2\/media\/267840"}],"wp:attachment":[{"href":"https:\/\/www.europesays.com\/fr\/wp-json\/wp\/v2\/media?parent=267839"}],"wp:term":[{"taxonomy":"category","embeddable":true,"href":"https:\/\/www.europesays.com\/fr\/wp-json\/wp\/v2\/categories?post=267839"},{"taxonomy":"post_tag","embeddable":true,"href":"https:\/\/www.europesays.com\/fr\/wp-json\/wp\/v2\/tags?post=267839"}],"curies":[{"name":"wp","href":"https:\/\/api.w.org\/{rel}","templated":true}]}}