{"id":267850,"date":"2025-07-23T11:06:10","date_gmt":"2025-07-23T11:06:10","guid":{"rendered":"https:\/\/www.europesays.com\/fr\/267850\/"},"modified":"2025-07-23T11:06:10","modified_gmt":"2025-07-23T11:06:10","slug":"droits-de-douane-le-negociateur-europeen-va-sentretenir-ce-mercredi-avec-son-homologue-americain","status":"publish","type":"post","link":"https:\/\/www.europesays.com\/fr\/267850\/","title":{"rendered":"Droits de douane\u00a0: le n\u00e9gociateur europ\u00e9en va s\u2019entretenir ce mercredi avec son homologue am\u00e9ricain"},"content":{"rendered":"<p>Le n\u00e9gociateur en chef de l\u2019Union europ\u00e9enne, Maros Sefcovic, va s\u2019entretenir, ce mercredi 23 juillet 2025, avec son homologue am\u00e9ricain, Howard Lutnick, au sujet des droits de douane, a indiqu\u00e9 un porte-parole de la Commission europ\u00e9enne.<\/p>\n<p>\u00ab Nous continuons parall\u00e8lement \u00e0 nous pr\u00e9parer \u00e0 toutes les issues possibles, y compris \u00e0 d\u2019\u00e9ventuelles <a href=\"https:\/\/www.letelegramme.fr\/monde\/droits-de-douane-des-represailles-europeennes-a-72-milliards-deuros-envisagees-pour-repliquer-a-donald-trump-6855365.php\" target=\"_blank\" rel=\"nofollow noopener\">contre-mesures suppl\u00e9mentaires<\/a> \u00bb pour riposter aux taxes douani\u00e8res am\u00e9ricaines, que Donald Trump veut porter \u00e0 30 % en ce qui concerne les importations europ\u00e9ennes aux \u00c9tats-Unis, a-t-il ajout\u00e9.<\/p>\n","protected":false},"excerpt":{"rendered":"Le n\u00e9gociateur en chef de l\u2019Union europ\u00e9enne, Maros Sefcovic, va s\u2019entretenir, ce mercredi 23 juillet 2025, avec son&hellip;\n","protected":false},"author":2,"featured_media":267851,"comment_status":"","ping_status":"","sticky":false,"template":"","format":"standard","meta":{"footnotes":""},"categories":[1586],"tags":[11,215,2822,33,765,73,1777,674,1779,9467,1011,27,74,12,25,1778,364,308],"class_list":{"0":"post-267850","1":"post","2":"type-post","3":"status-publish","4":"format-standard","5":"has-post-thumbnail","7":"category-europe","8":"tag-actualites","9":"tag-commerce","10":"tag-douanes","11":"tag-economie","12":"tag-en-continu","13":"tag-etats-unis","14":"tag-eu","15":"tag-europe","16":"tag-european-union","17":"tag-finances","18":"tag-fr","19":"tag-france","20":"tag-monde","21":"tag-news","22":"tag-republique-francaise","23":"tag-ue","24":"tag-union-europeenne","25":"tag-usa"},"share_on_mastodon":{"url":"","error":""},"_links":{"self":[{"href":"https:\/\/www.europesays.com\/fr\/wp-json\/wp\/v2\/posts\/267850","targetHints":{"allow":["GET"]}}],"collection":[{"href":"https:\/\/www.europesays.com\/fr\/wp-json\/wp\/v2\/posts"}],"about":[{"href":"https:\/\/www.europesays.com\/fr\/wp-json\/wp\/v2\/types\/post"}],"author":[{"embeddable":true,"href":"https:\/\/www.europesays.com\/fr\/wp-json\/wp\/v2\/users\/2"}],"replies":[{"embeddable":true,"href":"https:\/\/www.europesays.com\/fr\/wp-json\/wp\/v2\/comments?post=267850"}],"version-history":[{"count":0,"href":"https:\/\/www.europesays.com\/fr\/wp-json\/wp\/v2\/posts\/267850\/revisions"}],"wp:featuredmedia":[{"embeddable":true,"href":"https:\/\/www.europesays.com\/fr\/wp-json\/wp\/v2\/media\/267851"}],"wp:attachment":[{"href":"https:\/\/www.europesays.com\/fr\/wp-json\/wp\/v2\/media?parent=267850"}],"wp:term":[{"taxonomy":"category","embeddable":true,"href":"https:\/\/www.europesays.com\/fr\/wp-json\/wp\/v2\/categories?post=267850"},{"taxonomy":"post_tag","embeddable":true,"href":"https:\/\/www.europesays.com\/fr\/wp-json\/wp\/v2\/tags?post=267850"}],"curies":[{"name":"wp","href":"https:\/\/api.w.org\/{rel}","templated":true}]}}