{"id":267854,"date":"2025-07-23T11:08:14","date_gmt":"2025-07-23T11:08:14","guid":{"rendered":"https:\/\/www.europesays.com\/fr\/267854\/"},"modified":"2025-07-23T11:08:14","modified_gmt":"2025-07-23T11:08:14","slug":"un-arret-total-et-illimite-du-pays-cest-quoi-cet-appel-du-10-septembre","status":"publish","type":"post","link":"https:\/\/www.europesays.com\/fr\/267854\/","title":{"rendered":"\u00ab\u00a0Un arr\u00eat total et illimit\u00e9 du pays\u00a0\u00bb\u2026 C\u2019est quoi cet appel du 10\u00a0septembre\u00a0?"},"content":{"rendered":"<p> \u00abUn arr\u00eat total et illimit\u00e9 du pays\u00a0\u00bb. C\u2019est l\u2019appel d\u2019un mouvement n\u00e9 sur les r\u00e9seaux sociaux qui invite \u00e0 bloquer la France \u00ab\u00a0\u00e0 partir du 10\u00a0septembre\u00a0\u00bb. Il souhaite r\u00e9agir \u00e0 la feuille de route, pr\u00e9sent\u00e9e par le Premier ministre <a href=\"https:\/\/www.20minutes.fr\/dossier\/premier_ministre\" class=\"color-ultramarine c-link\" rel=\"nofollow noopener\" target=\"_blank\">Fran\u00e7ois Bayrou<\/a>, d\u2019une cure d\u2019aust\u00e9rit\u00e9 de plus de 43\u00a0milliards d\u2019euros pour le <a href=\"https:\/\/www.20minutes.fr\/economie\/4163841-20250717-budget-2026-mai-vraiment-mois-glandeur-comme-sous-entend-francois-bayrou\" class=\"color-ultramarine c-link\" rel=\"nofollow noopener\" target=\"_blank\">budget 2026<\/a>, afin de ramener le d\u00e9ficit public \u00e0 4,6\u00a0% l\u2019ann\u00e9e prochaine.<\/p>\n<p>Les annonces du locataire de Matignon, le 15\u00a0juillet, ont fait <a href=\"https:\/\/www.20minutes.fr\/politique\/4163811-20250716-budget-2026-cure-austerite-francois-bayrou-deja-enterree\" class=\"color-ultramarine c-link\" rel=\"nofollow noopener\" target=\"_blank\">bondir les oppositions<\/a> parlementaires et les syndicats, dont la CGT, qui promettent des mobilisations \u00e0 la rentr\u00e9e.<\/p>\n<p>\u00ab\u00a0Aucun parti, aucune organisation, aucune couleur\u00a0\u00bb<\/p>\n<p>Hors parti et hors syndicats, un appel \u00e0 la \u00ab\u00a0mobilisation\u00a0\u00bb d\u00e9but septembre a aussi \u00e9t\u00e9 lanc\u00e9 par un collectif n\u00e9 sur les r\u00e9seaux sociaux, et rep\u00e9r\u00e9 par <a href=\"https:\/\/www.humanite.fr\/social-et-economie\/budget\/un-arret-total-et-illimite-du-pays-cest-quoi-ces-appels-a-bloquer-la-france-le-10-septembre\" rel=\"nofollow noopener\" target=\"_blank\" class=\"color-ultramarine c-link\">L\u2019Humanit\u00e9<\/a> et <a href=\"https:\/\/www.leparisien.fr\/politique\/un-arret-total-et-illimite-du-pays-cest-quoi-ce-mouvement-qui-appelle-a-bloquer-la-france-a-partir-du-10-septembre-22-07-2025-7VCMYN5AJRHODBHYRZKEZ3PDGQ.php\" rel=\"nofollow noopener\" target=\"_blank\" class=\"color-ultramarine c-link\">Le Parisien<\/a>. D\u2019apr\u00e8s l\u2019un de ses membres contact\u00e9 par le quotidien r\u00e9gional, qui souhaite rester anonyme, le but \u00ab\u00a0n\u2019est pas juste une manifestation classique, mais un vrai blocage\u00a0\u00bb.<\/p>\n<\/p>\n<p>Ce groupe d\u2019une vingtaine de personnes a d\u00e9voil\u00e9, le 19\u00a0juillet, le site <a href=\"https:\/\/mobilisation10septembre.blog\/\" target=\"_blank\" class=\"color-ultramarine c-link\" rel=\"nofollow noopener\">mobilisation10septembre.blog<\/a>, puis un compte X@bloquons tout, suivi par 763 abonn\u00e9s ce mercredi matin.<\/p>\n<p>La date du 10\u00a0septembre aurait \u00e9t\u00e9 choisie \u00ab\u00a0parce que c\u2019est la rentr\u00e9e sociale, le moment o\u00f9 tout red\u00e9marre\u00a0\u00bb, selon cet intervenant. Si ce mouvement \u00ab\u00a0ne d\u00e9pend d\u2019aucun parti, d\u2019aucune organisation, d\u2019aucune couleur\u00a0\u00bb, selon ce membre, le quotidien souligne que cet appel \u00e0 la mobilisation a \u00e9t\u00e9 largement partag\u00e9 sur les r\u00e9seaux sociaux par des comptes li\u00e9s \u00e0 l\u2019extr\u00eame droite, et plus timidement par des militants class\u00e9s \u00e0 gauche ou \u00e0 l\u2019extr\u00eame gauche.<\/p>\n","protected":false},"excerpt":{"rendered":"\u00abUn arr\u00eat total et illimit\u00e9 du pays\u00a0\u00bb. C\u2019est l\u2019appel d\u2019un mouvement n\u00e9 sur les r\u00e9seaux sociaux qui invite&hellip;\n","protected":false},"author":2,"featured_media":267855,"comment_status":"","ping_status":"","sticky":false,"template":"","format":"standard","meta":{"footnotes":""},"categories":[2],"tags":[47,11,9301,1003,33,1011,27,431,418,6151,1272,10234,12,40731,25,938,104,11564],"class_list":{"0":"post-267854","1":"post","2":"type-post","3":"status-publish","4":"format-standard","5":"has-post-thumbnail","7":"category-actualites","8":"tag-actualite","9":"tag-actualites","10":"tag-austerite","11":"tag-budget","12":"tag-economie","13":"tag-fr","14":"tag-france","15":"tag-francois-bayrou","16":"tag-gouvernement","17":"tag-greve","18":"tag-manifestations","19":"tag-mobilisation","20":"tag-news","21":"tag-plan-dausterite","22":"tag-republique-francaise","23":"tag-reseaux-sociaux","24":"tag-societe","25":"tag-syndicat"},"share_on_mastodon":{"url":"https:\/\/pubeurope.com\/@fr\/114902237399921408","error":""},"_links":{"self":[{"href":"https:\/\/www.europesays.com\/fr\/wp-json\/wp\/v2\/posts\/267854","targetHints":{"allow":["GET"]}}],"collection":[{"href":"https:\/\/www.europesays.com\/fr\/wp-json\/wp\/v2\/posts"}],"about":[{"href":"https:\/\/www.europesays.com\/fr\/wp-json\/wp\/v2\/types\/post"}],"author":[{"embeddable":true,"href":"https:\/\/www.europesays.com\/fr\/wp-json\/wp\/v2\/users\/2"}],"replies":[{"embeddable":true,"href":"https:\/\/www.europesays.com\/fr\/wp-json\/wp\/v2\/comments?post=267854"}],"version-history":[{"count":0,"href":"https:\/\/www.europesays.com\/fr\/wp-json\/wp\/v2\/posts\/267854\/revisions"}],"wp:featuredmedia":[{"embeddable":true,"href":"https:\/\/www.europesays.com\/fr\/wp-json\/wp\/v2\/media\/267855"}],"wp:attachment":[{"href":"https:\/\/www.europesays.com\/fr\/wp-json\/wp\/v2\/media?parent=267854"}],"wp:term":[{"taxonomy":"category","embeddable":true,"href":"https:\/\/www.europesays.com\/fr\/wp-json\/wp\/v2\/categories?post=267854"},{"taxonomy":"post_tag","embeddable":true,"href":"https:\/\/www.europesays.com\/fr\/wp-json\/wp\/v2\/tags?post=267854"}],"curies":[{"name":"wp","href":"https:\/\/api.w.org\/{rel}","templated":true}]}}