{"id":267860,"date":"2025-07-23T11:12:13","date_gmt":"2025-07-23T11:12:13","guid":{"rendered":"https:\/\/www.europesays.com\/fr\/267860\/"},"modified":"2025-07-23T11:12:13","modified_gmt":"2025-07-23T11:12:13","slug":"le-groupe-des-springboks-pour-le-rugby-championship-une-recrue-star-de-lubb-presente","status":"publish","type":"post","link":"https:\/\/www.europesays.com\/fr\/267860\/","title":{"rendered":"le groupe des Springboks pour le Rugby Championship, une recrue star de l\u2019UBB pr\u00e9sente !"},"content":{"rendered":"<p>L\u2019Afrique du Sud veut poursuivre sa domination. Les doubles champions du monde d\u00e9fendre leur titre en Rugby Championship d\u00e8s le 16 ao\u00fbt et leur premier match face \u00e0 l\u2019Australie. En vue de cette \u00e9ch\u00e9ance, Rassie Erasmus a convoqu\u00e9 37 joueurs appel\u00e9s \u00e0 d\u00e9fendre les couleurs de la s\u00e9lection.<\/p>\n<p>Du Preez s\u00e9lectionn\u00e9, d\u00e9buts retard\u00e9s avec l\u2019UBB<\/p>\n<p>On retrouve la colonne vert\u00e9brale des Springboks, avec Eben Etzebth, Pieter-Steph du Toit, Siya Kolisi ou encore Cheslin Kolbe. En revanche, Faf de Klerk doit se contenter d\u2019une place de r\u00e9serviste. Un seul joueur \u00e9voluant dans le Top 14 est pr\u00e9sent, en la personne de Jean-Luc du Preez.<\/p>\n<p>La recrue star de l\u2019Union Bordeaux-B\u00e8gles viendra apporter toute sa dimension physique \u00e0 l\u2019Afrique du Sud. Transf\u00e9r\u00e9 en provenance de Sale en Angleterre, le troisi\u00e8me-ligne devra donc patienter avant de faire ses d\u00e9buts avec les Champions d\u2019Europe.<\/p>\n<p>Le groupe<\/p>\n<p><strong>Avants :\u00a0<\/strong>Lood de Jager (Wild Knights), Pieter-Steph du Toit (Toyota Verblitz), Jean-Luc du Preez (Bordeaux-Begles), Eben Etzebeth (Hollywoodbets Sharks), Vincent Koch (Hollywoodbets Sharks), Siya Kolisi (Hollywoodbets Sharks), Wilco Louw (Vodacom Bulls), Malcolm Marx (Kubota Spears), Bongi Mbonambi (Hollywoodbets Sharks), Franco Mostert (Honda Heat), Ox Nche (Hollywoodbets Sharks), Ruan Nortje (Vodacom Bulls), Asenathi Ntlabakanye (Lions), Kwagga Smith (Shizuoka Blue Revs), RG Snyman (Leinster), Marnus van der Merwe (Scarlets), Marco van Staden (Vodacom Bulls), Boan Venter (Edinburgh), Jan-Hendrik Wessels (Vodacom Bulls), Cobus Wiese (Vodacom Bulls).<\/p>\n<p><strong>Trois-quarts :\u00a0<\/strong>Kurt-Lee Arendse (Vodacom Bulls), Damian de Allende (Wild Knights), Andre Esterhuizen (Hollywoodbets Sharks), Aphelele Fassi (Hollywoodbets Sharks), Sacha Feinberg-Mngomezulu (DHL Stormers), Ethan Hooker (Hollywoodbets Sharks), Jesse Kriel (Canon Eagles), Cheslin Kolbe (Tokyo Sungoliath), Willie le Roux (Vodacom Bulls), Manie Libbok (DHL Stormers), Canan Moodie (Vodacom Bulls), Handre Pollard (Vodacom Bulls), Cobus Reinach (DHL Stormers), Edwill van der Merwe (Hollywoodbets Sharks), Morne van den Berg (Lions), Grant Williams (Hollywoodbets Sharks), Damian Willemse (DHL Stormers).<\/p>\n<blockquote class=\"twitter-tweet\">\n<p dir=\"ltr\" lang=\"en\">Rassie Erasmus has invited three <a href=\"https:\/\/twitter.com\/hashtag\/JuniorBoks?src=hash&amp;ref_src=twsrc%5Etfw\" rel=\"nofollow noopener\" target=\"_blank\">#JuniorBoks<\/a> to train with the <a href=\"https:\/\/twitter.com\/hashtag\/Springboks?src=hash&amp;ref_src=twsrc%5Etfw\" rel=\"nofollow noopener\" target=\"_blank\">#Springboks<\/a> squad for next month&rsquo;s Wallaby Tests \ud83e\udd29<a href=\"https:\/\/twitter.com\/hashtag\/ForeverGreenForeverGold?src=hash&amp;ref_src=twsrc%5Etfw\" rel=\"nofollow noopener\" target=\"_blank\">#ForeverGreenForeverGold<\/a><\/p>\n<p>\u2014 Springboks (@Springboks) <a href=\"https:\/\/twitter.com\/Springboks\/status\/1947933511798952411?ref_src=twsrc%5Etfw\" rel=\"nofollow noopener\" target=\"_blank\">July 23, 2025<\/a><\/p>\n<\/blockquote>\n<p>Partagez cette info avec vos amis et vos proches en cliquant ici<br \/>Pour r\u00e9sumer<\/p>\n<p>Rassie Erasmus a d\u00e9voil\u00e9 la composition de son groupe pour le Rugby Championship. Le s\u00e9lectionneur sud-africain a fait appel \u00e0 ses cadres, dont une recrue star de l\u2019Union Bordeaux-B\u00e8gles. Jean-Luc Du Preez devra patienter avant de faire ses d\u00e9buts en France.<\/p>\n<p> <img decoding=\"async\" width=\"76\" height=\"76\" loading=\"lazy\" src=\"https:\/\/www.europesays.com\/fr\/wp-content\/uploads\/2025\/04\/avatar-quinze.png\" alt=\"Arnaud D\u00e9chelotte\"\/><script async src=\"https:\/\/platform.twitter.com\/widgets.js\" charset=\"utf-8\"><\/script><\/p>\n","protected":false},"excerpt":{"rendered":"L\u2019Afrique du Sud veut poursuivre sa domination. Les doubles champions du monde d\u00e9fendre leur titre en Rugby Championship&hellip;\n","protected":false},"author":2,"featured_media":267861,"comment_status":"","ping_status":"","sticky":false,"template":"","format":"standard","meta":{"footnotes":""},"categories":[1416],"tags":[1011,27,479,1468,60],"class_list":{"0":"post-267860","1":"post","2":"type-post","3":"status-publish","4":"format-standard","5":"has-post-thumbnail","7":"category-rugby","8":"tag-fr","9":"tag-france","10":"tag-rugby","11":"tag-rugby-football","12":"tag-sports"},"share_on_mastodon":{"url":"https:\/\/pubeurope.com\/@fr\/114902253227495164","error":""},"_links":{"self":[{"href":"https:\/\/www.europesays.com\/fr\/wp-json\/wp\/v2\/posts\/267860","targetHints":{"allow":["GET"]}}],"collection":[{"href":"https:\/\/www.europesays.com\/fr\/wp-json\/wp\/v2\/posts"}],"about":[{"href":"https:\/\/www.europesays.com\/fr\/wp-json\/wp\/v2\/types\/post"}],"author":[{"embeddable":true,"href":"https:\/\/www.europesays.com\/fr\/wp-json\/wp\/v2\/users\/2"}],"replies":[{"embeddable":true,"href":"https:\/\/www.europesays.com\/fr\/wp-json\/wp\/v2\/comments?post=267860"}],"version-history":[{"count":0,"href":"https:\/\/www.europesays.com\/fr\/wp-json\/wp\/v2\/posts\/267860\/revisions"}],"wp:featuredmedia":[{"embeddable":true,"href":"https:\/\/www.europesays.com\/fr\/wp-json\/wp\/v2\/media\/267861"}],"wp:attachment":[{"href":"https:\/\/www.europesays.com\/fr\/wp-json\/wp\/v2\/media?parent=267860"}],"wp:term":[{"taxonomy":"category","embeddable":true,"href":"https:\/\/www.europesays.com\/fr\/wp-json\/wp\/v2\/categories?post=267860"},{"taxonomy":"post_tag","embeddable":true,"href":"https:\/\/www.europesays.com\/fr\/wp-json\/wp\/v2\/tags?post=267860"}],"curies":[{"name":"wp","href":"https:\/\/api.w.org\/{rel}","templated":true}]}}