{"id":267864,"date":"2025-07-23T11:15:12","date_gmt":"2025-07-23T11:15:12","guid":{"rendered":"https:\/\/www.europesays.com\/fr\/267864\/"},"modified":"2025-07-23T11:15:12","modified_gmt":"2025-07-23T11:15:12","slug":"allo-le-222-a-marquez","status":"publish","type":"post","link":"https:\/\/www.europesays.com\/fr\/267864\/","title":{"rendered":"All\u00f4 le 222 \u00e0 Marquez ?"},"content":{"rendered":"<p>Marquez dit et redit qu&rsquo;il est obs\u00e9d\u00e9 par une nouvelle blessure, qui sonnerait \u00e9videmment le glas de son retour (pour lequel il a tant souffert) et probablement la fin de sa carri\u00e8re. L&rsquo;enjeu est l\u00e0 \u00ab <strong>ragazzi<\/strong> \u00bb comme on dit chez les ritals. (L&rsquo;\u00e9quivalent de \u00ab les mecs \u00bb&#8230;) Que Marc ait gagn\u00e9 quasiment la totalit\u00e9 des sprints&#8230; mais pas la totalit\u00e9 des GP, loin de l\u00e0, est une chose. Mais tant qu&rsquo;il lui manquera un point pour s\u00e9curiser le titre, le destin pourra le renvoyer en enfer. Quand je regarde les GP, \u00e7a dure depuis mille ans, j&rsquo;ai deux petits diables qui se contredisent d&rsquo;ailleurs, l&rsquo;un qui a une peur bleue de l&rsquo;accident grave, l&rsquo;autre qui hurle <strong>\u00ab Soude ! \u00bb<\/strong> \u00e0 chaque fois que je vois passer un h\u00e9ros. Ou quand je les suis \u00e0 la TV. C&rsquo;est terrifiant ce m\u00e9li-m\u00e9lo de trouille et d&rsquo;excitation. Bien s\u00fbr qu&rsquo;au guidon les pilotes ne sont pas obs\u00e9d\u00e9s par \u00e7a mais ils roulent \u00e0 250, 300, 350 km\/h, des vitesses o\u00f9 l&rsquo;on ne peut jamais avoir le temps de se traiter de c&#8230; quand on y va&#8230; Alors il y a deux trucs. Les records, j&rsquo;en parle volontiers parce que \u00e7a c&rsquo;est dans le marbre. Et l&rsquo;avance au g\u00e9n\u00e9ral qui n&rsquo;est jamais qu&rsquo;une info pouvant devenir un enfer, un \u00ab<strong> highway to hell ! \u00bb<\/strong>. Alors baste. Si on veut un chiffre c&rsquo;est<strong> 222.<\/strong>.. C&rsquo;est le nombre de points d&rsquo;avance que MMarquez devra avoir sur son second au soir de Misano, il faudrait m\u00eame en ajouter un pour \u00eatre s\u00fbr mais 222 je trouve \u00e7a plus symbolique. Six GP \u00e0 37 points le bout. A condition que tout se passe bien, qu&rsquo;il n&rsquo;y ait pas une \u00e9preuve annul\u00e9e pour grosse pluie par exemple&#8230; Donc m\u00eame les chiffres les plus costauds sont susceptibles de &#8230; Rien n&rsquo;est \u00e9crit \u00ab ragazzi \u00bb le fameux \u00ab<strong> Nothing is written<\/strong> \u00bb de Lawrence d&rsquo;Arabie. <strong>All\u00f4 le 222<\/strong> ? Si \u00e7a ne vous rappelle rien, tant pis, contrairement \u00e0 la vieillesse, la jeunesse n&rsquo;est jamais un naufrage&#8230;<\/p>\n","protected":false},"excerpt":{"rendered":"Marquez dit et redit qu&rsquo;il est obs\u00e9d\u00e9 par une nouvelle blessure, qui sonnerait \u00e9videmment le glas de son&hellip;\n","protected":false},"author":2,"featured_media":267865,"comment_status":"","ping_status":"","sticky":false,"template":"","format":"standard","meta":{"footnotes":""},"categories":[1413],"tags":[1011,27,1457,1456,60],"class_list":{"0":"post-267864","1":"post","2":"type-post","3":"status-publish","4":"format-standard","5":"has-post-thumbnail","7":"category-moto","8":"tag-fr","9":"tag-france","10":"tag-moto","11":"tag-motocycle","12":"tag-sports"},"share_on_mastodon":{"url":"https:\/\/pubeurope.com\/@fr\/114902265122179704","error":""},"_links":{"self":[{"href":"https:\/\/www.europesays.com\/fr\/wp-json\/wp\/v2\/posts\/267864","targetHints":{"allow":["GET"]}}],"collection":[{"href":"https:\/\/www.europesays.com\/fr\/wp-json\/wp\/v2\/posts"}],"about":[{"href":"https:\/\/www.europesays.com\/fr\/wp-json\/wp\/v2\/types\/post"}],"author":[{"embeddable":true,"href":"https:\/\/www.europesays.com\/fr\/wp-json\/wp\/v2\/users\/2"}],"replies":[{"embeddable":true,"href":"https:\/\/www.europesays.com\/fr\/wp-json\/wp\/v2\/comments?post=267864"}],"version-history":[{"count":0,"href":"https:\/\/www.europesays.com\/fr\/wp-json\/wp\/v2\/posts\/267864\/revisions"}],"wp:featuredmedia":[{"embeddable":true,"href":"https:\/\/www.europesays.com\/fr\/wp-json\/wp\/v2\/media\/267865"}],"wp:attachment":[{"href":"https:\/\/www.europesays.com\/fr\/wp-json\/wp\/v2\/media?parent=267864"}],"wp:term":[{"taxonomy":"category","embeddable":true,"href":"https:\/\/www.europesays.com\/fr\/wp-json\/wp\/v2\/categories?post=267864"},{"taxonomy":"post_tag","embeddable":true,"href":"https:\/\/www.europesays.com\/fr\/wp-json\/wp\/v2\/tags?post=267864"}],"curies":[{"name":"wp","href":"https:\/\/api.w.org\/{rel}","templated":true}]}}