{"id":267866,"date":"2025-07-23T11:16:15","date_gmt":"2025-07-23T11:16:15","guid":{"rendered":"https:\/\/www.europesays.com\/fr\/267866\/"},"modified":"2025-07-23T11:16:15","modified_gmt":"2025-07-23T11:16:15","slug":"sainz-ne-comprend-pas-pourquoi-red-bull-na-pas-voulu-lassocier-a-verstappen","status":"publish","type":"post","link":"https:\/\/www.europesays.com\/fr\/267866\/","title":{"rendered":"Sainz \u00ab\u00a0ne comprend pas\u00a0\u00bb pourquoi Red Bull n&rsquo;a pas voulu l&rsquo;associer \u00e0 Verstappen"},"content":{"rendered":"<p>Actuel pilote <a href=\"https:\/\/fr.motorsport.com\/team\/williams\/613\/\" target=\"_blank\" rel=\"noopener\">Williams<\/a>, <a href=\"https:\/\/fr.motorsport.com\/driver\/carlos-sainz-jr\/91450\/\" target=\"_blank\" rel=\"noopener\">Carlos Sainz<\/a>\u00a0a reconnu ne pas avoir compris les raisons derri\u00e8re le refus de <a href=\"https:\/\/fr.motorsport.com\/team\/red-bull\/553\/\" target=\"_blank\" rel=\"noopener\">Red Bull<\/a> de ne pas l&rsquo;aligner aux c\u00f4t\u00e9s de <a href=\"https:\/\/fr.motorsport.com\/driver\/max-verstappen\/93029\/\" target=\"_blank\" rel=\"noopener\">Max Verstappen<\/a> en vue de 2025.<\/p>\n<p>L&rsquo;Espagnol a rapidement su, l&rsquo;an pass\u00e9, que sa carri\u00e8re chez <a href=\"https:\/\/fr.motorsport.com\/team\/ferrari\/615\/\" target=\"_blank\" rel=\"noopener\">Ferrari<\/a> allait s&rsquo;arr\u00eater puisque la Scuderia a annonc\u00e9 d\u00e8s f\u00e9vrier la future arriv\u00e9e de <a href=\"https:\/\/fr.motorsport.com\/driver\/lewis-hamilton\/76878\/\" target=\"_blank\" rel=\"noopener\">Lewis Hamilton<\/a>. Rare pilote de pointe sur le march\u00e9, il n&rsquo;a pourtant pas \u00e9t\u00e9 retenu par Red Bull quand il s&rsquo;est agi d&rsquo;envisager le remplacement de plus en plus in\u00e9luctable de <a href=\"https:\/\/fr.motorsport.com\/driver\/sergio-perez\/84892\/\" target=\"_blank\" rel=\"noopener\">Sergio P\u00e9rez<\/a>.<\/p>\n<p>L&rsquo;association entre l&rsquo;\u00e9curie et Sainz paraissait d&rsquo;autant plus naturelle qu&rsquo;il a \u00e9t\u00e9 un membre de la fili\u00e8re Red Bull, faisant m\u00eame en 2015 ses d\u00e9buts en Formule 1 avec Toro Rosso (ancienne identit\u00e9 de\u00a0<a href=\"https:\/\/fr.motorsport.com\/team\/racing-bulls-610\/610\/\" target=\"_blank\" rel=\"noopener\">Racing Bulls<\/a>), la seconde \u00e9curie d\u00e9tenue par la marque de boissons \u00e9nergisantes, en parall\u00e8le de Verstappen. En 2017, se voyant dans une impasse, il a quitt\u00e9 le cocon en cours de saison pour aller chez Renault, avant de conna\u00eetre ses premiers podiums chez <a href=\"https:\/\/fr.motorsport.com\/team\/mclaren\/609\/\" target=\"_blank\" rel=\"noopener\">McLaren<\/a> (2019-2020) et ses premi\u00e8res victoires chez Ferrari (2021-2024).<\/p>\n<p>Quant \u00e0 la question de savoir pourquoi Red Bull n&rsquo;a pas voulu envisager d&rsquo;associer Sainz \u00e0 Verstappen en 2025, et notamment si une \u00e9ventuelle m\u00e9sentente pouvait \u00eatre \u00e0 l&rsquo;origine de cette d\u00e9cision, l&rsquo;Espagnol a d\u00e9clar\u00e9 <a href=\"https:\/\/www.youtube.com\/watch?v=12V31820E1A\" target=\"_blank\" rel=\"noopener\">pour le podcast High Performance<\/a>\u00a0: \u00ab\u00a0La seule chose que je puisse dire c&rsquo;est que je m&rsquo;entends vraiment bien avec Max.\u00a0\u00bb<\/p>\n<p>   <img decoding=\"async\" draggable=\"false\" src=\"https:\/\/www.europesays.com\/fr\/wp-content\/uploads\/2025\/07\/max-verstappen-toro-rosso-and--1.jpg\" alt=\"Carlos Sainz et Max Verstappen ont d\u00e9j\u00e0 fait \u00e9quipe en F1 chez Toro Rosso, en 2015 et d\u00e9but 2016.\" width=\"1200\" height=\"800\" loading=\"lazy\"\/> <\/p>\n<p class=\"title\">Carlos Sainz et Max Verstappen ont d\u00e9j\u00e0 fait \u00e9quipe en F1 chez Toro Rosso, en 2015 et d\u00e9but 2016.<\/p>\n<p class=\"photographer\">Photo de: Glenn Dunbar \/ Motorsport Images<\/p>\n<p>\u00ab\u00a0C&rsquo;est ce que les gens ne voient pas de l&rsquo;ext\u00e9rieur. Par exemple, nous \u00e9tions rivaux lors de notre premi\u00e8re ann\u00e9e en Formule 1 chez Toro Rosso, mais c&rsquo;\u00e9tait une rivalit\u00e9 relativement saine entre lui et moi, dans notre fa\u00e7on d&rsquo;aborder la comp\u00e9tition. Et aujourd&rsquo;hui, nous nous entendons tr\u00e8s bien. Donc, si c&rsquo;est la raison pour laquelle ils ne veulent pas de moi aux c\u00f4t\u00e9s de Max, je ne comprends pas, car je pense que nous formerions un duo tr\u00e8s solide en Formule 1.\u00a0\u00bb<\/p>\n<blockquote>\n<p>Je pense que tout le monde a beaucoup de difficult\u00e9s \u00e0 \u00eatre l&rsquo;\u00e9quipier de Max. Tout ce que je peux dire, c&rsquo;est que lorsque j&rsquo;\u00e9tais aux c\u00f4t\u00e9s de Max, je n&rsquo;ai pas connu de telles difficult\u00e9s.<\/p>\n<\/blockquote>\n<p>Apr\u00e8s de longs mois d&rsquo;attente, Sainz a finalement trouv\u00e9 refuge du c\u00f4t\u00e9 de Williams, pendant que Red Bull faisait confiance \u00e0 <a href=\"https:\/\/fr.motorsport.com\/driver\/liam-lawson\/826061\/\" target=\"_blank\" rel=\"noopener\">Liam Lawson<\/a> pour remplacer P\u00e9rez. Le N\u00e9o-Z\u00e9landais a toutefois \u00e9t\u00e9 r\u00e9trograd\u00e9 chez Racing Bulls au bout de deux Grands Prix en 2025, avant que <a href=\"https:\/\/fr.motorsport.com\/driver\/yuki-tsunoda\/828578\/\" target=\"_blank\" rel=\"noopener\">Yuki Tsunoda<\/a> &#8211; qui avait \u00e9t\u00e9 snob\u00e9 en fin d&rsquo;ann\u00e9e derni\u00e8re malgr\u00e9 ses quatre saisons d&rsquo;exp\u00e9rience &#8211; ne prenne le relais, sans que les r\u00e9sultats ne soient spectaculairement meilleurs.\u00a0<\/p>\n<p>Sainz estime qu&rsquo;il aurait \u00e9t\u00e9 un pari plus s\u00fbr pour Red Bull et qu&rsquo;il a d\u00e9j\u00e0 prouv\u00e9 par le pass\u00e9 pouvoir tenir t\u00eate au N\u00e9erlandais.\u00a0\u00ab\u00a0Je pense que tout le monde a beaucoup de difficult\u00e9s \u00e0 \u00eatre l&rsquo;\u00e9quipier de Max. Tout ce que je peux dire, c&rsquo;est que lorsque j&rsquo;\u00e9tais aux c\u00f4t\u00e9s de Max, je n&rsquo;ai pas connu de telles difficult\u00e9s.\u00a0\u00bb<\/p>\n<p>\u00ab\u00a0J&rsquo;ai \u00e9videmment \u00e9t\u00e9 tr\u00e8s surpris par sa rapidit\u00e9, par son incroyable talent. On se souviendra de lui comme de l&rsquo;un des meilleurs pilotes de l&rsquo;histoire, s&rsquo;il ne l&rsquo;est pas d\u00e9j\u00e0. Mais cette premi\u00e8re ann\u00e9e pass\u00e9e ensemble m&rsquo;a donn\u00e9 la confiance n\u00e9cessaire pour savoir que je pouvais rivaliser avec n&rsquo;importe qui.\u00a0\u00bb<\/p>\n<p>\u00ab\u00a0J&rsquo;ai \u00e9t\u00e9 l&rsquo;\u00e9quipier de Charles [Leclerc, chez Ferrari], de Lando [Norris, chez McLaren], de <a href=\"https:\/\/fr.motorsport.com\/driver\/nico-hulkenberg\/84891\/\" target=\"_blank\" rel=\"noopener\">Nico H\u00fclkenberg<\/a> [chez Renault], des gars tr\u00e8s rapides et probablement les meilleurs dans la discipline. Aujourd&rsquo;hui, Alex [Albon, son \u00e9quipier chez Williams] est \u00e9galement incroyablement rapide,\u00a0et cela me donne envie de continuer \u00e0 me mesurer aux meilleurs. Je sais que je peux y arriver, et je sais que j&rsquo;ai d\u00e9j\u00e0 r\u00e9ussi par le pass\u00e9.\u00a0\u00bb<\/p>\n<p style=\"text-align: right;\">Avec\u00a0Owen Bellwood<\/p>\n<p>Lire aussi :<\/p>\n<p>Dans cet article<\/p>\n<p>Soyez le premier inform\u00e9 et souscrivez aux alertes mails pour recevoir les infos en temps r\u00e9el<\/p>\n<p>    S&rsquo;abonner aux alertes de news<\/p>\n","protected":false},"excerpt":{"rendered":"Actuel pilote Williams, Carlos Sainz\u00a0a reconnu ne pas avoir compris les raisons derri\u00e8re le refus de Red Bull&hellip;\n","protected":false},"author":2,"featured_media":267867,"comment_status":"","ping_status":"","sticky":false,"template":"","format":"standard","meta":{"footnotes":""},"categories":[1412],"tags":[12787,1451,1452,1453,1454,1455,1011,27,2236,2255,60,2771],"class_list":{"0":"post-267866","1":"post","2":"type-post","3":"status-publish","4":"format-standard","5":"has-post-thumbnail","7":"category-f1","8":"tag-carlos-sainz-jr","9":"tag-f1","10":"tag-formula-1","11":"tag-formula1","12":"tag-formule-1","13":"tag-formule1","14":"tag-fr","15":"tag-france","16":"tag-max-verstappen","17":"tag-red-bull","18":"tag-sports","19":"tag-williams"},"share_on_mastodon":{"url":"https:\/\/pubeurope.com\/@fr\/114902269079864896","error":""},"_links":{"self":[{"href":"https:\/\/www.europesays.com\/fr\/wp-json\/wp\/v2\/posts\/267866","targetHints":{"allow":["GET"]}}],"collection":[{"href":"https:\/\/www.europesays.com\/fr\/wp-json\/wp\/v2\/posts"}],"about":[{"href":"https:\/\/www.europesays.com\/fr\/wp-json\/wp\/v2\/types\/post"}],"author":[{"embeddable":true,"href":"https:\/\/www.europesays.com\/fr\/wp-json\/wp\/v2\/users\/2"}],"replies":[{"embeddable":true,"href":"https:\/\/www.europesays.com\/fr\/wp-json\/wp\/v2\/comments?post=267866"}],"version-history":[{"count":0,"href":"https:\/\/www.europesays.com\/fr\/wp-json\/wp\/v2\/posts\/267866\/revisions"}],"wp:featuredmedia":[{"embeddable":true,"href":"https:\/\/www.europesays.com\/fr\/wp-json\/wp\/v2\/media\/267867"}],"wp:attachment":[{"href":"https:\/\/www.europesays.com\/fr\/wp-json\/wp\/v2\/media?parent=267866"}],"wp:term":[{"taxonomy":"category","embeddable":true,"href":"https:\/\/www.europesays.com\/fr\/wp-json\/wp\/v2\/categories?post=267866"},{"taxonomy":"post_tag","embeddable":true,"href":"https:\/\/www.europesays.com\/fr\/wp-json\/wp\/v2\/tags?post=267866"}],"curies":[{"name":"wp","href":"https:\/\/api.w.org\/{rel}","templated":true}]}}