{"id":267868,"date":"2025-07-23T11:17:10","date_gmt":"2025-07-23T11:17:10","guid":{"rendered":"https:\/\/www.europesays.com\/fr\/267868\/"},"modified":"2025-07-23T11:17:10","modified_gmt":"2025-07-23T11:17:10","slug":"cyclisme-materiel-van-rysel-et-decathlon-ag2r-la-mondiale-un-partenariat-revolutionnaire","status":"publish","type":"post","link":"https:\/\/www.europesays.com\/fr\/267868\/","title":{"rendered":"Cyclisme. Mat\u00e9riel &#8211; Van Rysel et Decathlon AG2R La Mondiale, un partenariat r\u00e9volutionnaire"},"content":{"rendered":"<p> Lire la suite de l&rsquo;article&#13;<\/p>\n<p dir=\"ltr\">\u00a0<\/p>\n<p>&#13;<br \/>\nVAN RYSEL : l&rsquo;histoire jusqu&rsquo;\u00e0 pr\u00e9sent&#13;<\/p>\n<p dir=\"ltr\">N\u00e9 en 2019 du g\u00e9ant de la distribution sportive Decathlon, VAN RYSEL s&rsquo;est rapidement impos\u00e9 comme une marque ind\u00e9pendante ax\u00e9e sur la performance, bas\u00e9e \u00e0 Lille. Ville h\u00f4te du Grand D\u00e9part du Tour de France 2025, Lille se trouve \u00e9galement \u00e0 quelques kilom\u00e8tres seulement des l\u00e9gendaires secteurs pav\u00e9s de Paris-Roubaix. Le si\u00e8ge social tentaculaire de VAN RYSEL dispose de tout le n\u00e9cessaire pour d\u00e9velopper des v\u00e9los de classe mondiale, y compris un laboratoire sportif interne permettant de tester les performances dans des conditions ext\u00e9rieures reproductibles.<\/p>\n<p>&#13;<\/p>\n<p dir=\"ltr\">Bien qu&rsquo;ils ne disposent pas encore d&rsquo;une soufflerie, ils se trouvent \u00e0 quelques m\u00e8tres du laboratoire a\u00e9rospatial fran\u00e7ais ONERA. Cette proximit\u00e9 facilite la collaboration avec les experts en a\u00e9rodynamique et aide VAN RYSEL \u00e0 affiner le flux d&rsquo;air et l&rsquo;efficacit\u00e9 de ses cadres WorldTour.<\/p>\n<p>&#13;<\/p>\n<p dir=\"ltr\">Depuis le d\u00e9but de leur partenariat, l&rsquo;\u00e9quipe Decathlon AG2R La Mondiale et VAN RYSEL se r\u00e9unissent chaque mois au si\u00e8ge social pour travailler sur le d\u00e9veloppement des produits. Ainsi, chaque cadre, maillot et casque utilis\u00e9 par l&rsquo;\u00e9quipe est adapt\u00e9 aux commentaires des coureurs. Cependant, le d\u00e9veloppement le plus marquant de 2025 est sans aucun doute le lancement du RCR-F Pro, le dernier v\u00e9lo de course a\u00e9rodynamique de VAN RYSEL.<\/p>\n<p>&#13;<\/p>\n<p dir=\"ltr\">\u00a0<\/p>\n<p>&#13;<br \/>\nRCR-F PRO &#8211; L&rsquo;a\u00e9rodynamisme sans compromis&#13;<\/p>\n<p dir=\"ltr\">L&rsquo;atout majeur de l&rsquo;arsenal de Decathlon AG2R La Mondiale est le\u00a0<a href=\"https:\/\/www.decathlon.fr\/p\/velo-de-route-shimano-dura-ace-di2-12v-rcr-f2-pro-noir\/_\/R-p-349411?mc=8826383\" target=\"_blank\" rel=\"noopener\">RCR-F<\/a>\u00a0: un v\u00e9lo de course ax\u00e9 sur l&rsquo;a\u00e9rodynamisme, arriv\u00e9 juste \u00e0 temps pour les \u00e9tapes plus plates et favorables aux sprinteurs du Tour de France de cette ann\u00e9e. Il a fallu deux ans de d\u00e9veloppement, des centaines d&rsquo;heures en soufflerie et un partenariat avec les experts en a\u00e9rodynamique de Swiss Side pour cr\u00e9er ce que VAN RYSEL consid\u00e8re comme l&rsquo;un des v\u00e9los les plus rapides du peloton.\u00a0<\/p>\n<p>&#13;<\/p>\n<p>\u00a0<\/p>\n<p>&#13;<br \/>\nLa vitesse sans sacrifice&#13;<\/p>\n<p dir=\"ltr\">Le cadre du RCR-F concilie trois aspects essentiels :\u00a0<\/p>\n<p>&#13;<\/p>\n<ul>&#13;<\/p>\n<li dir=\"ltr\">&#13;\n<p dir=\"ltr\">A\u00e9rodynamisme &#8211;\u00a0Le RCR-F offre une r\u00e9duction de la tra\u00een\u00e9e de 13 watts par rapport au RCR-R.\u00a0<\/p>\n<p>&#13;\n<\/li>\n<p>&#13;<\/p>\n<li dir=\"ltr\">&#13;\n<p dir=\"ltr\">Stabilit\u00e9 &#8211;\u00a0G\u00e9om\u00e9trie adapt\u00e9e \u00e0 une position de course pratique.\u00a0<\/p>\n<p>&#13;\n<\/li>\n<p>&#13;<\/p>\n<li dir=\"ltr\">&#13;\n<p dir=\"ltr\">Rigidit\u00e9 &#8211;\u00a0Carbone 60t et 40t \u00e0 haute rigidit\u00e9 utilis\u00e9 sur l&rsquo;ensemble du cadre.<\/p>\n<p>&#13;\n<\/li>\n<p>&#13;\n<\/ul>\n<p>&#13;<\/p>\n<p>\u00a0<\/p>\n<p>&#13;<\/p>\n<p dir=\"ltr\">Le cadre a \u00e9t\u00e9 con\u00e7u autour de deux positions cl\u00e9s : le sprint en position basse et la conduite en position basse sur les cocottes, les avant-bras reposant sur le guidon. Les positions a\u00e9rodynamiques ne sont pas toujours confortables, c&rsquo;est pourquoi le RCR-F utilise un \u00e9vasement de 12 degr\u00e9s, contre 7 degr\u00e9s sur le v\u00e9lo de montagne RCR-R. Cet \u00e9vasement conf\u00e8re au cockpit du RCR-F un angle de chute plus prononc\u00e9, offrant une stabilit\u00e9 accrue dans les sprints et une meilleure a\u00e9rodynamique dans les positions de conduite basses. Cette conception pr\u00e9sente l&rsquo;avantage suppl\u00e9mentaire d&rsquo;incliner l\u00e9g\u00e8rement les manettes vers l&rsquo;int\u00e9rieur, ce qui permet aux cyclistes d&rsquo;incliner leurs poignets plus naturellement et facilite le changement de vitesse pendant les sprints.<\/p>\n<p>&#13;<\/p>\n<p>\u00a0<\/p>\n<p>&#13;<br \/>\nPlus qu&rsquo;un simple v\u00e9lo de sprint\u00a0&#13;<\/p>\n<p dir=\"ltr\">Les optimisations a\u00e9rodynamiques r\u00e9alis\u00e9es en soufflerie n&rsquo;ont pas \u00e9t\u00e9 vaines : les 13 watts d&rsquo;\u00e9conomie a\u00e9rodynamique du RCR-F en font le choix id\u00e9al pour les sprinteurs comme Sam Bennett, de l&rsquo;\u00e9quipe Decathlon AG2R La Mondiale. Cependant, tous les coureurs de l&rsquo;\u00e9quipe ont \u00e9t\u00e9 vus utilisant le RCR-F, car les ing\u00e9nieurs de VAN RYSEL ont cr\u00e9\u00e9 trois caract\u00e9ristiques de course dans lesquelles le RCR-F surpasse le RCR-R, plus l\u00e9ger :<\/p>\n<p>&#13;<\/p>\n<ul>&#13;<\/p>\n<li dir=\"ltr\">&#13;\n<p dir=\"ltr\">Courses avec moins de 1 500 m\u00e8tres de d\u00e9nivel\u00e9 positif par 100 km.<\/p>\n<p>&#13;\n<\/li>\n<p>&#13;<\/p>\n<li dir=\"ltr\">&#13;\n<p dir=\"ltr\">Une vitesse moyenne minimale de 35 km\/h : plus la vitesse est \u00e9lev\u00e9e, plus l&rsquo;avantage du RCR-F est important.<\/p>\n<p>&#13;\n<\/li>\n<p>&#13;<\/p>\n<li dir=\"ltr\">&#13;\n<p dir=\"ltr\">Des pentes moyennes allant jusqu&rsquo;\u00e0 5 %.<\/p>\n<p>&#13;\n<\/li>\n<p>&#13;\n<\/ul>\n<p>&#13;<\/p>\n<p dir=\"ltr\">Sur la base de ces caract\u00e9ristiques, le RCR-F est id\u00e9al pour plusieurs types de courses, telles que les classiques d&rsquo;un jour avec un d\u00e9nivel\u00e9 minimal, les \u00e9tapes plates ou vallonn\u00e9es avec une arriv\u00e9e au sprint et les \u00e9tapes de moyenne montagne avec des mont\u00e9es r\u00e9guli\u00e8res ne d\u00e9passant pas 5 %.<\/p>\n<p>&#13;<\/p>\n<p>\u00a0<\/p>\n<p>&#13;<br \/>\nRCR-R Pro : la l\u00e9g\u00e8ret\u00e9 rencontre l&rsquo;a\u00e9rodynamisme&#13;<\/p>\n<p dir=\"ltr\">Le\u00a0<a href=\"https:\/\/www.decathlon.fr\/p\/rcr-pro-team-dura-ace-di2-decathlon-ag2r\/_\/R-p-348368?mc=8916098\" target=\"_blank\" rel=\"noopener\">RCR-R<\/a>\u00a0est le v\u00e9lo que Decathlon AG2R La Mondiale utilise pour les courses en montagne, mais il est bien plus qu&rsquo;un simple cadre l\u00e9ger. Comme le RCR-F, il concilie trois crit\u00e8res principaux :<\/p>\n<p>&#13;<\/p>\n<ul>&#13;<\/p>\n<li dir=\"ltr\">&#13;\n<p dir=\"ltr\">Poids &#8211;\u00a0790 grammes pour un cadre de taille moyenne<\/p>\n<p>&#13;\n<\/li>\n<p>&#13;<\/p>\n<li dir=\"ltr\">&#13;\n<p dir=\"ltr\">A\u00e9rodynamisme &#8211;\u00a0le cadre a \u00e9t\u00e9 con\u00e7u en collaboration avec le laboratoire a\u00e9rospatial ONERA.\u00a0<\/p>\n<p>&#13;\n<\/li>\n<p>&#13;<\/p>\n<li dir=\"ltr\">&#13;\n<p dir=\"ltr\">Rigidit\u00e9 &#8211;\u00a0du carbone 60t haute r\u00e9sistance est utilis\u00e9 dans les zones de flexion cl\u00e9s afin d&rsquo;am\u00e9liorer le transfert de puissance.\u00a0<\/p>\n<p>&#13;\n<\/li>\n<p>&#13;\n<\/ul>\n<p>&#13;<\/p>\n<p dir=\"ltr\">Dans le peloton de 2025, il sera essentiel de se concentrer \u00e0 la fois sur le poids et l&rsquo;a\u00e9rodynamisme, car la vitesse moyenne des courses continue d&rsquo;augmenter, m\u00eame en montagne. Beno\u00eet Cosnefroy, vainqueur du GP La Marseillaise et de l&rsquo;\u00c9toile de Bess\u00e8ge, d\u00e9clare que le RCR-R \u00ab renvoie la vitesse sans avoir besoin d&rsquo;en donner trop. Le v\u00e9lo reste la pi\u00e8ce ma\u00eetresse de notre \u00e9quipement, et maintenant que les vitesses moyennes d\u00e9passent souvent les 50 km\/h, l&rsquo;a\u00e9rodynamisme est tr\u00e8s important \u00bb. Pouvoir rouler confortablement \u00e0 50 km\/h est tr\u00e8s impressionnant lorsque le RCR-R de course peut peser moins que la limite de 6,8 kg impos\u00e9e par l&rsquo;UCI, ce qui en fait l&rsquo;un des v\u00e9los les plus l\u00e9gers du peloton.<\/p>\n<p>&#13;<\/p>\n<p dir=\"ltr\">\u00a0<\/p>\n<p>&#13;<br \/>\nXCR &#8211; La perfection de l&rsquo;ing\u00e9nierie a\u00e9rodynamique dans le contre-la-montre&#13;<\/p>\n<p dir=\"ltr\">VAN RYSEL vise toujours haut, et le v\u00e9lo de contre-la-montre\u00a0<a href=\"https:\/\/www.decathlon.fr\/p\/xcr-triathlon-ultegra-di2-blanc-holographique\/_\/R-p-341322?mc=8758201\" target=\"_blank\" rel=\"noopener\">XCR<\/a>\u00a0ne fait pas exception. Le XCR est n\u00e9 d&rsquo;un objectif clair : cr\u00e9er le v\u00e9lo de contre-la-montre le plus performant du WorldTour, tout en respectant strictement les r\u00e9glementations de l&rsquo;UCI. Le XCR a \u00e9t\u00e9 produit en collaboration avec les experts en a\u00e9rodynamique de Swiss Side. Une \u00e9quipe de 20 ing\u00e9nieurs a travaill\u00e9 pendant 36 mois pour cr\u00e9er 14 versions du v\u00e9lo jusqu&rsquo;\u00e0 obtenir la version finale du XCR utilis\u00e9 aujourd&rsquo;hui. Au cours de la p\u00e9riode de d\u00e9veloppement, VAN RYSEL et Decathlon AG2R La Mondiale se sont r\u00e9guli\u00e8rement rencontr\u00e9s afin de s&rsquo;assurer que les besoins des \u00e9quipes du WorldTour \u00e9taient au centre de leur d\u00e9veloppement. Cette collaboration a \u00e9t\u00e9 mise en avant lorsque Bruno Armirail a propuls\u00e9 son XCR \u00e0 la 4e place lors du seul contre-la-montre individuel plat du Tour de France 2025.<\/p>\n<p>&#13;<\/p>\n<p>\u00a0<\/p>\n<p>&#13;<br \/>\nLe regard tourn\u00e9 vers l&rsquo;avenir&#13;<\/p>\n<p dir=\"ltr\">Bien que ses racines soient fi\u00e8rement ancr\u00e9es \u00e0 Lille, VAN RYSEL affiche des ambitions r\u00e9solument mondiales et son avenir est ax\u00e9 sur la comp\u00e9tition avec les plus grands noms du cyclisme.\u00a0En concevant des produits avec des athl\u00e8tes, en les testant dans les courses les plus difficiles au monde et en restant fid\u00e8le \u00e0 son h\u00e9ritage flamand,\u00a0<a href=\"https:\/\/www.vanryselcycling.com\/\" target=\"_blank\" rel=\"noopener\">VAN RYSEL<\/a>\u00a0s&rsquo;impose non seulement comme un sponsor, mais aussi comme une marque s\u00e9rieuse ax\u00e9e sur la performance.\u00a0*<a href=\"https:\/\/drive.google.com\/drive\/folders\/1GIjqxesniMLA_87wJYbus8VtSUTt6W_t?usp=drive_link\" target=\"_blank\" rel=\"noopener\">All image links<\/a>.\u00a0<\/p>\n","protected":false},"excerpt":{"rendered":"Lire la suite de l&rsquo;article&#13; \u00a0 &#13; VAN RYSEL : l&rsquo;histoire jusqu&rsquo;\u00e0 pr\u00e9sent&#13; N\u00e9 en 2019 du g\u00e9ant&hellip;\n","protected":false},"author":2,"featured_media":267869,"comment_status":"","ping_status":"","sticky":false,"template":"","format":"standard","meta":{"footnotes":""},"categories":[1411],"tags":[1154,207,211,1011,27,29592,209,60,210,212,208,213],"class_list":{"0":"post-267868","1":"post","2":"type-post","3":"status-publish","4":"format-standard","5":"has-post-thumbnail","7":"category-cyclisme","8":"tag-cycling","9":"tag-cyclisme","10":"tag-ffc","11":"tag-fr","12":"tag-france","13":"tag-materiel","14":"tag-route","15":"tag-sports","16":"tag-tour-de-france","17":"tag-uci","18":"tag-velo","19":"tag-world-tour"},"share_on_mastodon":{"url":"https:\/\/pubeurope.com\/@fr\/114902272905640119","error":""},"_links":{"self":[{"href":"https:\/\/www.europesays.com\/fr\/wp-json\/wp\/v2\/posts\/267868","targetHints":{"allow":["GET"]}}],"collection":[{"href":"https:\/\/www.europesays.com\/fr\/wp-json\/wp\/v2\/posts"}],"about":[{"href":"https:\/\/www.europesays.com\/fr\/wp-json\/wp\/v2\/types\/post"}],"author":[{"embeddable":true,"href":"https:\/\/www.europesays.com\/fr\/wp-json\/wp\/v2\/users\/2"}],"replies":[{"embeddable":true,"href":"https:\/\/www.europesays.com\/fr\/wp-json\/wp\/v2\/comments?post=267868"}],"version-history":[{"count":0,"href":"https:\/\/www.europesays.com\/fr\/wp-json\/wp\/v2\/posts\/267868\/revisions"}],"wp:featuredmedia":[{"embeddable":true,"href":"https:\/\/www.europesays.com\/fr\/wp-json\/wp\/v2\/media\/267869"}],"wp:attachment":[{"href":"https:\/\/www.europesays.com\/fr\/wp-json\/wp\/v2\/media?parent=267868"}],"wp:term":[{"taxonomy":"category","embeddable":true,"href":"https:\/\/www.europesays.com\/fr\/wp-json\/wp\/v2\/categories?post=267868"},{"taxonomy":"post_tag","embeddable":true,"href":"https:\/\/www.europesays.com\/fr\/wp-json\/wp\/v2\/tags?post=267868"}],"curies":[{"name":"wp","href":"https:\/\/api.w.org\/{rel}","templated":true}]}}