{"id":267870,"date":"2025-07-23T11:18:13","date_gmt":"2025-07-23T11:18:13","guid":{"rendered":"https:\/\/www.europesays.com\/fr\/267870\/"},"modified":"2025-07-23T11:18:13","modified_gmt":"2025-07-23T11:18:13","slug":"donnarumma-zabarnyi-kolo-muani","status":"publish","type":"post","link":"https:\/\/www.europesays.com\/fr\/267870\/","title":{"rendered":"Donnarumma, Zabarnyi, Kolo Muani\u2026 &#8211;"},"content":{"rendered":"<p>Vu et lu au sujet du PSG dans la\u00a0<a href=\"https:\/\/canal-supporters.com\/category\/revue-de-presse\/\" target=\"_blank\" rel=\"noopener\">presse<br \/>\nhexagonale<\/a>\u00a0ce mercredi 23 juillet 2025.\u00a0Comment<br \/>\navancent\u00a0les dossiers de Zabarnyi et Donnarumma, Randal Kolo<br \/>\nMuani de retour pour mieux repartir\u2026<\/p>\n<p> <img loading=\"lazy\" decoding=\"async\" width=\"909\" height=\"171\" src=\"https:\/\/www.europesays.com\/fr\/wp-content\/uploads\/2025\/07\/Le-Parisien-23-07-2025-1.jpg\" alt=\"Le parisien 23 07 2025 (1)\" class=\"wp-image-577094\"  \/><\/p>\n<p>Dans son \u00e9dition du jour, <a href=\"https:\/\/www.leparisien.fr\/sports\/football\/psg\/mercato-psg-zabarnyi-et-donnarumma-comment-avancent-les-deux-dossiers-chauds-de-lete-parisien-22-07-2025-ZBGCHJBRCBHMPGJTXP2SLDNP5E.php\" target=\"_blank\" rel=\"noopener\" title=\"\">Le Parisien<\/a> \u00e9voque<br \/>\nle mercato du <strong>PSG<\/strong> et les deux dossiers les plus<br \/>\nchauds, celui d\u2019<strong>Illia Zabarnyi<\/strong> et la prolongation<br \/>\nde contrat de <strong>Gianluigi Donnarumma<\/strong>.<br \/>\n\u00ab\u00a0Dans la derni\u00e8re ligne droite de la <strong>Coupe du<br \/>\nmonde des clubs<\/strong>, la direction parisienne a en effet sond\u00e9<br \/>\nl\u2019ensemble des troupes pour d\u00e9celer d\u2019\u00e9ventuelles volont\u00e9s d\u2019exil<br \/>\nau sein de l\u2019effectif. Si les positions affich\u00e9es outre-Atlantique<br \/>\nne sont, bien s\u00fbr, pas fig\u00e9es dans le marbre, elles ont toutefois<br \/>\ndessin\u00e9 la tendance d\u2019un groupe d\u00e9cid\u00e9 \u00e0 poursuivre l\u2019aventure<br \/>\nensemble, aucun joueur n\u2019ayant officiellement \u00e9mis des envies de<br \/>\nd\u00e9part\u00a0\u00bb, indique le quotidien francilien. Dans ce<br \/>\ncontexte, les dirigeants parisiens ne voient pour l\u2019heure aucun<br \/>\nint\u00e9r\u00eat \u00e0 bouleverser l\u2019\u00e9quilibre parfait \u2013 mais que chacun sait<br \/>\nfragile \u2013 trouv\u00e9 cette saison et ne tablent donc que sur un ou deux<br \/>\npotentiels renforts. Le dossier prioritaire concerne celui du<br \/>\nd\u00e9fenseur ukrainien de <strong>Bournemouth<\/strong>, <strong>IllIa<br \/>\nZabarnyi<\/strong>. Le joueur, s\u00e9duit par la proposition parisienne,<br \/>\ns\u2019est d\u2019ores et d\u00e9j\u00e0 mis d\u2019accord avec le club de la capitale. Si<br \/>\nle <strong>PSG<\/strong> a fait une offre de 60 millions d\u2019euros,<br \/>\n<strong>Bournemouth<\/strong> attendrait 70 millions d\u2019euros pour<br \/>\nl\u00e2cher son d\u00e9fenseur central. \u00ab\u00a0Seule certitude,<br \/>\n<strong>Nasser al-Khela\u00effi<\/strong> s\u2019est, comme cela lui arrive<br \/>\nsouvent, lui aussi invit\u00e9 dans le dossier afin de tenter de<br \/>\nfaciliter les n\u00e9gociations avec le \u00ab board \u00bb britannique et de ne<br \/>\npas faire tra\u00eener l\u2019affaire jusqu\u2019\u00e0 fin ao\u00fbt.\u00a0\u00bb En ce qui<br \/>\nconcerne <strong><a href=\"https:\/\/canal-supporters.com\/zabarnyi-donnarumma-mayulu-le-point-sur-le-mercato-du-psg\/\" title=\"\" target=\"_blank\" rel=\"noopener\">Gianluigi Donnarumma<\/a><\/strong>, les n\u00e9gociations pour<br \/>\nune prolongation de contrat sont au point mort, assure Le<br \/>\nParisien. \u00ab\u00a0Un statu quo qui rapproche un peu plus le<br \/>\nTransalpin d\u2019un d\u00e9part cet \u00e9t\u00e9 ? <strong>Paris<\/strong>, qui a pris<br \/>\nlangue avec le portier de <strong>Lille<\/strong> <strong>Lucas<br \/>\nChevalier<\/strong>, a sur le papier d\u00e9j\u00e0 une solution de<br \/>\nrepli.\u00a0\u00bb Mais si <strong>Donnarumma<\/strong> devait<br \/>\ns\u2019exiler, resterait, l\u00e0 encore, \u00e0 faire le plus dur : trouver un<br \/>\nterrain d\u2019entente avec un <strong>Olivier L\u00e9tang<\/strong>,<br \/>\npr\u00e9sident du <strong>Losc<\/strong>, que l\u2019on dit au moins aussi dur<br \/>\nen n\u00e9gociations que ses homologues de <strong>Bournemouth<\/strong>,<br \/>\nconclut le quotidien francilien.<\/p>\n<p>A voir aussi : <a href=\"https:\/\/canal-supporters.com\/mercato-le-psg-va-ameliorer-son-offre-pour-zabarnyi\/\" title=\"\" target=\"_blank\" rel=\"noopener\">Mercato \u2013 Le PSG va am\u00e9liorer son offre pour<br \/>\nZabarnyi<\/a><\/p>\n<p><a href=\"https:\/\/x.com\/CanalSupporters\" target=\"_blank\" rel=\"noopener\" title=\"\">canalsupporters.com<\/a><\/p>\n<p> <img loading=\"lazy\" decoding=\"async\" width=\"917\" height=\"136\" src=\"https:\/\/www.europesays.com\/fr\/wp-content\/uploads\/2025\/07\/Le-Parisien-23-07-2025.jpg\" alt=\"Le parisien 23 07 2025\" class=\"wp-image-577095\"  \/><\/p>\n<p><a href=\"https:\/\/www.leparisien.fr\/sports\/football\/ligue-1\/mercato-psg-de-retour-a-paris-randal-kolo-muani-va-repartir-oui-mais-ou-22-07-2025-6WKSBAZ62VDBFNLEGEW6RURVMM.php\" target=\"_blank\" rel=\"noopener\" title=\"\">Le Parisien<\/a> \u00e9voque<br \/>\naussi <strong>Randal Kolo Muani<\/strong>. Pr\u00eat\u00e9 en deuxi\u00e8me partie<br \/>\nde saison \u00e0 la <strong>Juventus Turin<\/strong> par le<br \/>\n<strong>PSG<\/strong>, l\u2019international fran\u00e7ais va effectuer sa<br \/>\nreprise avec le club de la capitale ce mercredi. M\u00eame s\u2019il est de<br \/>\nretour au <strong>Campus de Poissy<\/strong>, l\u2019attaquant ne restera<br \/>\npas au <strong>PSG<\/strong> cet \u00e9t\u00e9, lui qui n\u2019entre pas dans les<br \/>\nplans de <strong>Luis Enrique<\/strong>. Plusieurs offres de pr\u00eat<br \/>\navec option d\u2019achat obligatoire ont \u00e9t\u00e9 transmises par la<br \/>\n<strong>Juve<\/strong> ces derni\u00e8res semaines, dans le but de<br \/>\nconserver <strong>Kolo Muani<\/strong> mais le <strong>PSG<\/strong><br \/>\ncampe sur <a href=\"https:\/\/canal-supporters.com\/les-demandes-du-psg-pour-laisser-filer-kolo-muani-a-la-juve\/\" title=\"\" target=\"_blank\" rel=\"noopener\">ses positions<\/a> et r\u00e9clame qu\u2019une grande partie de ce<br \/>\npr\u00eat soit pay\u00e9e cette ann\u00e9e et non l\u2019ann\u00e9e prochaine, avance le<br \/>\nquotidien francilien. \u00ab\u00a0L\u2019\u00e9tat-major parisien esp\u00e8re, en<br \/>\neffet, profiter de la bonne cote que conserve \u00ab<br \/>\n<strong>RKM<\/strong> \u00bb pour amortir un investissement sur lequel il<br \/>\nsera de toute fa\u00e7on perdant.\u00a0\u00bb Le feuilleton pourrait<br \/>\ndonc s\u2019\u00e9tirer un petit peu, d\u2019autant que la<br \/>\n<strong>Juventus<\/strong> n\u2019est plus tout \u00e0 fait dans l\u2019urgence<br \/>\napr\u00e8s avoir d\u00e9j\u00e0 recrut\u00e9 <strong>Jonathan David<\/strong>.<br \/>\n\u00ab\u00a0Le transfert <strong>d\u2019Hugo Ekitike<\/strong> \u00e0<br \/>\n<strong>Liverpool<\/strong>, pour une somme spectaculaire de 92<br \/>\nmillions d\u2019euros (bonus compris), et la probable signature de<br \/>\n<strong>Viktor Gy\u00f6keres<\/strong> \u00e0 <strong>Arsenal<\/strong> pour 75<br \/>\nM\u20ac, pourraient \u00e9galement avoir un effet domino sur le march\u00e9 des<br \/>\nattaquants qui aura mis du temps \u00e0 bouger un peu partout en<br \/>\n<strong>Europe<\/strong>.\u00a0\u00bb \u00c0 ce stade, <strong>Kolo<br \/>\nMuani<\/strong> donne toujours sa priorit\u00e9 \u00e0 la<br \/>\n<strong>Juve<\/strong>, mais il dispose de touches en<br \/>\n<strong>Angleterre<\/strong> o\u00f9 <strong>Chelsea<\/strong>,<br \/>\n<strong>Tottenham<\/strong> et surtout <strong>Newcastle<\/strong><br \/>\nsont les autres clubs susceptibles de tenter une approche dans les<br \/>\njours \u00e0 venir, indique Le Parisien. <strong>Randal Kolo<br \/>\nMuani<\/strong> esp\u00e8re que son sort sera r\u00e9gl\u00e9 le plus t\u00f4t possible,<br \/>\nconclut Le Parisien.<\/p>\n<p>Une fois n\u2019est pas coutume, L\u2019Equipe n\u2019\u00e9voque pas le<br \/>\n<strong>PSG<\/strong> dans son \u00e9dition du jour.<\/p><\/p>\n","protected":false},"excerpt":{"rendered":"Vu et lu au sujet du PSG dans la\u00a0presse hexagonale\u00a0ce mercredi 23 juillet 2025.\u00a0Comment avancent\u00a0les dossiers de Zabarnyi&hellip;\n","protected":false},"author":2,"featured_media":43795,"comment_status":"","ping_status":"","sticky":false,"template":"","format":"standard","meta":{"footnotes":""},"categories":[1410],"tags":[81,787,13121,63,1011,27,10528,39683,7155,1434,1435,626,91,92,93,7157,13125,60,96,29675],"class_list":{"0":"post-267870","1":"post","2":"type-post","3":"status-publish","4":"format-standard","5":"has-post-thumbnail","7":"category-football","8":"tag-canal-supporters","9":"tag-cs","10":"tag-donnarumma","11":"tag-football","12":"tag-fr","13":"tag-france","14":"tag-gianluigi-donnarumma","15":"tag-illia-zabarnyi","16":"tag-kolo-muani","17":"tag-mercato","18":"tag-mercato-psg","19":"tag-paris","20":"tag-paris-saint-germain","21":"tag-paris-sg","22":"tag-psg","23":"tag-randal-kolo-muani","24":"tag-revue-de-presse","25":"tag-sports","26":"tag-une","27":"tag-zabarnyi"},"share_on_mastodon":{"url":"https:\/\/pubeurope.com\/@fr\/114902276839512937","error":""},"_links":{"self":[{"href":"https:\/\/www.europesays.com\/fr\/wp-json\/wp\/v2\/posts\/267870","targetHints":{"allow":["GET"]}}],"collection":[{"href":"https:\/\/www.europesays.com\/fr\/wp-json\/wp\/v2\/posts"}],"about":[{"href":"https:\/\/www.europesays.com\/fr\/wp-json\/wp\/v2\/types\/post"}],"author":[{"embeddable":true,"href":"https:\/\/www.europesays.com\/fr\/wp-json\/wp\/v2\/users\/2"}],"replies":[{"embeddable":true,"href":"https:\/\/www.europesays.com\/fr\/wp-json\/wp\/v2\/comments?post=267870"}],"version-history":[{"count":0,"href":"https:\/\/www.europesays.com\/fr\/wp-json\/wp\/v2\/posts\/267870\/revisions"}],"wp:featuredmedia":[{"embeddable":true,"href":"https:\/\/www.europesays.com\/fr\/wp-json\/wp\/v2\/media\/43795"}],"wp:attachment":[{"href":"https:\/\/www.europesays.com\/fr\/wp-json\/wp\/v2\/media?parent=267870"}],"wp:term":[{"taxonomy":"category","embeddable":true,"href":"https:\/\/www.europesays.com\/fr\/wp-json\/wp\/v2\/categories?post=267870"},{"taxonomy":"post_tag","embeddable":true,"href":"https:\/\/www.europesays.com\/fr\/wp-json\/wp\/v2\/tags?post=267870"}],"curies":[{"name":"wp","href":"https:\/\/api.w.org\/{rel}","templated":true}]}}