{"id":267871,"date":"2025-07-23T11:19:11","date_gmt":"2025-07-23T11:19:11","guid":{"rendered":"https:\/\/www.europesays.com\/fr\/267871\/"},"modified":"2025-07-23T11:19:11","modified_gmt":"2025-07-23T11:19:11","slug":"paul-el-kharrat-evoque-les-trop-nombreux-cadeaux-empoisonnes-de-jean-luc-reichmann","status":"publish","type":"post","link":"https:\/\/www.europesays.com\/fr\/267871\/","title":{"rendered":"Paul El Kharrat \u00e9voque les trop nombreux \u00ab\u00a0cadeaux empoisonn\u00e9s\u00a0\u00bb de Jean-Luc Reichmann"},"content":{"rendered":"<p>      R\u00e9sum\u00e9<\/p>\n<p>Six ans apr\u00e8s sa participation aux 12 Coups de Midi, Paul El Kharrat partage son exp\u00e9rience et son point de vue nuanc\u00e9 sur Jean-Luc Reichmann, r\u00e9v\u00e9lant une relation distante.<\/p>\n<p>        Sommaire<\/p>\n<p>Des ann\u00e9es avant la victoire d&rsquo;\u00c9milien, <a href=\"https:\/\/www.public.fr\/les-12-coups-de-midi-paul-el-kharrat-jaloux-demilien-tout-a-une-fin\" target=\"_blank\" rel=\"noopener\"><strong>Paul El Kharrat<\/strong> a brill\u00e9 sur le plateau des <strong>12 Coups de Midi<\/strong><\/a>. \u00c0 l&rsquo;instar du candidat fra\u00eechement \u00e9limin\u00e9, le soci\u00e9taire des Grosses T\u00eates avait, lui aussi, eu la chance de remporter de nombreux cadeaux, dont six voitures qu&rsquo;il n&rsquo;avait pas manqu\u00e9 de vendre une fois l&rsquo;aventure termin\u00e9e. <\/p>\n<p>\u00ab\u00a0C&rsquo;est un peu ce que j&rsquo;appellerais <strong>des cadeaux empoisonn\u00e9s<\/strong> dans le sens o\u00f9 ce n&rsquo;est pas tr\u00e8s utile dans l&rsquo;imm\u00e9diat d&rsquo;avoir six voitures, surtout qu&rsquo;apr\u00e8s d\u00e9brouille-toi, cherche une place, et \u00e7a co\u00fbte des sous de les d\u00e9placer [\u2026] Je n&rsquo;ai pas eu trop le choix, je les ai vendues \u00e0 prix co\u00fbtant voire moins cher que sur le papier \u00e0 des concessionnaires\u00a0\u00bb, a-t-il confi\u00e9 ce mardi 22 juillet 2025 dans Jean-Pierre Foucault\u00a0et vous sur Europe 1. <\/p>\n<p>Paul El Kharrat : son avis tranch\u00e9 sur Jean-Luc Reichmann<\/p>\n<p>\u00c0 l&rsquo;\u00e9poque, Paul El Kharrat \u00e9tait rest\u00e9 aux c\u00f4t\u00e9s de <a href=\"https:\/\/www.public.fr\/tag\/jean-luc-reichmann\" target=\"_blank\" rel=\"noopener\">Jean-Luc Reichmann<\/a> un peu plus de cinq mois. Mais <strong>si leur complicit\u00e9 paraissait \u00e9vidente \u00e0 l&rsquo;\u00e9cran, leurs relations se sont finalement distendues avec le temps<\/strong>. C&rsquo;est en tout cas ce que le jeune homme avait expliqu\u00e9 dans les colonnes T\u00e9l\u00e9 Star en 2022. <\/p>\n<p>\u00ab\u00a0<strong>Pourquoi serais-je ami avec Jean-Luc Reichmann\u2009?<\/strong> Cela fait pr\u00e8s d&rsquo;un an qu&rsquo;on ne s&rsquo;adresse plus la parole pour toutes sortes de raisons que je ne d\u00e9voilerai pas. Je n&rsquo;ai pas de contacts ni directs, ni privil\u00e9gi\u00e9s, avec cet homme\u00a0\u00bb, avait-il d\u00e9clar\u00e9. <\/p>\n<p>Des ann\u00e9es apr\u00e8s ces r\u00e9v\u00e9lations, c&rsquo;est au micro d&rsquo;<a href=\"https:\/\/www.instagram.com\/europe1\/\" target=\"_blank\" rel=\"noreferrer noopener\">Europe 1<\/a> que Paul El Kharrat a \u00e9voqu\u00e9 l&rsquo;animateur vedette. <\/p>\n<p>De nouvelles r\u00e9v\u00e9lations au micro d&rsquo;Europe 1<\/p>\n<p>\u00ab\u00a0Jean-Luc Reichmann, est-ce qu&rsquo;il est comme on l&rsquo;imagine ? \u00c7a, c&rsquo;est la question que je pose. C&rsquo;est terrible, il \u00e9coute peut-\u00eatre\u00a0\u00bb, a d&rsquo;abord lanc\u00e9 Jean-Pierre Foucault. <\/p>\n<p>Ce \u00e0 quoi son invit\u00e9 a r\u00e9pondu : \u00ab\u00a0<strong>Vous \u00eates animateur-pr\u00e9sentateur donc vous le connaissez depuis un moment, je pense.\u00a0En tout cas, dans le cadre du jeu, on a pass\u00e9 certains instants en dehors des plateaux, mais bien trop rares pour que je puisse avoir une id\u00e9e totale de la personne<\/strong>\u00ab\u00a0. <\/p>\n<p>Si Paul El Kharrat et Jean-Luc Reichmann ne sont pas les meilleurs amis du monde, l&rsquo;ex-candidat garde tout de m\u00eame un bon souvenir de son passage dans les 12 Coups de Midi. <\/p>\n<p>\u00ab\u00a0<strong>Dans le cadre de la t\u00e9l\u00e9vision, c&rsquo;est un animateur qui met \u00e0 l&rsquo;aise, qui est fort sympathique, qui rigole, qui est de bonne humeur. Je pense que c&rsquo;est aussi \u00e7a qui fait sa renomm\u00e9e et le succ\u00e8s de l&rsquo;\u00e9mission aussi, \u00e9videmment<\/strong>\u00ab\u00a0, a-t-il conclu. C&rsquo;est dit !<\/p>\n<p>      Mentionn\u00e9s dans cet article<\/p>\n<p>\u00c0 lire aussi<\/p>\n<p><script async src=\"\/\/www.instagram.com\/embed.js\"><\/script><\/p>\n","protected":false},"excerpt":{"rendered":"R\u00e9sum\u00e9 Six ans apr\u00e8s sa participation aux 12 Coups de Midi, Paul El Kharrat partage son exp\u00e9rience et&hellip;\n","protected":false},"author":2,"featured_media":267872,"comment_status":"","ping_status":"","sticky":false,"template":"","format":"standard","meta":{"footnotes":""},"categories":[1359],"tags":[58,59,1473,1011,27,465,1263,973],"class_list":{"0":"post-267871","1":"post","2":"type-post","3":"status-publish","4":"format-standard","5":"has-post-thumbnail","7":"category-people","8":"tag-divertissement","9":"tag-entertainment","10":"tag-europe-1","11":"tag-fr","12":"tag-france","13":"tag-jean-luc-reichmann","14":"tag-paul-el-kharrat","15":"tag-people"},"share_on_mastodon":{"url":"https:\/\/pubeurope.com\/@fr\/114902280698692829","error":""},"_links":{"self":[{"href":"https:\/\/www.europesays.com\/fr\/wp-json\/wp\/v2\/posts\/267871","targetHints":{"allow":["GET"]}}],"collection":[{"href":"https:\/\/www.europesays.com\/fr\/wp-json\/wp\/v2\/posts"}],"about":[{"href":"https:\/\/www.europesays.com\/fr\/wp-json\/wp\/v2\/types\/post"}],"author":[{"embeddable":true,"href":"https:\/\/www.europesays.com\/fr\/wp-json\/wp\/v2\/users\/2"}],"replies":[{"embeddable":true,"href":"https:\/\/www.europesays.com\/fr\/wp-json\/wp\/v2\/comments?post=267871"}],"version-history":[{"count":0,"href":"https:\/\/www.europesays.com\/fr\/wp-json\/wp\/v2\/posts\/267871\/revisions"}],"wp:featuredmedia":[{"embeddable":true,"href":"https:\/\/www.europesays.com\/fr\/wp-json\/wp\/v2\/media\/267872"}],"wp:attachment":[{"href":"https:\/\/www.europesays.com\/fr\/wp-json\/wp\/v2\/media?parent=267871"}],"wp:term":[{"taxonomy":"category","embeddable":true,"href":"https:\/\/www.europesays.com\/fr\/wp-json\/wp\/v2\/categories?post=267871"},{"taxonomy":"post_tag","embeddable":true,"href":"https:\/\/www.europesays.com\/fr\/wp-json\/wp\/v2\/tags?post=267871"}],"curies":[{"name":"wp","href":"https:\/\/api.w.org\/{rel}","templated":true}]}}