{"id":267873,"date":"2025-07-23T11:20:10","date_gmt":"2025-07-23T11:20:10","guid":{"rendered":"https:\/\/www.europesays.com\/fr\/267873\/"},"modified":"2025-07-23T11:20:10","modified_gmt":"2025-07-23T11:20:10","slug":"ma-remuneration-est-loin-detre-a-la-hauteur-de-mon-temps-de-travail-dans-les-comptes-de-fanny-photographe-a-1-700-euros","status":"publish","type":"post","link":"https:\/\/www.europesays.com\/fr\/267873\/","title":{"rendered":"\u00ab\u00a0Ma r\u00e9mun\u00e9ration est loin d\u2019\u00eatre \u00e0 la hauteur\u00a0de mon temps de travail\u00a0\u00bb\u00a0: dans les comptes de Fanny, photographe, \u00e0 1\u00a0700\u00a0euros"},"content":{"rendered":"<p class=\"paragraph text_align_left lp-f-body-02\">Des vid\u00e9os tourn\u00e9es avec le cam\u00e9scope de ses parents, des images prises avec l\u2019argentique familial, des faux shootings r\u00e9alis\u00e9s avec ses copines, aussi loin que <a href=\"https:\/\/fannycortade.com\/?fbclid=PAZXh0bgNhZW0CMTEAAaczI_1t4RGhNwC1mK7YR_oqovGQ_i4VeJQ-Ew6grXGjPzbsZR64Nj3h-UQx2A_aem_vjWvfHNh02lwsU8HbwX_lw\" target=\"_blank\" rel=\"nofollow noopener\">Fanny<\/a> se souvienne, <a href=\"https:\/\/www.leparisien.fr\/video\/video-ce-photographe-monte-sur-les-toits-de-paris-pour-prendre-des-photos-spectaculaires-06-06-2022-2656IWWOTZC4LOFQR42P4TQZME.php\" target=\"_blank\" rel=\"noreferrer nofollow noopener\">la photographie<\/a> a toujours fait partie de sa vie. \u00ab J\u2019ai toujours \u00e9t\u00e9 passionn\u00e9e par l\u2019id\u00e9e de cr\u00e9er des images, de mettre en sc\u00e8ne, de raconter des histoires et de rendre r\u00e9elle une id\u00e9e \u00bb, explique-t-elle.<\/p>\n<p class=\"paragraph text_align_left lp-f-body-02\">Si la jeune femme, \u00e2g\u00e9e de 33 ans d\u00e9sormais, n\u2019avait jamais envisag\u00e9 d\u2019en faire un jour son m\u00e9tier, c\u2019est pourtant bien sa profession aujourd\u2019hui. <a href=\"https:\/\/www.leparisien.fr\/dans-les-comptes-des-francais\/\" target=\"_blank\" rel=\"noreferrer nofollow noopener\">Cette photographe et vid\u00e9aste professionnelle<\/a> encha\u00eene les shootings pendant la Fashion Week, les campagnes de publicit\u00e9s pour des marques et m\u00eame les photographies d\u2019acteurs en vogue.<\/p>\n","protected":false},"excerpt":{"rendered":"Des vid\u00e9os tourn\u00e9es avec le cam\u00e9scope de ses parents, des images prises avec l\u2019argentique familial, des faux shootings&hellip;\n","protected":false},"author":2,"featured_media":267874,"comment_status":"","ping_status":"","sticky":false,"template":"","format":"standard","meta":{"footnotes":""},"categories":[1358],"tags":[1348,1384,1385,1386,58,33,59,1011,27],"class_list":{"0":"post-267873","1":"post","2":"type-post","3":"status-publish","4":"format-standard","5":"has-post-thumbnail","7":"category-arts-et-design","8":"tag-arts","9":"tag-arts-and-design","10":"tag-arts-et-design","11":"tag-design","12":"tag-divertissement","13":"tag-economie","14":"tag-entertainment","15":"tag-fr","16":"tag-france"},"share_on_mastodon":{"url":"https:\/\/pubeurope.com\/@fr\/114902284628164135","error":""},"_links":{"self":[{"href":"https:\/\/www.europesays.com\/fr\/wp-json\/wp\/v2\/posts\/267873","targetHints":{"allow":["GET"]}}],"collection":[{"href":"https:\/\/www.europesays.com\/fr\/wp-json\/wp\/v2\/posts"}],"about":[{"href":"https:\/\/www.europesays.com\/fr\/wp-json\/wp\/v2\/types\/post"}],"author":[{"embeddable":true,"href":"https:\/\/www.europesays.com\/fr\/wp-json\/wp\/v2\/users\/2"}],"replies":[{"embeddable":true,"href":"https:\/\/www.europesays.com\/fr\/wp-json\/wp\/v2\/comments?post=267873"}],"version-history":[{"count":0,"href":"https:\/\/www.europesays.com\/fr\/wp-json\/wp\/v2\/posts\/267873\/revisions"}],"wp:featuredmedia":[{"embeddable":true,"href":"https:\/\/www.europesays.com\/fr\/wp-json\/wp\/v2\/media\/267874"}],"wp:attachment":[{"href":"https:\/\/www.europesays.com\/fr\/wp-json\/wp\/v2\/media?parent=267873"}],"wp:term":[{"taxonomy":"category","embeddable":true,"href":"https:\/\/www.europesays.com\/fr\/wp-json\/wp\/v2\/categories?post=267873"},{"taxonomy":"post_tag","embeddable":true,"href":"https:\/\/www.europesays.com\/fr\/wp-json\/wp\/v2\/tags?post=267873"}],"curies":[{"name":"wp","href":"https:\/\/api.w.org\/{rel}","templated":true}]}}