{"id":26788,"date":"2025-04-15T14:59:12","date_gmt":"2025-04-15T14:59:12","guid":{"rendered":"https:\/\/www.europesays.com\/fr\/26788\/"},"modified":"2025-04-15T14:59:12","modified_gmt":"2025-04-15T14:59:12","slug":"gros-bouchon-pres-de-lille-apres-un-accident-impliquant-un-poids-lourd","status":"publish","type":"post","link":"https:\/\/www.europesays.com\/fr\/26788\/","title":{"rendered":"gros bouchon pr\u00e8s de Lille apr\u00e8s un accident impliquant un poids lourd"},"content":{"rendered":"<p>            Par<br \/>\n        <strong><br \/>\n            <a href=\"https:\/\/actu.fr\/auteur\/nicolas-demollien\" title=\"Consulter tous les articles de Nicolas Demollien\" rel=\"nofollow noopener\" target=\"_blank\">Nicolas Demollien<\/a><br \/>\n        <\/strong><\/p>\n<p>        Publi\u00e9 le<\/p>\n<p>            14 avr. 2025 \u00e0 18h20<br \/>\n        ; mis \u00e0 jour le 14 avr. 2025 \u00e0 20h38    <\/p>\n<p><b>Prudence<\/b> si vous devez emprunter l\u2019<b>autoroute A22<\/b> ce lundi 14 avril 2025. En fin d\u2019apr\u00e8s-midi, un <a href=\"https:\/\/actu.fr\/tag\/accident\" rel=\"nofollow noopener\" target=\"_blank\">accident<\/a> impliquant <b>un poids lourd<\/b> s\u2019est produit \u00e0 <a href=\"https:\/\/actu.fr\/hauts-de-france\/ronchin_59507\" rel=\"nofollow noopener\" target=\"_blank\">Ronchin<\/a>, tout pr\u00e8s de <a href=\"https:\/\/actu.fr\/hauts-de-france\/lille_59350\" rel=\"nofollow noopener\" target=\"_blank\">Lille<\/a> (Nord). Un <b>bouchon de plusieurs kilom\u00e8tres<\/b> s\u2019\u00e9tait form\u00e9.<\/p>\n<p>Un accident avec un poids lourd et deux v\u00e9hicules pr\u00e8s de Lille<\/p>\n<p class=\" wall-content\">L\u2019accident s\u2019est produit plus pr\u00e9cis\u00e9ment sur le tronc commun de l\u2019autoroute A22, dans le <b>sens Belgique \u2013 Lille<\/b>. Il impliquait\u00a0\u00e9galement deux v\u00e9hicules.<\/p>\n<p class=\" wall-content\">\u00ab\u00a0La voie de droite et la bande d\u2019arr\u00eat d\u2019urgence sont neutralis\u00e9es et un bouchon de 5km, en augmentation sur la RN227 et l\u2019autoroute A27, s\u2019est form\u00e9 en amont de cet accident\u00a0\u00bb, pr\u00e9venait-on aux alentours de 18h du c\u00f4t\u00e9 de la pr\u00e9fecture.<\/p>\n<p class=\" wall-content\">La voie de droite et la bande d\u2019arr\u00eat d\u2019urgence ont finalement \u00e9t\u00e9 lib\u00e9r\u00e9es peu avant 19h, permettant au bouchon de se r\u00e9sorber.<\/p>\n<p class=\" wall-content\">Suivez toute l\u2019actualit\u00e9 de vos villes et m\u00e9dias favoris en vous inscrivant \u00e0 <a href=\"https:\/\/moncompte.actu.fr\" title=\"D\u00e9couvez Mon Actu\" rel=\"nofollow noopener\" data-trk=\"{&quot;cta&quot;:{&quot;action&quot;:&quot;https:\\\/\\\/moncompte.actu.fr&quot;,&quot;category&quot;:&quot;mon compte&quot;,&quot;from&quot;:&quot;article footer&quot;,&quot;name&quot;:&quot;Mon actu&quot;,&quot;type&quot;:&quot;cta&quot;}}\" target=\"_blank\">Mon Actu<\/a>.<\/p>\n","protected":false},"excerpt":{"rendered":"Par Nicolas Demollien Publi\u00e9 le 14 avr. 2025 \u00e0 18h20 ; mis \u00e0 jour le 14 avr. 2025&hellip;\n","protected":false},"author":2,"featured_media":26789,"comment_status":"","ping_status":"","sticky":false,"template":"","format":"standard","meta":{"footnotes":""},"categories":[2815],"tags":[119,1111,11,3542,1777,674,1011,27,811,1307,12,25,104],"class_list":{"0":"post-26788","1":"post","2":"type-post","3":"status-publish","4":"format-standard","5":"has-post-thumbnail","7":"category-lille","8":"tag-accident","9":"tag-actu","10":"tag-actualites","11":"tag-circulation","12":"tag-eu","13":"tag-europe","14":"tag-fr","15":"tag-france","16":"tag-hauts-de-france","17":"tag-lille","18":"tag-news","19":"tag-republique-francaise","20":"tag-societe"},"share_on_mastodon":{"url":"https:\/\/pubeurope.com\/@fr\/114342577030490299","error":""},"_links":{"self":[{"href":"https:\/\/www.europesays.com\/fr\/wp-json\/wp\/v2\/posts\/26788","targetHints":{"allow":["GET"]}}],"collection":[{"href":"https:\/\/www.europesays.com\/fr\/wp-json\/wp\/v2\/posts"}],"about":[{"href":"https:\/\/www.europesays.com\/fr\/wp-json\/wp\/v2\/types\/post"}],"author":[{"embeddable":true,"href":"https:\/\/www.europesays.com\/fr\/wp-json\/wp\/v2\/users\/2"}],"replies":[{"embeddable":true,"href":"https:\/\/www.europesays.com\/fr\/wp-json\/wp\/v2\/comments?post=26788"}],"version-history":[{"count":0,"href":"https:\/\/www.europesays.com\/fr\/wp-json\/wp\/v2\/posts\/26788\/revisions"}],"wp:featuredmedia":[{"embeddable":true,"href":"https:\/\/www.europesays.com\/fr\/wp-json\/wp\/v2\/media\/26789"}],"wp:attachment":[{"href":"https:\/\/www.europesays.com\/fr\/wp-json\/wp\/v2\/media?parent=26788"}],"wp:term":[{"taxonomy":"category","embeddable":true,"href":"https:\/\/www.europesays.com\/fr\/wp-json\/wp\/v2\/categories?post=26788"},{"taxonomy":"post_tag","embeddable":true,"href":"https:\/\/www.europesays.com\/fr\/wp-json\/wp\/v2\/tags?post=26788"}],"curies":[{"name":"wp","href":"https:\/\/api.w.org\/{rel}","templated":true}]}}