{"id":267884,"date":"2025-07-23T11:27:17","date_gmt":"2025-07-23T11:27:17","guid":{"rendered":"https:\/\/www.europesays.com\/fr\/267884\/"},"modified":"2025-07-23T11:27:17","modified_gmt":"2025-07-23T11:27:17","slug":"parcours-horaires-favoris-et-curiosites-de-la-dix-septieme-etape","status":"publish","type":"post","link":"https:\/\/www.europesays.com\/fr\/267884\/","title":{"rendered":"parcours, horaires, favoris et curiosit\u00e9s de la dix-septi\u00e8me \u00e9tape"},"content":{"rendered":"<p>Tout ce qu\u2019il faut savoir sur la course et ses \u00e0-c\u00f4t\u00e9s avec la dix-septi\u00e8me \u00e9tape entre Boll\u00e8ne et Valence.<\/p>\n<p><strong>Le profil de l\u2019\u00e9tape\u00a0: Boll\u00e8ne-Valence (160,4 km)<\/strong><\/p>\n<p class=\"fig-paragraph\">Un parcours tr\u00e8s ouvert. La dix-septi\u00e8me \u00e9tape du Tour de France m\u00e8nera les coureurs de Boll\u00e8ne (Vaucluse) \u00e0 Valence (Dr\u00f4me). Un trac\u00e9 assez court \u2013 160,4 kilom\u00e8tres \u2013 avec deux petites difficult\u00e9s plac\u00e9es loin de l\u2019arriv\u00e9e \u2013 le col du Pertuis (3,7 km \u00e0 6,6% ; km 66,3) et le col de Tartaiguille (3,6 km \u00e0 3,5% ; km 117) \u2013 qui pourrait convenir \u00e0 des baroudeurs. \u00c0 moins que les sprinteurs n\u2019aient envie de se disputer la victoire une derni\u00e8re fois avant l\u2019arriv\u00e9e sur les Champs-Elys\u00e9es (et encore).<\/p>\n<p><strong>Les favoris de la r\u00e9daction et la grosse cote<\/strong><\/p>\n<p class=\"fig-paragraph\">Les sprinteurs peuvent souffler. Ceux qui ont encore un peu de jus dans les jambes apr\u00e8s la\u00a0<a href=\"http:\/\/www.lefigaro.fr\/sports\/cyclisme\/tour-de-france\/tour-de-france-valentin-paret-peintre-hisse-le-drapeau-bleu-blanc-rouge-au-sommet-du-ventoux-20250722\" data-fig-type=\"Article\" data-gtm-custom-categorie=\"navigation\" data-gtm-custom-action=\"crossclick\" data-gtm-custom-label=\"Contextuel\" data-gtm-event=\"customEventSPE\" data-fig-domain=\"LEFIGARO\" rel=\"nofollow noopener\" target=\"_blank\">mont\u00e9e vers le mont Ventoux<\/a>\u00a0mardi vont se disputer la victoire \u00e0 Valence. L\u2019occasion pour Tim Merlier de remettre les pendules \u00e0 l\u2019heure.<\/p>\n<p>                                    <a class=\"fig-a11y-skip a11y-hidden\" href=\"#fig-a11y-skip-main-inarticle\"><br \/>\n        Passer la publicit\u00e9<br \/>\n    <\/a><\/p>\n<p class=\"fig-paragraph\">La grosse cote\u00a0: Wout van Aert aura-t-il la r\u00e9ussite avec lui\u00a0? Le coureur de la Visma Lease a Bike sera dans le coup pour la victoire m\u00eame s\u2019il souffre de la comparaison avec les meilleurs sp\u00e9cialistes du sprint.<\/p>\n<p><strong>Les horaires de la dix-septi\u00e8me \u00e9tape<\/strong><\/p>\n<p class=\"fig-paragraph\">Le d\u00e9part fictif sera donn\u00e9 \u00e0 13h35 depuis Boll\u00e8ne et le d\u00e9part r\u00e9el \u00e0 13h50. L\u2019arriv\u00e9e est pr\u00e9vue \u00e0 17h19 avec une moyenne de 46 km\/h.<\/p>\n<p><strong>Comment suivre l\u2019\u00e9tape \u00e0 la t\u00e9l\u00e9<\/strong><\/p>\n<p class=\"fig-paragraph\">France 2 \u00e0 partir de 12h00 puis France 3 \u00e0 partir de 13h00 et retour sur France 2 \u00e0 15h00. En int\u00e9gralit\u00e9 en payant sur Eurosport.<\/p>\n<p class=\"fig-paragraph\"><strong>LA CURIOSIT\u00c9 DU JOUR<\/strong><\/p>\n<p class=\"fig-paragraph\">Ville-\u00e9tape in\u00e9dite, Boll\u00e8ne est une commune agr\u00e9able (labels Villes et Villages o\u00f9 il fait bon vivre, Patrimoine en Vaucluse, Ville Prudente, Villes et Villages Fleuris 3 fleurs) qui dispose d\u2019un patrimoine assez riche avec la coll\u00e9giale Saint-Martin (XIIe-XVe si\u00e8cles), l\u2019ancien couvent des Ursulines (XVIIe si\u00e8cle) et la maison cardinale (XIIIe si\u00e8cle).<\/p>\n<p>                                    <a class=\"fig-a11y-skip a11y-hidden\" href=\"#fig-a11y-skip-main-inarticle_mtf\"><br \/>\n        Passer la publicit\u00e9<br \/>\n    <\/a><\/p>\n<p class=\"fig-paragraph\">Valence est une ville d\u2019art et d\u2019histoire \u2013 cath\u00e9drale Sainte-Apollinaire (XIe si\u00e8cle), maison des T\u00eates (XVIe si\u00e8cle), kiosque Peynet (XIXe si\u00e8cle) \u2013 r\u00e9put\u00e9e, aussi, pour sa gastronomie avec la caillette, les ravioles, la truffe noire ou le Suisse de Valence (biscuit).<\/p>\n<p><strong>L\u2019expression du jour\u00a0: \u00abDans le coffre\u00bb<\/strong><\/p>\n<p class=\"fig-paragraph\">\u00catre derri\u00e8re une voiture, \u00e0 l\u2019abri du vent et dans l\u2019aspiration.<\/p>\n","protected":false},"excerpt":{"rendered":"Tout ce qu\u2019il faut savoir sur la course et ses \u00e0-c\u00f4t\u00e9s avec la dix-septi\u00e8me \u00e9tape entre Boll\u00e8ne et&hellip;\n","protected":false},"author":2,"featured_media":267885,"comment_status":"","ping_status":"","sticky":false,"template":"","format":"standard","meta":{"footnotes":""},"categories":[9],"tags":[1011,27,60,210],"class_list":{"0":"post-267884","1":"post","2":"type-post","3":"status-publish","4":"format-standard","5":"has-post-thumbnail","7":"category-sports","8":"tag-fr","9":"tag-france","10":"tag-sports","11":"tag-tour-de-france"},"share_on_mastodon":{"url":"https:\/\/pubeurope.com\/@fr\/114902312189777611","error":""},"_links":{"self":[{"href":"https:\/\/www.europesays.com\/fr\/wp-json\/wp\/v2\/posts\/267884","targetHints":{"allow":["GET"]}}],"collection":[{"href":"https:\/\/www.europesays.com\/fr\/wp-json\/wp\/v2\/posts"}],"about":[{"href":"https:\/\/www.europesays.com\/fr\/wp-json\/wp\/v2\/types\/post"}],"author":[{"embeddable":true,"href":"https:\/\/www.europesays.com\/fr\/wp-json\/wp\/v2\/users\/2"}],"replies":[{"embeddable":true,"href":"https:\/\/www.europesays.com\/fr\/wp-json\/wp\/v2\/comments?post=267884"}],"version-history":[{"count":0,"href":"https:\/\/www.europesays.com\/fr\/wp-json\/wp\/v2\/posts\/267884\/revisions"}],"wp:featuredmedia":[{"embeddable":true,"href":"https:\/\/www.europesays.com\/fr\/wp-json\/wp\/v2\/media\/267885"}],"wp:attachment":[{"href":"https:\/\/www.europesays.com\/fr\/wp-json\/wp\/v2\/media?parent=267884"}],"wp:term":[{"taxonomy":"category","embeddable":true,"href":"https:\/\/www.europesays.com\/fr\/wp-json\/wp\/v2\/categories?post=267884"},{"taxonomy":"post_tag","embeddable":true,"href":"https:\/\/www.europesays.com\/fr\/wp-json\/wp\/v2\/tags?post=267884"}],"curies":[{"name":"wp","href":"https:\/\/api.w.org\/{rel}","templated":true}]}}