{"id":267888,"date":"2025-07-23T11:30:25","date_gmt":"2025-07-23T11:30:25","guid":{"rendered":"https:\/\/www.europesays.com\/fr\/267888\/"},"modified":"2025-07-23T11:30:25","modified_gmt":"2025-07-23T11:30:25","slug":"microsoft-prolonge-gratuitement-le-support-de-windows-10-mais-a-une-condition-frandroid","status":"publish","type":"post","link":"https:\/\/www.europesays.com\/fr\/267888\/","title":{"rendered":"Microsoft prolonge gratuitement le support de Windows 10, mais \u00e0 une condition &#8211; Frandroid"},"content":{"rendered":"<ol>\n<li><a href=\"https:\/\/news.google.com\/rss\/articles\/CBMiyAFBVV95cUxPNzRBZmpIeWljVnB1M1pNaTdVQnZKb0xmcTQ2QTV5RlF5MWFaSkNHWXBocjlvVXMzWjE2aTJIWDhTQnpieGkyZ29CMnQtYkRqTXJwR21SVG5ZU3RXOS1naFRTZGtibm5BZkkyTjBFdkZpQ3V5Rnd0WmtyWU5EWGhCMEM4cXRoLVk4Z0NDVlp3ZEUyd054TlZLeENDT2ZjNFgzaXE0NEYzeVRQY1oyeWhUbzhfd2ZBVEhGOFNqTEtBQ1hHZmFOejdYQQ?oc=5\" target=\"_blank\" rel=\"noopener\">Microsoft prolonge gratuitement le support de Windows 10, mais \u00e0 une condition<\/a>&nbsp;&nbsp;Frandroid<\/li>\n<li><a href=\"https:\/\/news.google.com\/rss\/articles\/CBMi7gFBVV95cUxPZWlMNVQyY1JNME5GbkFRcjlVcmE2elJ2bVhmNmJHYkdfR0lKMG5aQkdZb1ZpREdyd3o1d2E1Q1lSSlhKVERRVWVkWWpZY0xIQ2cxVDQ5NTkzSnRrdmpReG9FeS1aeFB0MExKMXA3MlgySi15TEhMYUUycXlVWFdsNkNUdWlDUmJTTng4YnhmNThidjNIbUg4WW55ODc1U2dPX1lXeEZZVHZhRklKOUhMa3gwWDNod3VKQ282aXFYSkJfVUY4VlBRT2Y3Q0UwWm5qamNtMy1fb3hBU2FoYjJnYURCV3FPdTE1NGN1ZEpn?oc=5\" target=\"_blank\" rel=\"noopener\">Windows 11 : l\u2019outil de migration de Microsoft d\u00e9\u00e7oit en oubliant plusieurs fichiers et mod\u00e8les de PC<\/a>&nbsp;&nbsp;Les Num\u00e9riques<\/li>\n<li><a href=\"https:\/\/news.google.com\/rss\/articles\/CBMivwFBVV95cUxObU1mNURCRF83TVM2RnRad283VnhaMFFGcmFFQ1JBRHkzYXB4azRiXzhIMm9YTm5na0t4T0xHQlB4bU94dFNVX1IwN2c5RlBnNkNnWTJqYjJGU3dwNlRjdEZydVdEcDlDODJlMDdLZ20tckpFLWtfYkxvcDhpYnduUUJ0dFlUbHF3LUs5NGpka3lDTktiS2h2bFB0YkpjRnhJdVNHNUVoaUdxdDhIdDdITDdHMkxrREtGWUZ4aGFHMA?oc=5\" target=\"_blank\" rel=\"noopener\">Vous devez changer de PC ? Voici comment Microsoft va faciliter la transition vers Windows 11<\/a>&nbsp;&nbsp;Presse-citron<\/li>\n<li><a href=\"https:\/\/news.google.com\/rss\/articles\/CBMi7gFBVV95cUxPZm1tQ2VMcml4aWlzT0lmc0xOWTNrbGVTRk95VjhjMnRpTl9CU1dzdElaMHIyMzNTZHdnRE5SZFRBUDZjbVVoWjFJS095SVgyR18xdXBWSEhTYmE5Uzlqa0tPN1ZnNElvVEVjeEViNmxhRGRPajN1MnZPVmxZbW1SaHBXVlRLdzEwSGxIbldVdlV5R3pGcHlSYkRvVnJUUTA2bEgycDM0RVVRY292NFkzWUNmcy1pYVhFSFJvWDMtWEhkcG50d3U4cjF2S21hN2gta2FUdjFhS25weHNXUFdoMzJvUTBQN3o0UlpFTjN3?oc=5\" target=\"_blank\" rel=\"noopener\">Votre PC est menac\u00e9 par la fin de Windows 10 ? Cette nouvelle initiative pourrait lui sauver la vie<\/a>&nbsp;&nbsp;Science et vie<\/li>\n<li><a href=\"https:\/\/news.google.com\/rss\/articles\/CBMi2wFBVV95cUxQLVp3c1N0TFlfLW15STFnNDNfSWtKd1VqX3p0cXdSUUdDeW03MlJPYVNtcXh4VVJhckJaYzNjT3dxOXRzb0JheGFueGFNUWtiZU1CMllPNVFsbXZHLVBNRXJYeGVWbWo1VThIRmotbThUZmNCaGFoRmswZENFUGFiOS1JVVA0N3I2azRpblpZOEViVXFFaXY2a1FENWMycHdHRTI0NDRYX3h2TERsemtJN1lNRnhFV0VhTEV3WFktZWNJUF9aRXFlRFQ0cUxnLW12ZFpfSElnclg3VUE?oc=5\" target=\"_blank\" rel=\"noopener\">Windows 10 : Microsoft propose une ann\u00e9e de support, mais \u00e0 quel prix pour vos donn\u00e9es ?<\/a>&nbsp;&nbsp;Clubic<\/li>\n<\/ol>\n","protected":false},"excerpt":{"rendered":"Microsoft prolonge gratuitement le support de Windows 10, mais \u00e0 une condition&nbsp;&nbsp;Frandroid Windows 11 : l\u2019outil de migration&hellip;\n","protected":false},"author":2,"featured_media":267889,"comment_status":"","ping_status":"","sticky":false,"template":"","format":"standard","meta":{"footnotes":""},"categories":[7],"tags":[1011,27,40733,43,40,41,39,42,44],"class_list":{"0":"post-267888","1":"post","2":"type-post","3":"status-publish","4":"format-standard","5":"has-post-thumbnail","7":"category-sciences-et-technologies","8":"tag-fr","9":"tag-france","10":"tag-microsoft-windows-10","11":"tag-science","12":"tag-science-and-technology","13":"tag-sciences","14":"tag-sciences-et-technologies","15":"tag-technologies","16":"tag-technology"},"share_on_mastodon":{"url":"https:\/\/pubeurope.com\/@fr\/114902324113258215","error":""},"_links":{"self":[{"href":"https:\/\/www.europesays.com\/fr\/wp-json\/wp\/v2\/posts\/267888","targetHints":{"allow":["GET"]}}],"collection":[{"href":"https:\/\/www.europesays.com\/fr\/wp-json\/wp\/v2\/posts"}],"about":[{"href":"https:\/\/www.europesays.com\/fr\/wp-json\/wp\/v2\/types\/post"}],"author":[{"embeddable":true,"href":"https:\/\/www.europesays.com\/fr\/wp-json\/wp\/v2\/users\/2"}],"replies":[{"embeddable":true,"href":"https:\/\/www.europesays.com\/fr\/wp-json\/wp\/v2\/comments?post=267888"}],"version-history":[{"count":0,"href":"https:\/\/www.europesays.com\/fr\/wp-json\/wp\/v2\/posts\/267888\/revisions"}],"wp:featuredmedia":[{"embeddable":true,"href":"https:\/\/www.europesays.com\/fr\/wp-json\/wp\/v2\/media\/267889"}],"wp:attachment":[{"href":"https:\/\/www.europesays.com\/fr\/wp-json\/wp\/v2\/media?parent=267888"}],"wp:term":[{"taxonomy":"category","embeddable":true,"href":"https:\/\/www.europesays.com\/fr\/wp-json\/wp\/v2\/categories?post=267888"},{"taxonomy":"post_tag","embeddable":true,"href":"https:\/\/www.europesays.com\/fr\/wp-json\/wp\/v2\/tags?post=267888"}],"curies":[{"name":"wp","href":"https:\/\/api.w.org\/{rel}","templated":true}]}}