{"id":267893,"date":"2025-07-23T11:34:27","date_gmt":"2025-07-23T11:34:27","guid":{"rendered":"https:\/\/www.europesays.com\/fr\/267893\/"},"modified":"2025-07-23T11:34:27","modified_gmt":"2025-07-23T11:34:27","slug":"le-10-septembre-on-bloque-tout-cest-quoi-ces-appels-a-la-mobilisation-en-france","status":"publish","type":"post","link":"https:\/\/www.europesays.com\/fr\/267893\/","title":{"rendered":"\u00ab\u00a0Le 10 septembre on bloque tout\u00a0\u00bb: c&rsquo;est quoi ces appels \u00e0 la mobilisation en France?"},"content":{"rendered":"<p>\u00ab\u00a0Le 10 septembre 2025, la France se confine\u00a0\u00bb, \u00ab\u00a0le 10 septembre 2025, on bloque tout\u00a0\u00bb.<\/p>\n<p>Un vent de contestation souffle sur les r\u00e9seaux sociaux, avec des appels \u00e0 la mobilisation le mercredi 10 septembre, et des mots d\u2019ordre comme \u00ab\u00a0boycott\u00a0\u00bb, \u00ab\u00a0d\u00e9sob\u00e9issance\u00a0\u00bb.<\/p>\n<p>\u00c0 la man\u0153uvre, des groupes qui se disent \u00ab\u00a0ni de gauche, ni de droite\u00a0\u00bb et qui plaident pour \u00ab\u00a0un arr\u00eat total et illimit\u00e9 du pays\u00a0\u00bb, fa\u00e7on \u00ab\u00a0gilets jaunes\u00a0\u00bb.<\/p>\n<p>En ligne de mire, la politique d\u2019aust\u00e9rit\u00e9 du gouvernement de Fran\u00e7ois Bayrou et du pr\u00e9sident de la R\u00e9publique.<\/p>\n<p><strong>Peser sur le d\u00e9bat budg\u00e9taire<\/strong><\/p>\n<p>Cette date n\u2019a pas \u00e9t\u00e9 choisie au hasard. Elle intervient avant la rentr\u00e9e parlementaire et la pr\u00e9sentation formelle du budget 2026 \u00e0 l\u2019Assembl\u00e9e nationale d\u00e9but octobre. Ses relais esp\u00e8rent peser sur le d\u00e9bat budg\u00e9taire.<\/p>\n<p>Le 15 juillet, le Premier ministre a d\u00e9voil\u00e9 son plan de 43,8 milliards d\u2019euros d\u2019\u00e9conomies pour le budget de 2026, qui pr\u00e9voit notamment un gel des d\u00e9penses de l\u2019Etat et <a href=\"http:\/\/Ils veulent faire payer encore plus ceux qui n\u2019ont d\u00e9j\u00e0 rien.\" target=\"_blank\" rel=\"noopener nofollow\">une \u00ab\u00a0ann\u00e9e blanche\u00a0\u00bb pour les prestations sociales et les retraites<\/a>.<\/p>\n<p>Parmi les mesures impopulaires, l\u2019allongement \u00e0 sept jours du d\u00e9lai de carence pour le versement des indemnit\u00e9s en cas d\u2019arr\u00eat maladie, <a href=\"https:\/\/www.nicematin.com\/politique\/budget-2026-jours-feries-supprimes-frais-professionnels-rabotes-collectivites-au-regime-sec-ce-qu-il-faut-retenir-des-principales-annonces-de-francois-bayrou-994395\" rel=\"nofollow noopener\" target=\"_blank\">la suppression de deux jours f\u00e9ri\u00e9s<\/a>.<\/p>\n<p>\u00ab\u00a0Ils veulent faire payer encore plus ceux qui n\u2019ont d\u00e9j\u00e0 rien\u00a0\u00bb, affirment ces publications qui d\u00e9noncent \u00ab\u00a0un racket en bande organis\u00e9e\u00a0\u00bb et invitent \u00ab\u00a0\u00e0 fermer boutique, ne rien produire et ne rien consommer\u00a0\u00bb. Des comptes partagent aussi une cartographie des actions pr\u00e9vues.<\/p>\n<p>Cette mobilisation citoyenne continue \u00e0 prendre de l\u2019ampleur, \u00e0 l\u2019image de la p\u00e9tition contre la loi Duplomb qui totalise plus d\u20191,7 million de signatures.<\/p>\n<p>Faut-il s\u2019attendre \u00e0 un nouveau mouvement de type \u00ab\u00a0gilets jaunes\u00a0\u00bb, dont les antennes locales relaient massivement les invitations \u00e0 la mobilisation?<\/p>\n<p>Si ces appels au soul\u00e8vement se revendiquent asyndicaux et apolitiques, ils sont toutefois relay\u00e9s par des groupes d\u2019extr\u00eame gauche et d\u2019extr\u00eame droite.<\/p>\n","protected":false},"excerpt":{"rendered":"\u00ab\u00a0Le 10 septembre 2025, la France se confine\u00a0\u00bb, \u00ab\u00a0le 10 septembre 2025, on bloque tout\u00a0\u00bb. Un vent de&hellip;\n","protected":false},"author":2,"featured_media":267894,"comment_status":"","ping_status":"","sticky":false,"template":"","format":"standard","meta":{"footnotes":""},"categories":[4],"tags":[11,1011,27,12,25,801],"class_list":{"0":"post-267893","1":"post","2":"type-post","3":"status-publish","4":"format-standard","5":"has-post-thumbnail","7":"category-france","8":"tag-actualites","9":"tag-fr","10":"tag-france","11":"tag-news","12":"tag-republique-francaise","13":"tag-social"},"share_on_mastodon":{"url":"https:\/\/pubeurope.com\/@fr\/114902339524494104","error":""},"_links":{"self":[{"href":"https:\/\/www.europesays.com\/fr\/wp-json\/wp\/v2\/posts\/267893","targetHints":{"allow":["GET"]}}],"collection":[{"href":"https:\/\/www.europesays.com\/fr\/wp-json\/wp\/v2\/posts"}],"about":[{"href":"https:\/\/www.europesays.com\/fr\/wp-json\/wp\/v2\/types\/post"}],"author":[{"embeddable":true,"href":"https:\/\/www.europesays.com\/fr\/wp-json\/wp\/v2\/users\/2"}],"replies":[{"embeddable":true,"href":"https:\/\/www.europesays.com\/fr\/wp-json\/wp\/v2\/comments?post=267893"}],"version-history":[{"count":0,"href":"https:\/\/www.europesays.com\/fr\/wp-json\/wp\/v2\/posts\/267893\/revisions"}],"wp:featuredmedia":[{"embeddable":true,"href":"https:\/\/www.europesays.com\/fr\/wp-json\/wp\/v2\/media\/267894"}],"wp:attachment":[{"href":"https:\/\/www.europesays.com\/fr\/wp-json\/wp\/v2\/media?parent=267893"}],"wp:term":[{"taxonomy":"category","embeddable":true,"href":"https:\/\/www.europesays.com\/fr\/wp-json\/wp\/v2\/categories?post=267893"},{"taxonomy":"post_tag","embeddable":true,"href":"https:\/\/www.europesays.com\/fr\/wp-json\/wp\/v2\/tags?post=267893"}],"curies":[{"name":"wp","href":"https:\/\/api.w.org\/{rel}","templated":true}]}}