{"id":26790,"date":"2025-04-15T15:00:13","date_gmt":"2025-04-15T15:00:13","guid":{"rendered":"https:\/\/www.europesays.com\/fr\/26790\/"},"modified":"2025-04-15T15:00:13","modified_gmt":"2025-04-15T15:00:13","slug":"il-reste-encore-des-places","status":"publish","type":"post","link":"https:\/\/www.europesays.com\/fr\/26790\/","title":{"rendered":"il reste encore des places\u00a0!"},"content":{"rendered":"<p>            Par<br \/>\n        <strong><br \/>\n            <a href=\"https:\/\/actu.fr\/auteur\/nicolas-demollien\" title=\"Consulter tous les articles de Nicolas Demollien\" target=\"_blank\" rel=\"noopener\">Nicolas Demollien<\/a><br \/>\n        <\/strong><\/p>\n<p>        Publi\u00e9 le<\/p>\n<p>            15 avr. 2025 \u00e0 10h40        <\/p>\n<p>Il va y avoir du<b> spectacle<\/b> au <a href=\"https:\/\/actu.fr\/tag\/zenith-de-lille\" target=\"_blank\" rel=\"noopener\">Z\u00e9nith de Lille<\/a> (Nord) ! Vendredi 25 avril 2025, un <b>grand show<\/b> de <a href=\"https:\/\/actu.fr\/tag\/mma\" target=\"_blank\" rel=\"noopener\">MMA<\/a> est propos\u00e9 dans la salle de la capitale des Flandres avec des <b>combats tr\u00e8s attendus.<\/b><\/p>\n<p>Une soir\u00e9e exceptionnelle de MMA au Z\u00e9nith de Lille<\/p>\n<p class=\" wall-content\">Apr\u00e8s avoir enflamm\u00e9 Paris, Reims ou encore Nantes, <b>Hexagone MMA pose en effet sa cage \u00e0 Lille<\/b> pour une <b>soir\u00e9e d\u2019exception<\/b>, marqu\u00e9e notamment par quatre \u00e9v\u00e9nements majeurs :<\/p>\n<ul class=\" wall-content\">\n<li><b>Paul Dena<\/b> fera ses d\u00e9buts professionnels ! M\u00e9daill\u00e9 de bronze aux championnats d\u2019Europe, champion de France 2023 et auteur du KO le plus rapide de l\u2019histoire d\u2019Hexagone MMA (5 secondes !), ce ph\u00e9nom\u00e8ne breton aux 500 000 followers est pr\u00eat \u00e0 marquer les esprits.<\/li>\n<li><b>Matthieu Letho Duclos<\/b> d\u00e9fendra son titre des \u2013 84 kg devant son public. Tout juste sacr\u00e9, il remet d\u00e9j\u00e0 sa ceinture en jeu face \u00e0 un adversaire redoutable : le l\u00e9gendaire Daniel Woirin.<\/li>\n<li><b>Allan Landouzy<\/b> est de retour trois mois apr\u00e8s un combat intense contre Paul Denis Navero ! Le prodige du Nord revient sur le devant de la sc\u00e8ne face au Portugais Alexandre Parga Rita.<\/li>\n<li><b>Samba Sima<\/b> fera ses d\u00e9buts pro ! Finaliste des derniers championnats du monde IMMAF, ce grand espoir du MMA fran\u00e7ais entre dans l\u2019ar\u00e8ne.<\/li>\n<\/ul>\n<p>    <a href=\"https:\/\/www.facebook.com\/plugins\/post.php?href=https%3A%2F%2Fwww.facebook.com%2Fhexagonemma%2Fposts%2Fpfbid0TFPU8jtgw1HzcQdWySRB9BvF2JjwwEfE89AgK7TfvsBt8FSg2DX5UkgVps4Muf5Jl&amp;show_text=true&amp;width=350\" title=\"Ouvrie le lien\" target=\"_blank\" rel=\"noopener\">Cliquez ici pour visualiser le contenu<\/a><\/p>\n<p class=\" wall-content\">Bref, un \u00e9v\u00e9nement \u00e0 ne pas rater ! Infos et r\u00e9servations sur le site <a href=\"https:\/\/hexagonemma.fr\/\" target=\"_blank\" rel=\"noopener\">hexagonemma.fr<\/a><\/p>\n<p>Vid\u00e9os : en ce moment sur Actu<\/p>\n<p class=\" wall-content\">Suivez toute l\u2019actualit\u00e9 de vos villes et m\u00e9dias favoris en vous inscrivant \u00e0 <a href=\"https:\/\/moncompte.actu.fr\" title=\"D\u00e9couvez Mon Actu\" rel=\"nofollow noopener\" data-trk=\"{&quot;cta&quot;:{&quot;action&quot;:&quot;https:\\\/\\\/moncompte.actu.fr&quot;,&quot;category&quot;:&quot;mon compte&quot;,&quot;from&quot;:&quot;article footer&quot;,&quot;name&quot;:&quot;Mon actu&quot;,&quot;type&quot;:&quot;cta&quot;}}\" target=\"_blank\">Mon Actu<\/a>.<\/p>\n","protected":false},"excerpt":{"rendered":"Par Nicolas Demollien Publi\u00e9 le 15 avr. 2025 \u00e0 10h40 Il va y avoir du spectacle au Z\u00e9nith&hellip;\n","protected":false},"author":2,"featured_media":26791,"comment_status":"","ping_status":"","sticky":false,"template":"","format":"standard","meta":{"footnotes":""},"categories":[2815],"tags":[1111,11,1777,674,1011,27,811,1307,1652,1847,12,25,7268],"class_list":{"0":"post-26790","1":"post","2":"type-post","3":"status-publish","4":"format-standard","5":"has-post-thumbnail","7":"category-lille","8":"tag-actu","9":"tag-actualites","10":"tag-eu","11":"tag-europe","12":"tag-fr","13":"tag-france","14":"tag-hauts-de-france","15":"tag-lille","16":"tag-loisirs-culture","17":"tag-mma","18":"tag-news","19":"tag-republique-francaise","20":"tag-zenith-de-lille"},"share_on_mastodon":{"url":"https:\/\/pubeurope.com\/@fr\/114342580963994800","error":""},"_links":{"self":[{"href":"https:\/\/www.europesays.com\/fr\/wp-json\/wp\/v2\/posts\/26790","targetHints":{"allow":["GET"]}}],"collection":[{"href":"https:\/\/www.europesays.com\/fr\/wp-json\/wp\/v2\/posts"}],"about":[{"href":"https:\/\/www.europesays.com\/fr\/wp-json\/wp\/v2\/types\/post"}],"author":[{"embeddable":true,"href":"https:\/\/www.europesays.com\/fr\/wp-json\/wp\/v2\/users\/2"}],"replies":[{"embeddable":true,"href":"https:\/\/www.europesays.com\/fr\/wp-json\/wp\/v2\/comments?post=26790"}],"version-history":[{"count":0,"href":"https:\/\/www.europesays.com\/fr\/wp-json\/wp\/v2\/posts\/26790\/revisions"}],"wp:featuredmedia":[{"embeddable":true,"href":"https:\/\/www.europesays.com\/fr\/wp-json\/wp\/v2\/media\/26791"}],"wp:attachment":[{"href":"https:\/\/www.europesays.com\/fr\/wp-json\/wp\/v2\/media?parent=26790"}],"wp:term":[{"taxonomy":"category","embeddable":true,"href":"https:\/\/www.europesays.com\/fr\/wp-json\/wp\/v2\/categories?post=26790"},{"taxonomy":"post_tag","embeddable":true,"href":"https:\/\/www.europesays.com\/fr\/wp-json\/wp\/v2\/tags?post=26790"}],"curies":[{"name":"wp","href":"https:\/\/api.w.org\/{rel}","templated":true}]}}