{"id":267905,"date":"2025-07-23T11:42:09","date_gmt":"2025-07-23T11:42:09","guid":{"rendered":"https:\/\/www.europesays.com\/fr\/267905\/"},"modified":"2025-07-23T11:42:09","modified_gmt":"2025-07-23T11:42:09","slug":"le-choeur-de-lopera-de-toulon-en-concert-a-la-seyne-ce-mercredi-23-juillet","status":"publish","type":"post","link":"https:\/\/www.europesays.com\/fr\/267905\/","title":{"rendered":"Le ch\u0153ur de l\u2019op\u00e9ra de Toulon en concert \u00e0 La Seyne ce mercredi 23 juillet"},"content":{"rendered":"<p><strong>\u00ab\u00a0Les Terrasses bouillonnantes\u00a0\u00bb<\/strong>, tel est le nom de l\u2019\u00e9v\u00e9nement organis\u00e9 tous les mercredis soirs du mois de juillet par le centre social et culturel Nelson Mandela.<\/p>\n<p>Il s\u2019agit de la <strong>deuxi\u00e8me \u00e9dition<\/strong> de ce rendez-vous initi\u00e9 l\u2019\u00e9t\u00e9 dernier sur <strong>l\u2019esplanade Josiane-Christin<\/strong>, situ\u00e9 devant le centre, et qui propose une vari\u00e9t\u00e9 d\u2019ateliers cr\u00e9atifs ainsi que des animations musicales pour tous publics.<\/p>\n<p>La soir\u00e9e de ce mercredi prend un relief particulier puisque le concert sera assur\u00e9 par le ch\u0153ur de l\u2019op\u00e9ra de Toulon.<\/p>\n<p>\u00ab\u00a0En proposant ces animations dans notre quartier class\u00e9 prioritaire au titre de la politique de la Ville, l\u2019id\u00e9e est de r\u00e9investir l\u2019espace public et de proposer un lieu pour tisser du lien social\u00a0\u00bb, explique <strong>St\u00e9phane Nicola\u00ef, directeur g\u00e9n\u00e9ral du centre Mandela.<\/strong><\/p>\n<p>\u00ab\u00a0Les activit\u00e9s d\u00e9butent en fin d\u2019apr\u00e8s-midi, vers 18h, apr\u00e8s les grosses chaleurs. Elles sont nombreuses et vari\u00e9es avec, par exemple, un stand de maquillage pour les enfants, des jeux de soci\u00e9t\u00e9 et des jeux d\u2019ext\u00e9rieur, ainsi qu\u2019un atelier de fabrication d\u2019\u00e9ponges tawashi, confectionn\u00e9es \u00e0 partir de tissus recycl\u00e9s et qui peuvent \u00eatre utilis\u00e9es pour de nombreux usages\u00a0\u00bb.<\/p>\n<p>Un concours de brouettes v\u00e9g\u00e9talis\u00e9es! <\/p>\n<p>Le centre Mandela propose \u00e9galement une autre activit\u00e9 insolite : un espace pour customiser des brouettes !<\/p>\n<p>\u00ab\u00a0En fait, pr\u00e9cise St\u00e9phane Nicola\u00ef, nous avons lanc\u00e9 un \u2018\u2018Festival des brouettes\u2019\u2019, ouvert \u00e0 tous, qui est un concours de v\u00e9g\u00e9talisation de brouettes pour c\u00e9l\u00e9brer la cr\u00e9ativit\u00e9 et l\u2019engagement \u00e9cologique de notre communaut\u00e9. Il s\u2019agit ainsi de promouvoir la v\u00e9g\u00e9talisation dans un quartier tr\u00e8s min\u00e9ral. Le centre social a donc fait l\u2019acquisition d\u2019une dizaine de brouettes en bois, mises \u00e0 la disposition des participants qui, tout au long du mois de juillet, les d\u00e9corent pour en faire des jardins portatifs en les garnissant de jardini\u00e8res. Et ce, afin de montrer que, m\u00eame sur un tout petit espace, il est possible de cultiver\u00a0\u00bb.<\/p>\n<p>Ce concours remporte un beau succ\u00e8s : plusieurs dizaines de participants se sont engag\u00e9s, seuls, en \u00e9quipes ou avec une association (la Maefe et Nouvel Horizon en font notamment partie).<\/p>\n<p>\u00ab\u00a0Mercredi 31 juillet, ajoute le directeur, toutes les brouettes seront termin\u00e9es et expos\u00e9es. Les gens pr\u00e9sents voteront pour \u00e9lire la plus belle et on proc\u00e9dera \u00e0 une remise de prix (un troph\u00e9e et des m\u00e9dailles)\u00a0\u00bb.<\/p>\n<p>26 choristes sur l\u2019esplanade <\/p>\n<p>Comme lors de chaque \u00e9dition des \u00ab\u00a0Terrasses bouillonnantes\u00a0\u00bb, ces animations seront cl\u00f4tur\u00e9es ce soir par un concert.<\/p>\n<p>Avec des invit\u00e9s prestigieux puisque le centre Mandela accueille, dans le cadre de l\u2019op\u00e9ration nationale Quartiers d\u2019\u00e9t\u00e9, le ch\u0153ur de l\u2019op\u00e9ra de Toulon.<\/p>\n<p>\u00ab\u00a0C\u2019est la premi\u00e8re fois que nous le recevons sachant que, toute l\u2019ann\u00e9e, nous avons des partenariats avec diverses structures culturelles, o\u00f9 des visites sont organis\u00e9es car, dans notre c\u0153ur de m\u00e9tier, figure la m\u00e9diation culturelle. Mais il est important que ce type de structures vienne aussi dans les quartiers pour permettre \u00e0 tous de profiter et d\u2019acc\u00e9der de ce type de prestations\u00a0\u00bb, estime St\u00e9phane Nicola\u00ef.<\/p>\n<p>Sur l\u2019esplanade du centre, 26 artistes du ch\u0153ur de l\u2019op\u00e9ra de Toulon seront pr\u00e9sents, avec un chef de chant et un pianiste. Le concert, gratuit, devrait durer de 45 minutes \u00e0 une heure, entre 20h30 et 21h30.<\/p>\n<p>Comme chaque mercredi, le public devrait \u00eatre nombreux: \u00ab\u00a0Nous avons \u00e0 chaque fois entre cent et cent cinquante personnes. Du reste, la fr\u00e9quentation va crescendo au fil du mois, comme on l\u2019a vu l\u2019an dernier et encore cette ann\u00e9e depuis d\u00e9but juillet. On se rend compte que le bouche-\u00e0-oreille fonctionne tr\u00e8s bien et que les gens qui sont venus une fois reviennent souvent par la suite accompagn\u00e9s par des proches\u00a0\u00bb.<\/p>\n<p>Si vous \u00eates curieux de partager un moment festif et d\u2019assister \u00e0 un concert haut de gamme, c\u2019est donc le moment ou jamais!<\/p>\n<p><strong>Savoir+<\/strong><br \/>&#13;<br \/>\nCentre social et culturel Nelson Mandela: 04.94.94.77.45.<\/p>\n","protected":false},"excerpt":{"rendered":"\u00ab\u00a0Les Terrasses bouillonnantes\u00a0\u00bb, tel est le nom de l\u2019\u00e9v\u00e9nement organis\u00e9 tous les mercredis soirs du mois de juillet&hellip;\n","protected":false},"author":2,"featured_media":267906,"comment_status":"","ping_status":"","sticky":false,"template":"","format":"standard","meta":{"footnotes":""},"categories":[9619],"tags":[1111,11,4156,251,1777,674,1011,27,12,882,25,2310],"class_list":{"0":"post-267905","1":"post","2":"type-post","3":"status-publish","4":"format-standard","5":"has-post-thumbnail","7":"category-toulon","8":"tag-actu","9":"tag-actualites","10":"tag-concerts","11":"tag-culture","12":"tag-eu","13":"tag-europe","14":"tag-fr","15":"tag-france","16":"tag-news","17":"tag-provence-alpes-cote-dazur","18":"tag-republique-francaise","19":"tag-toulon"},"share_on_mastodon":{"url":"https:\/\/pubeurope.com\/@fr\/114902371117202053","error":""},"_links":{"self":[{"href":"https:\/\/www.europesays.com\/fr\/wp-json\/wp\/v2\/posts\/267905","targetHints":{"allow":["GET"]}}],"collection":[{"href":"https:\/\/www.europesays.com\/fr\/wp-json\/wp\/v2\/posts"}],"about":[{"href":"https:\/\/www.europesays.com\/fr\/wp-json\/wp\/v2\/types\/post"}],"author":[{"embeddable":true,"href":"https:\/\/www.europesays.com\/fr\/wp-json\/wp\/v2\/users\/2"}],"replies":[{"embeddable":true,"href":"https:\/\/www.europesays.com\/fr\/wp-json\/wp\/v2\/comments?post=267905"}],"version-history":[{"count":0,"href":"https:\/\/www.europesays.com\/fr\/wp-json\/wp\/v2\/posts\/267905\/revisions"}],"wp:featuredmedia":[{"embeddable":true,"href":"https:\/\/www.europesays.com\/fr\/wp-json\/wp\/v2\/media\/267906"}],"wp:attachment":[{"href":"https:\/\/www.europesays.com\/fr\/wp-json\/wp\/v2\/media?parent=267905"}],"wp:term":[{"taxonomy":"category","embeddable":true,"href":"https:\/\/www.europesays.com\/fr\/wp-json\/wp\/v2\/categories?post=267905"},{"taxonomy":"post_tag","embeddable":true,"href":"https:\/\/www.europesays.com\/fr\/wp-json\/wp\/v2\/tags?post=267905"}],"curies":[{"name":"wp","href":"https:\/\/api.w.org\/{rel}","templated":true}]}}