{"id":267907,"date":"2025-07-23T11:43:11","date_gmt":"2025-07-23T11:43:11","guid":{"rendered":"https:\/\/www.europesays.com\/fr\/267907\/"},"modified":"2025-07-23T11:43:11","modified_gmt":"2025-07-23T11:43:11","slug":"var-opera-2025-six-soirees-lyriques-gratuites-dans-le-var","status":"publish","type":"post","link":"https:\/\/www.europesays.com\/fr\/267907\/","title":{"rendered":"Var Op\u00e9ra 2025 : six soir\u00e9es lyriques gratuites dans le Var"},"content":{"rendered":"<p>\t\t\t\t\t\t\t\t<strong>Var Op\u00e9ra : une tourn\u00e9e culturelle au c\u0153ur de l\u2019\u00e9t\u00e9<\/strong><\/p>\n<p class=\"ai-optimize-7 ai-optimize-introduction\">Tout au long de juillet, la musique lyrique a travers\u00e9 le d\u00e9partement.<br \/>Le D\u00e9partement et l\u2019Op\u00e9ra de Toulon se sont associ\u00e9s pour cette initiative .<br \/>Six communes ont accueilli les concerts entre le 9 et le 22 juillet.<br \/>Chaque soir\u00e9e s\u2019est d\u00e9roul\u00e9e \u00e0 l\u2019ext\u00e9rieur, accessible sans r\u00e9servation<\/p>\n<p><strong>Un programme pens\u00e9 pour tous<\/strong><\/p>\n<p class=\"ai-optimize-9\">Le ch\u0153ur de l\u2019Op\u00e9ra de Toulon, plus de vingt choristes, \u00e9tait accompagn\u00e9 au piano<br \/>Christophe Bernolin assurait la direction du ch\u0153ur.<br \/>Le programme m\u00ealait airs d\u2019op\u00e9ra, op\u00e9rettes et com\u00e9dies musicales.<br \/>On a entendu Verdi, Bizet, Offenbach, Gershwin, Bernstein, Rodgers et Gounod<\/p>\n<p><strong>Cl\u00f4ture \u00e0 Ollioules<\/strong><\/p>\n<p class=\"ai-optimize-11\">Apr\u00e8s des \u00e9tapes \u00e0 Puget-sur-Argens, Sainte-Maxime, La Garde, Collobri\u00e8res et Gar\u00e9oult,<br \/>le 22 juillet, la place Victor\u202fCl\u00e9ment a accueilli la soir\u00e9e finale \u00e0 Ollioules<br \/>Un public local, compos\u00e9 d\u2019habitants et de visiteurs, \u00e9tait pr\u00e9sent.<br \/>Les spectateurs ont pu entendre des extraits tels que \u00ab\u202fVa, pensiero\u202f\u00bb et la Barcarolle.<\/p>\n<p class=\"ai-optimize-11\">Var Op\u00e9ra 2025 a propos\u00e9 six concerts gratuits accessibles \u00e0 tous. Le D\u00e9partement du Var et l\u2019Op\u00e9ra de Toulon ont permis au public local de d\u00e9couvrir un r\u00e9pertoire vari\u00e9 et riche.<\/p>\n<p>A lire aussi<\/p>\n<p class=\"ai-optimize-6\"><a href=\"https:\/\/www.info83.fr\/les-medievales-de-la-garde-2025-animations-spectaculaires-marche-et-convivialite\/\" target=\"_blank\" rel=\"noopener\">Les M\u00e9di\u00e9vales de La Garde 2025 : animations spectaculaires, march\u00e9 et convivialit\u00e9<\/a><\/p>\n<p class=\"ai-optimize-18\"><strong><img decoding=\"async\" class=\"emoji\" role=\"img\" draggable=\"false\" src=\"https:\/\/s.w.org\/images\/core\/emoji\/13.1.0\/svg\/1f538.svg\" alt=\"\ud83d\udd38\" data-pin-no-hover=\"true\"\/>Info83, le Var proche de vous<br \/><\/strong><\/p>\n<p class=\"ai-optimize-19\"><img decoding=\"async\" class=\"emoji\" role=\"img\" draggable=\"false\" src=\"https:\/\/s.w.org\/images\/core\/emoji\/13.1.0\/svg\/27a1.svg\" alt=\"\u27a1\ufe0f\" data-pin-no-hover=\"true\"\/>\u00a0<a href=\"https:\/\/bit.ly\/2OZZMMK\" target=\"_blank\" rel=\"noopener noreferrer\">Facebook Info83<\/a><\/p>\n<p class=\"ai-optimize-20\"><img decoding=\"async\" class=\"emoji\" role=\"img\" draggable=\"false\" src=\"https:\/\/s.w.org\/images\/core\/emoji\/13.1.0\/svg\/27a1.svg\" alt=\"\u27a1\ufe0f\" data-pin-no-hover=\"true\"\/>\u00a0<a href=\"https:\/\/bit.ly\/2ONkTC9\" target=\"_blank\" rel=\"noopener noreferrer\">Youtube Info83<\/a><\/p>\n","protected":false},"excerpt":{"rendered":"Var Op\u00e9ra : une tourn\u00e9e culturelle au c\u0153ur de l\u2019\u00e9t\u00e9 Tout au long de juillet, la musique lyrique&hellip;\n","protected":false},"author":2,"featured_media":267908,"comment_status":"","ping_status":"","sticky":false,"template":"","format":"standard","meta":{"footnotes":""},"categories":[9619],"tags":[1111,11,40734,40735,27416,1777,674,1011,27,12,37702,40736,882,25,2310,40737],"class_list":{"0":"post-267907","1":"post","2":"type-post","3":"status-publish","4":"format-standard","5":"has-post-thumbnail","7":"category-toulon","8":"tag-actu","9":"tag-actualites","10":"tag-concet-estivale-var","11":"tag-culture-en-partage","12":"tag-departement-du-var","13":"tag-eu","14":"tag-europe","15":"tag-fr","16":"tag-france","17":"tag-news","18":"tag-ollioules","19":"tag-opera-de-toulon","20":"tag-provence-alpes-cote-dazur","21":"tag-republique-francaise","22":"tag-toulon","23":"tag-var-opera"},"share_on_mastodon":{"url":"https:\/\/pubeurope.com\/@fr\/114902375281481063","error":""},"_links":{"self":[{"href":"https:\/\/www.europesays.com\/fr\/wp-json\/wp\/v2\/posts\/267907","targetHints":{"allow":["GET"]}}],"collection":[{"href":"https:\/\/www.europesays.com\/fr\/wp-json\/wp\/v2\/posts"}],"about":[{"href":"https:\/\/www.europesays.com\/fr\/wp-json\/wp\/v2\/types\/post"}],"author":[{"embeddable":true,"href":"https:\/\/www.europesays.com\/fr\/wp-json\/wp\/v2\/users\/2"}],"replies":[{"embeddable":true,"href":"https:\/\/www.europesays.com\/fr\/wp-json\/wp\/v2\/comments?post=267907"}],"version-history":[{"count":0,"href":"https:\/\/www.europesays.com\/fr\/wp-json\/wp\/v2\/posts\/267907\/revisions"}],"wp:featuredmedia":[{"embeddable":true,"href":"https:\/\/www.europesays.com\/fr\/wp-json\/wp\/v2\/media\/267908"}],"wp:attachment":[{"href":"https:\/\/www.europesays.com\/fr\/wp-json\/wp\/v2\/media?parent=267907"}],"wp:term":[{"taxonomy":"category","embeddable":true,"href":"https:\/\/www.europesays.com\/fr\/wp-json\/wp\/v2\/categories?post=267907"},{"taxonomy":"post_tag","embeddable":true,"href":"https:\/\/www.europesays.com\/fr\/wp-json\/wp\/v2\/tags?post=267907"}],"curies":[{"name":"wp","href":"https:\/\/api.w.org\/{rel}","templated":true}]}}