{"id":267915,"date":"2025-07-23T11:47:12","date_gmt":"2025-07-23T11:47:12","guid":{"rendered":"https:\/\/www.europesays.com\/fr\/267915\/"},"modified":"2025-07-23T11:47:12","modified_gmt":"2025-07-23T11:47:12","slug":"trois-individus-plaquent-au-sol-un-adolescent-et-lui-volent-ses-chaussures-et-son-telephone-a-rouen","status":"publish","type":"post","link":"https:\/\/www.europesays.com\/fr\/267915\/","title":{"rendered":"Trois individus plaquent au sol un adolescent et lui volent ses chaussures et son t\u00e9l\u00e9phone, \u00e0 Rouen"},"content":{"rendered":"<p>            Par<br \/>\n        <strong><br \/>\n            <a href=\"https:\/\/actu.fr\/auteur\/louise-boutard\" title=\"Consulter tous les articles de Louise Boutard\" target=\"_blank\" rel=\"noopener\">Louise Boutard<\/a><br \/>\n        <\/strong><\/p>\n<p>        Publi\u00e9 le<\/p>\n<p>            23 juil. 2025 \u00e0 12h37        <\/p>\n<p>Fin de soir\u00e9e mouvement\u00e9e. Mardi 22\u00a0juillet 2025 au soir, un jeune homme de 17\u00a0ans a <strong>raccompagn\u00e9 ses amis \u00e0 leur bus<\/strong> au niveau de l\u2019h\u00f4tel de ville de <a href=\"https:\/\/actu.fr\/normandie\/rouen_76540\" target=\"_blank\" rel=\"noopener\">Rouen (Seine-Maritime)<\/a>. Il s\u2019appr\u00eatait ensuite \u00e0 rentrer chez lui \u00e0 pied, mais <strong>il a senti une pr\u00e9sence<\/strong> en passant devant le bar O\u2019Kallaghan, en face de l\u2019arr\u00eat de bus.<\/p>\n<p>Gaz lacrymog\u00e8nes dans les yeux<\/p>\n<p class=\" wall-content\">Plus loin dans la rue, <strong>un groupe de trois hommes<\/strong> derri\u00e8re lui demande l\u2019heure. Mais avant m\u00eame qu\u2019il puisse r\u00e9pondre, ils courent vers lui et <strong>projettent du gaz lacrymog\u00e8ne<\/strong> dans ses yeux.<\/p>\n<p class=\" wall-content\">L\u2019adolescent est forc\u00e9 de se mettre au sol et les individus lui<strong> volent son t\u00e9l\u00e9phone, ses baskets et sa cigarette \u00e9lectronique.<\/strong> Enfin, ils gazent \u00e0 nouveau ses yeux avant de s\u2019enfuir.<\/p>\n<p class=\" wall-content\">Sans perdre de temps, le jeune homme se rend \u00e0 l\u2019h\u00f4tel de police pour relater les faits entre minuit et une heure du matin.<strong> Son t\u00e9l\u00e9phone iPhone 15 est g\u00e9olocalis\u00e9<\/strong> dans les <a href=\"https:\/\/actu.fr\/tag\/hauts-de-rouen\" target=\"_blank\" rel=\"noopener\">Hauts de Rouen<\/a>, rue Fran\u00e7ois-Couperin.<\/p>\n<p>Le canon d\u2019une arme dans la voiture<\/p>\n<p class=\" wall-content\">Lorsqu\u2019ils se rendent sur place, les agents de police notent un groupe qui semble mouvement\u00e9 en leur pr\u00e9sence. La BAC (brigade anticriminalit\u00e9) et le service canin sont appel\u00e9s en renfort, car la situation est tendue.<\/p>\n<p class=\" wall-content\">Parmi les personnes sur place, <strong>un jeune de 18\u00a0ans correspond \u00e0 la description<\/strong> de la victime. Il est au volant d\u2019une Peugeot 208, le canon d\u2019une arme \u00e0 feu d\u00e9passe sous le tapis de sol du si\u00e8ge passager. Elle se r\u00e9v\u00e8le factice, mais<strong> \u00e0 l\u2019arri\u00e8re des bombes lacrymog\u00e8nes<\/strong> sont \u00e9galement visibles.<\/p>\n<p class=\" wall-content\">Le jeune homme est interpell\u00e9 et plac\u00e9 en garde \u00e0 vue. Il est test\u00e9 positif \u00e0 l\u2019alcool. En revanche, le t\u00e9l\u00e9phone n\u2019a pas \u00e9t\u00e9 retrouv\u00e9 sur place.<\/p>\n<p>Suivez l\u2019actualit\u00e9 de Rouen <a href=\"https:\/\/www.whatsapp.com\/channel\/0029VaKfnf99hXF2ddApFB1D\" target=\"_blank\" rel=\"noopener\">sur notre cha\u00eene WhatsApp<\/a> et <a href=\"https:\/\/www.tiktok.com\/@76actu.fr?lang=fr\" target=\"_blank\" rel=\"noopener\">sur notre compte TikTok<\/a><\/p>\n<p class=\" wall-content\">Suivez toute l\u2019actualit\u00e9 de vos villes et m\u00e9dias favoris en vous inscrivant \u00e0 <a href=\"https:\/\/moncompte.actu.fr\" title=\"D\u00e9couvez Mon Actu\" rel=\"nofollow noopener\" data-trk=\"{&quot;cta&quot;:{&quot;action&quot;:&quot;https:\\\/\\\/moncompte.actu.fr&quot;,&quot;category&quot;:&quot;mon compte&quot;,&quot;from&quot;:&quot;article footer&quot;,&quot;name&quot;:&quot;Mon actu&quot;,&quot;type&quot;:&quot;cta&quot;}}\" target=\"_blank\">Mon Actu<\/a>.<\/p>\n<p>                    <script async src=\"\/\/www.tiktok.com\/embed.js\"><\/script><\/p>\n","protected":false},"excerpt":{"rendered":"Par Louise Boutard Publi\u00e9 le 23 juil. 2025 \u00e0 12h37 Fin de soir\u00e9e mouvement\u00e9e. Mardi 22\u00a0juillet 2025 au&hellip;\n","protected":false},"author":2,"featured_media":267916,"comment_status":"","ping_status":"","sticky":false,"template":"","format":"standard","meta":{"footnotes":""},"categories":[9587],"tags":[1111,11,5702,1777,674,118,1011,27,12,5161,1072,25,9590,7501],"class_list":{"0":"post-267915","1":"post","2":"type-post","3":"status-publish","4":"format-standard","5":"has-post-thumbnail","7":"category-rouen","8":"tag-actu","9":"tag-actualites","10":"tag-alcool","11":"tag-eu","12":"tag-europe","13":"tag-faits-divers","14":"tag-fr","15":"tag-france","16":"tag-news","17":"tag-normandie","18":"tag-police","19":"tag-republique-francaise","20":"tag-rouen","21":"tag-violences-urbaines"},"share_on_mastodon":{"url":"https:\/\/pubeurope.com\/@fr\/114902390740172966","error":""},"_links":{"self":[{"href":"https:\/\/www.europesays.com\/fr\/wp-json\/wp\/v2\/posts\/267915","targetHints":{"allow":["GET"]}}],"collection":[{"href":"https:\/\/www.europesays.com\/fr\/wp-json\/wp\/v2\/posts"}],"about":[{"href":"https:\/\/www.europesays.com\/fr\/wp-json\/wp\/v2\/types\/post"}],"author":[{"embeddable":true,"href":"https:\/\/www.europesays.com\/fr\/wp-json\/wp\/v2\/users\/2"}],"replies":[{"embeddable":true,"href":"https:\/\/www.europesays.com\/fr\/wp-json\/wp\/v2\/comments?post=267915"}],"version-history":[{"count":0,"href":"https:\/\/www.europesays.com\/fr\/wp-json\/wp\/v2\/posts\/267915\/revisions"}],"wp:featuredmedia":[{"embeddable":true,"href":"https:\/\/www.europesays.com\/fr\/wp-json\/wp\/v2\/media\/267916"}],"wp:attachment":[{"href":"https:\/\/www.europesays.com\/fr\/wp-json\/wp\/v2\/media?parent=267915"}],"wp:term":[{"taxonomy":"category","embeddable":true,"href":"https:\/\/www.europesays.com\/fr\/wp-json\/wp\/v2\/categories?post=267915"},{"taxonomy":"post_tag","embeddable":true,"href":"https:\/\/www.europesays.com\/fr\/wp-json\/wp\/v2\/tags?post=267915"}],"curies":[{"name":"wp","href":"https:\/\/api.w.org\/{rel}","templated":true}]}}