{"id":267917,"date":"2025-07-23T11:49:16","date_gmt":"2025-07-23T11:49:16","guid":{"rendered":"https:\/\/www.europesays.com\/fr\/267917\/"},"modified":"2025-07-23T11:49:16","modified_gmt":"2025-07-23T11:49:16","slug":"le-tribunal-administratif-annule-loqtf-de-linfluenceur-imad-tintin","status":"publish","type":"post","link":"https:\/\/www.europesays.com\/fr\/267917\/","title":{"rendered":"le tribunal administratif annule l\u2019OQTF de l\u2019influenceur Imad Tintin"},"content":{"rendered":"<p itemprop=\"description\"><strong>C\u2019est une nouvelle victoire judiciaire pour l\u2019influenceur Imad Tintin.<\/strong><\/p>\n<p>Ce lundi 21 juillet, le tribunal administratif de Grenoble a annul\u00e9 l\u2019obligation de quitter le territoire fran\u00e7ais (OQTF) de l\u2019influenceur alg\u00e9rien Imad Tintin. Cette d\u00e9cision avait \u00e9t\u00e9 prononc\u00e9e par la pr\u00e9fecture de l\u2019Is\u00e8re le 5 janvier dernier suite \u00e0 des propos tenus sur TikTok appelant \u00e0 \u00ab\u00a0br\u00fbler vif, tuer et violer sur le sol fran\u00e7ais\u00a0\u00bb.<\/p>\n<p>Il \u00e9tait poursuivi en parall\u00e8le par la justice pour \u00ab\u00a0provocation directe \u00e0 un acte de terrorisme\u00a0\u00bb. Mais une autre traduction de ses propos effectu\u00e9e le 10 juin dernier avait provoqu\u00e9 la requalification des faits en \u00ab\u00a0menaces de commettre des violences\u00a0\u00bb.<\/p>\n<p>La raison de l\u2019annulation de l\u2019OQTF repose sur une demande de titre de s\u00e9jour effectu\u00e9e le 29 d\u00e9cembre 2024 suite \u00e0 la naissance de sa petite fille sur le sol fran\u00e7ais. Un accord entre la France et l\u2019Alg\u00e9rie pr\u00e9voit notamment la d\u00e9livrance d\u2019un certificat de r\u00e9sidence d\u2019un an portant la mention \u00ab\u00a0vie priv\u00e9e et familiale\u00a0\u00bb au ressortissant alg\u00e9rien ascendant direct d\u2019un enfant fran\u00e7ais mineur r\u00e9sidant dans l\u2019Hexagone.<\/p>\n<p>La d\u00e9cision concernant l\u2019influenceur r\u00e9sidant \u00e0 \u00c9chirolles n\u2019est, cependant, pas d\u00e9finitive. La pr\u00e9f\u00e8te d\u2019Is\u00e8re a un mois pour faire appel.<\/p>\n","protected":false},"excerpt":{"rendered":"C\u2019est une nouvelle victoire judiciaire pour l\u2019influenceur Imad Tintin. Ce lundi 21 juillet, le tribunal administratif de Grenoble&hellip;\n","protected":false},"author":2,"featured_media":267918,"comment_status":"","ping_status":"","sticky":false,"template":"","format":"standard","meta":{"footnotes":""},"categories":[9566],"tags":[1111,11,7733,8279,2430,7736,650,7734,2889,2263,1777,674,1011,27,2731,8280,6417,1114,108,4662,12,3725,1825,25,7737],"class_list":{"0":"post-267917","1":"post","2":"type-post","3":"status-publish","4":"format-standard","5":"has-post-thumbnail","7":"category-grenoble","8":"tag-actu","9":"tag-actualites","10":"tag-alpes","11":"tag-alpes1","12":"tag-auvergne-rhone-alpes","13":"tag-cds","14":"tag-cinema","15":"tag-ecoute","16":"tag-emission","17":"tag-equipe","18":"tag-eu","19":"tag-europe","20":"tag-fr","21":"tag-france","22":"tag-grenoble","23":"tag-haute","24":"tag-information","25":"tag-infos","26":"tag-isere","27":"tag-journal","28":"tag-news","29":"tag-podcast","30":"tag-radio","31":"tag-republique-francaise","32":"tag-winamp"},"share_on_mastodon":{"url":"https:\/\/pubeurope.com\/@fr\/114902398572134301","error":""},"_links":{"self":[{"href":"https:\/\/www.europesays.com\/fr\/wp-json\/wp\/v2\/posts\/267917","targetHints":{"allow":["GET"]}}],"collection":[{"href":"https:\/\/www.europesays.com\/fr\/wp-json\/wp\/v2\/posts"}],"about":[{"href":"https:\/\/www.europesays.com\/fr\/wp-json\/wp\/v2\/types\/post"}],"author":[{"embeddable":true,"href":"https:\/\/www.europesays.com\/fr\/wp-json\/wp\/v2\/users\/2"}],"replies":[{"embeddable":true,"href":"https:\/\/www.europesays.com\/fr\/wp-json\/wp\/v2\/comments?post=267917"}],"version-history":[{"count":0,"href":"https:\/\/www.europesays.com\/fr\/wp-json\/wp\/v2\/posts\/267917\/revisions"}],"wp:featuredmedia":[{"embeddable":true,"href":"https:\/\/www.europesays.com\/fr\/wp-json\/wp\/v2\/media\/267918"}],"wp:attachment":[{"href":"https:\/\/www.europesays.com\/fr\/wp-json\/wp\/v2\/media?parent=267917"}],"wp:term":[{"taxonomy":"category","embeddable":true,"href":"https:\/\/www.europesays.com\/fr\/wp-json\/wp\/v2\/categories?post=267917"},{"taxonomy":"post_tag","embeddable":true,"href":"https:\/\/www.europesays.com\/fr\/wp-json\/wp\/v2\/tags?post=267917"}],"curies":[{"name":"wp","href":"https:\/\/api.w.org\/{rel}","templated":true}]}}