{"id":267927,"date":"2025-07-23T11:54:10","date_gmt":"2025-07-23T11:54:10","guid":{"rendered":"https:\/\/www.europesays.com\/fr\/267927\/"},"modified":"2025-07-23T11:54:10","modified_gmt":"2025-07-23T11:54:10","slug":"deux-cambrioleuses-arretees-a-cagnes-sur-mer-la-police-rappelle-les-mesures-preventives","status":"publish","type":"post","link":"https:\/\/www.europesays.com\/fr\/267927\/","title":{"rendered":"Deux cambrioleuses arr\u00eat\u00e9es \u00e0 Cagnes-sur-Mer, la police rappelle les mesures pr\u00e9ventives"},"content":{"rendered":"<p>Deux <strong>jeunes cambrioleuses pr\u00e9sum\u00e9es<\/strong> mises hors d\u2019\u00e9tat de nuire par la police \u00e0 <strong>Cagnes-sur-Mer<\/strong>.<\/p>\n<p>Le 8 juillet, un appartement proche de la place De-Gaulle, dans le centre-ville de Cagnes-sur-Mer, est visit\u00e9 par effraction. Plusieurs objets, dont des bijoux, sont subtilis\u00e9s. <strong>Montant estim\u00e9 du butin: 4.000 euros<\/strong>.<\/p>\n<p>Heureusement, les vid\u00e9os de l\u2019immeuble, du centre de supervision urbain et des commerces voisins permettent d\u2019identifier les deux auteurs de ce cambriolage.<\/p>\n<p>Un dispositif de surveillance est mis en \u0153uvre par le commissariat, dont les agents interpellent les deux personnes mises en cause.<\/p>\n<p><strong>Plac\u00e9es en d\u00e9tention provisoire<\/strong><\/p>\n<p>Il s\u2019agit de deux jeunes filles. Une est tout juste majeure, 18 ans. Sa comparse est mineure: 16 ans \u00e0 peine.<\/p>\n<p>En d\u00e9pit de leur \u00e2ge, les deux voleuses pr\u00e9sum\u00e9es sont <strong>d\u00e9favorablement connues pour des faits similaires<\/strong>, commis notamment en Ile-de-France.<\/p>\n<p>Apr\u00e8s avoir \u00e9t\u00e9 plac\u00e9es en garde \u00e0 vue pour vol avec effraction, elles ont \u00e9t\u00e9 d\u00e9f\u00e9r\u00e9es au parquet de Grasse, vendredi 11 juillet.<\/p>\n<p>La mineure sera jug\u00e9e \u00e0 l\u2019audience du tribunal pour enfants, le 30 juillet. Quant \u00e0 la majeure, elle sera jug\u00e9e le 13 ao\u00fbt par le tribunal correctionnel, apr\u00e8s avoir sollicit\u00e9 un d\u00e9lai pour pr\u00e9parer sa d\u00e9fense lors de l\u2019audience de comparution imm\u00e9diate du 11 juillet.<\/p>\n<p>Dans l\u2019attente de leur jugement, les deux mises en cause ont \u00e9t\u00e9 plac\u00e9es en d\u00e9tention provisoire.<\/p>\n<p><strong>Des conseils toujours utiles<\/strong><\/p>\n<p>Vantant \u00ab\u00a0la mobilisation particuli\u00e8re des patrouilles en uniforme et en civil pour traquer les cambrioleurs \u00e0 Cagnes-sur-Mer et Saint-Laurent-du-Var\u00a0\u00bb, le commissaire S\u00e9bastien Laroze, responsable de la circonscription de police nationale de Cagnes-sur-Mer et de Saint-Laurent-du-Var, profite de cette affaire pour rappeler des mesures de prudence, utiles face \u00e0 la recrudescence des cambriolages en p\u00e9riode estivale:<\/p>\n<p><b>Faire surveiller son logement<\/b> via le dispositif Op\u00e9ration tranquillit\u00e9 vacances, permettant de signaler aux forces de l\u2019ordre son absence (disponible sur Masecurite.interieur.gouv.fr).<\/p>\n<p><b>Prot\u00e9ger les acc\u00e8s<\/b> gr\u00e2ce \u00e0 un syst\u00e8me de fermeture fiable et des \u00e9quipements adapt\u00e9s: alarme, d\u00e9tecteur de pr\u00e9sence, volets\u2026<\/p>\n<p><b>Avant de laisser entrer quelqu\u2019un chez soi, s\u2019assurer de son identit\u00e9<\/b>. En cas de doute, mieux vaut faire attendre la personne sur le palier et contacter \u2013 via un num\u00e9ro officiel \u2013 l\u2019entreprise ou l\u2019administration dont elle se revendique.<\/p>\n<p><b>Signaler tout fait suspect<\/b> au commissariat ou \u00e0 la gendarmerie.<\/p>\n<p><b>En cas de cambriolage<\/b>, \u00e9viter de toucher portes, fen\u00eatres et objets, meubles fouill\u00e9s, et appeler le 17 pour faire relever traces et indices.<\/p>\n","protected":false},"excerpt":{"rendered":"Deux jeunes cambrioleuses pr\u00e9sum\u00e9es mises hors d\u2019\u00e9tat de nuire par la police \u00e0 Cagnes-sur-Mer. Le 8 juillet, un&hellip;\n","protected":false},"author":2,"featured_media":267928,"comment_status":"","ping_status":"","sticky":false,"template":"","format":"standard","meta":{"footnotes":""},"categories":[2819],"tags":[1111,11,1777,674,118,1011,27,12,2401,882,25,656],"class_list":{"0":"post-267927","1":"post","2":"type-post","3":"status-publish","4":"format-standard","5":"has-post-thumbnail","7":"category-nice","8":"tag-actu","9":"tag-actualites","10":"tag-eu","11":"tag-europe","12":"tag-faits-divers","13":"tag-fr","14":"tag-france","15":"tag-news","16":"tag-nice","17":"tag-provence-alpes-cote-dazur","18":"tag-republique-francaise","19":"tag-securite"},"share_on_mastodon":{"url":"https:\/\/pubeurope.com\/@fr\/114902418241912756","error":""},"_links":{"self":[{"href":"https:\/\/www.europesays.com\/fr\/wp-json\/wp\/v2\/posts\/267927","targetHints":{"allow":["GET"]}}],"collection":[{"href":"https:\/\/www.europesays.com\/fr\/wp-json\/wp\/v2\/posts"}],"about":[{"href":"https:\/\/www.europesays.com\/fr\/wp-json\/wp\/v2\/types\/post"}],"author":[{"embeddable":true,"href":"https:\/\/www.europesays.com\/fr\/wp-json\/wp\/v2\/users\/2"}],"replies":[{"embeddable":true,"href":"https:\/\/www.europesays.com\/fr\/wp-json\/wp\/v2\/comments?post=267927"}],"version-history":[{"count":0,"href":"https:\/\/www.europesays.com\/fr\/wp-json\/wp\/v2\/posts\/267927\/revisions"}],"wp:featuredmedia":[{"embeddable":true,"href":"https:\/\/www.europesays.com\/fr\/wp-json\/wp\/v2\/media\/267928"}],"wp:attachment":[{"href":"https:\/\/www.europesays.com\/fr\/wp-json\/wp\/v2\/media?parent=267927"}],"wp:term":[{"taxonomy":"category","embeddable":true,"href":"https:\/\/www.europesays.com\/fr\/wp-json\/wp\/v2\/categories?post=267927"},{"taxonomy":"post_tag","embeddable":true,"href":"https:\/\/www.europesays.com\/fr\/wp-json\/wp\/v2\/tags?post=267927"}],"curies":[{"name":"wp","href":"https:\/\/api.w.org\/{rel}","templated":true}]}}