{"id":267933,"date":"2025-07-23T11:57:19","date_gmt":"2025-07-23T11:57:19","guid":{"rendered":"https:\/\/www.europesays.com\/fr\/267933\/"},"modified":"2025-07-23T11:57:19","modified_gmt":"2025-07-23T11:57:19","slug":"une-fuite-dun-produit-chimique-provoque-la-fermeture-temporaire-de-plusieurs-blocs-operatoires-dune-clinique","status":"publish","type":"post","link":"https:\/\/www.europesays.com\/fr\/267933\/","title":{"rendered":"une fuite d\u2019un produit chimique provoque la fermeture temporaire de plusieurs blocs op\u00e9ratoires d\u2019une clinique"},"content":{"rendered":"<p>Un<strong>\u00a0<\/strong>produit chimique a \u00e9t\u00e9 accidentellement d\u00e9vers\u00e9 dans un local \u00e0 d\u00e9chets de l\u2019\u00e9tablissement Jules Verne. Aucune victime n\u2019est \u00e0 d\u00e9plorer. Les op\u00e9rations chirurgicales pr\u00e9vues ce mercredi sont maintenues.<\/p>\n<p class=\"fig-paragraph\">Plus de peur que de mal. La\u00a0<a href=\"http:\/\/www.lefigaro.fr\/societes\/contraintes-par-les-tarifs-les-cliniques-privees-connaissent-de-premieres-defaillances-20250508\" target=\"_blank\" data-fig-type=\"Article\" rel=\"noopener\" data-gtm-custom-categorie=\"navigation\" data-gtm-custom-action=\"crossclick\" data-gtm-custom-label=\"Contextuel\" data-gtm-event=\"customEventSPE\" data-fig-domain=\"LEFIGARO\">clinique<\/a>\u00a0nantaise\u00a0<a href=\"https:\/\/annuaire.lefigaro.fr\/professionnels\/VllVUUtdRlc\" target=\"_blank\" rel=\"noopener\" data-gtm-custom-categorie=\"navigation\" data-gtm-custom-action=\"crossclick\" data-gtm-custom-label=\"Contextuel\" data-gtm-event=\"customEventSPE\">Jules Verne<\/a>, situ\u00e9e route de Paris, a \u00e9t\u00e9 touch\u00e9e par un d\u00e9versement accidentel d\u2019un produit chimique dans un local \u00e0 d\u00e9chets d\u2019un bloc op\u00e9ratoire. Mardi en fin d\u2019apr\u00e8s-midi, 36 pompiers sont intervenus pour g\u00e9rer la situation. \u00abVers 17h30, une personne qui se trouvait dans le local a \u00e9t\u00e9 g\u00ean\u00e9e par l\u2019odeur. Elle a donc pr\u00e9venu la s\u00e9curit\u00e9 et par mesure de pr\u00e9caution, l\u2019intervention des pompiers a \u00e9t\u00e9 sollicit\u00e9e\u00bb, rapporte Nathalie Urvois, charg\u00e9e de communication de groupe\u00a0<a href=\"http:\/\/www.lefigaro.fr\/nantes\/cyberattaque-sur-le-groupe-de-sante-hospi-grand-ouest-des-operations-en-suspens-a-nantes-et-saint-nazaire-20241007\" target=\"_blank\" data-fig-type=\"NewsFlash\" rel=\"noopener\" data-gtm-custom-categorie=\"navigation\" data-gtm-custom-action=\"crossclick\" data-gtm-custom-label=\"Contextuel\" data-gtm-event=\"customEventSPE\" data-fig-domain=\"LEFIGARO\">Hospi Grand Ouest<\/a>, dont fait partie l\u2019\u00e9tablissement.<\/p>\n<p class=\"fig-paragraph\">Sur place, les secours ont pu neutraliser les \u00e9manations du produit chimique provenant d\u2019un fond de bonbonne, afin d\u2019\u00e9carter toute dangerosit\u00e9. Le produit \u00e9coul\u00e9 est \u00abutilis\u00e9 comme d\u00e9sinfectant et compos\u00e9 d\u2019acide ac\u00e9tique et de peroxyde d\u2019hydrog\u00e8ne\u00bb, pr\u00e9cise le service d\u00e9partemental d\u2019incendie et de secours de Loire-Atlantique dans son bilan d\u2019intervention.<\/p>\n<p>                                    <a class=\"fig-a11y-skip a11y-hidden\" href=\"#fig-a11y-skip-main-inarticle\"><br \/>\n        Passer la publicit\u00e9<br \/>\n    <\/a><\/p>\n<p>Pas d\u2019\u00e9vacuation<\/p>\n<p class=\"fig-paragraph\">L\u2019\u00e9v\u00e9nement n\u2019a pas entra\u00een\u00e9 d\u2019\u00e9vacuation g\u00e9n\u00e9rale de la clinique. \u00abL\u2019activit\u00e9 des blocs op\u00e9ratoires ainsi que des salles de r\u00e9veil a pu \u00eatre maintenue le temps de l\u2019intervention\u00bb, d\u00e9taille le SDIS dans son compte rendu envoy\u00e9 mardi soir. Les patients qui s\u00e9journaient en ambulatoire, c\u2019est-\u00e0-dire pour la journ\u00e9e, ont \u00e9t\u00e9 invit\u00e9s \u00e0 rentrer chez eux, \u00e9tant donn\u00e9 l\u2019heure, en empruntant une autre sortie. Par ailleurs, \u00ables 18 personnes incommod\u00e9es par l\u2019odeur du produit ont \u00e9t\u00e9 vues par les services d\u2019urgence. Trois ont \u00e9t\u00e9 mises sous oxyg\u00e8ne et ont pu rentrer chez elles deux heures plus tard\u00bb, compl\u00e8te la responsable communication Nathalie Urvois, jointe par t\u00e9l\u00e9phone.<\/p>\n<p class=\"fig-paragraph\">Ce mercredi matin, le local \u00e0 d\u00e9chets et trois blocs op\u00e9ratoires l\u2019entourant sont temporairement ferm\u00e9s le temps des investigations. Cette mesure a \u00e9t\u00e9 prise \u00abpour \u00e0 la fois comprendre ce qu\u2019il s\u2019est pass\u00e9 et mettre en place le nettoyage et la mise en conformit\u00e9 du local\u00bb. En attendant, les op\u00e9rations pr\u00e9vues initialement sur ces zones ont \u00e9t\u00e9 transf\u00e9r\u00e9es dans d\u2019autres blocs de la clinique, l\u2019activit\u00e9 estivale plus calme le permettant.<\/p>\n<p class=\"fig-paragraph\">Cet incident n\u2019est pas sans rappeler celui du 27 juin, au sein du laboratoire Bioliance, faisant partie des locaux de la Polyclinique Sant\u00e9 Atlantique de Saint-Herblain en p\u00e9riph\u00e9rie nantaise. Ce jour-l\u00e0, des pompiers avaient \u00e9t\u00e9 mobilis\u00e9s pour une fuite de produits chimiques li\u00e9e \u00e0 un d\u00e9bordement d\u2019une cuve de liquide basique. Cela avait provoqu\u00e9 une r\u00e9action chimique et un nuage de vapeur n\u00e9cessitant l\u2019\u00e9vacuation de 30 personnes mais \u00e0 nouveau, aucune victime n\u2019avait \u00e9t\u00e9 recens\u00e9e.<\/p>\n","protected":false},"excerpt":{"rendered":"Un\u00a0produit chimique a \u00e9t\u00e9 accidentellement d\u00e9vers\u00e9 dans un local \u00e0 d\u00e9chets de l\u2019\u00e9tablissement Jules Verne. Aucune victime n\u2019est&hellip;\n","protected":false},"author":2,"featured_media":267934,"comment_status":"","ping_status":"","sticky":false,"template":"","format":"standard","meta":{"footnotes":""},"categories":[2818],"tags":[1111,11,3562,1777,674,1011,27,766,12,2636,25,71],"class_list":{"0":"post-267933","1":"post","2":"type-post","3":"status-publish","4":"format-standard","5":"has-post-thumbnail","7":"category-nantes","8":"tag-actu","9":"tag-actualites","10":"tag-clinique","11":"tag-eu","12":"tag-europe","13":"tag-fr","14":"tag-france","15":"tag-nantes","16":"tag-news","17":"tag-pays-de-la-loire","18":"tag-republique-francaise","19":"tag-sante"},"share_on_mastodon":{"url":"https:\/\/pubeurope.com\/@fr\/114902430266819007","error":""},"_links":{"self":[{"href":"https:\/\/www.europesays.com\/fr\/wp-json\/wp\/v2\/posts\/267933","targetHints":{"allow":["GET"]}}],"collection":[{"href":"https:\/\/www.europesays.com\/fr\/wp-json\/wp\/v2\/posts"}],"about":[{"href":"https:\/\/www.europesays.com\/fr\/wp-json\/wp\/v2\/types\/post"}],"author":[{"embeddable":true,"href":"https:\/\/www.europesays.com\/fr\/wp-json\/wp\/v2\/users\/2"}],"replies":[{"embeddable":true,"href":"https:\/\/www.europesays.com\/fr\/wp-json\/wp\/v2\/comments?post=267933"}],"version-history":[{"count":0,"href":"https:\/\/www.europesays.com\/fr\/wp-json\/wp\/v2\/posts\/267933\/revisions"}],"wp:featuredmedia":[{"embeddable":true,"href":"https:\/\/www.europesays.com\/fr\/wp-json\/wp\/v2\/media\/267934"}],"wp:attachment":[{"href":"https:\/\/www.europesays.com\/fr\/wp-json\/wp\/v2\/media?parent=267933"}],"wp:term":[{"taxonomy":"category","embeddable":true,"href":"https:\/\/www.europesays.com\/fr\/wp-json\/wp\/v2\/categories?post=267933"},{"taxonomy":"post_tag","embeddable":true,"href":"https:\/\/www.europesays.com\/fr\/wp-json\/wp\/v2\/tags?post=267933"}],"curies":[{"name":"wp","href":"https:\/\/api.w.org\/{rel}","templated":true}]}}