{"id":267947,"date":"2025-07-23T12:05:19","date_gmt":"2025-07-23T12:05:19","guid":{"rendered":"https:\/\/www.europesays.com\/fr\/267947\/"},"modified":"2025-07-23T12:05:19","modified_gmt":"2025-07-23T12:05:19","slug":"la-fin-de-la-piste-igor-paixao-a-marseille","status":"publish","type":"post","link":"https:\/\/www.europesays.com\/fr\/267947\/","title":{"rendered":"La fin de la piste Igor Paixao \u00e0 Marseille ?"},"content":{"rendered":"<p style=\"text-align: justify;\"><strong>TRANSFERTS \u2013 Alors que Fabrizio Romano annon\u00e7ait un accord imminent, les n\u00e9gociations pour le transfert d\u2019Igor Paixao \u00e0 l\u2019OM seraient sur le point d\u2019\u00e9chouer.<\/strong><\/p>\n<p style=\"text-align: justify;\">Il y a quelques jours, le tr\u00e8s c\u00e9l\u00e8bre <strong>Fabrizio Romano<\/strong> annon\u00e7ait qu\u2019un accord pour le transfert d\u2019<strong>Igor<\/strong> <strong>Paixao<\/strong> \u00e9tait sur le point d\u2019\u00eatre trouv\u00e9. Le Br\u00e9silien devait devenir la plus grosse recrue de l\u2019<strong>OM<\/strong> avec un transfert \u00e0 35 millions d\u2019euros, dont 5 millions de bonus. Si tout semblait en ordre, les derni\u00e8res nouvelles laissent \u00e0 penser qu\u2019il est encore tr\u00e8s loin de <strong>Marseille<\/strong>, dans le meilleur des cas.<\/p>\n<p>Igor Paixao trop cher pour l\u2019OM ?<\/p>\n<p style=\"text-align: justify;\">Ce matin, <a href=\"https:\/\/rmcsport.bfmtv.com\/football\/clubs\/olympique-marseille\/om-le-dossier-paixao-au-point-mort-les-negociations-continuent-pour-weah_AV-202507220553.html\" target=\"_blank\" rel=\"noopener\">RMC Sport<\/a> expliquait que l\u2019<strong>OM<\/strong> n\u2019avait, jusque-l\u00e0, propos\u00e9 que <strong>28 millions d\u2019euros<\/strong> et que l\u2019offre avait \u00e9t\u00e9 refus\u00e9e par le <strong>Feyenoord<\/strong>. Selon le m\u00e9dia fran\u00e7ais, les n\u00e9gociations entre les deux parties seraient au point mort. Presque dans le m\u00eame temps, <strong>Igor<\/strong> <strong>Paixao<\/strong> publiait une story sur Instagram en reprenant un message des supporters n\u00e9erlandais qui lui demandaient de rester au club.<\/p>\n<p style=\"text-align: justify;\">Ce midi, c\u2019est au m\u00e9dia TeamTalk de jeter un coup de froid sur ce dossier. Selon leurs sources, l\u2019<strong>Olympique de Marseille<\/strong> aurait d\u00e9cid\u00e9 de mettre un terme aux n\u00e9gociations apr\u00e8s le dernier refus. Le club fran\u00e7ais serait d\u00e9j\u00e0 en train d\u2019activer d\u2019autres pistes. Cela pourrait \u00eatre une strat\u00e9gie des Phoc\u00e9ens pour mettre la pression sur le <strong>Feyenoord<\/strong> dans le but de finaliser l\u2019op\u00e9ration. L\u2019abandon de la piste est aussi envisageable, alors que <strong>Leeds<\/strong> songerait \u00e0 se positionner pour recruter <strong>Igor<\/strong> <strong>Paixao<\/strong>.<\/p>\n<p>\u00c0 ce sujet<br \/>\n<a href=\"https:\/\/dicodusport.fr\/blog\/mercato-om-2025-2026-le-tableau-complet-des-transferts-arrivees-et-departs\/\" class=\"vlp-link\" title=\"Mercato OM 2025-2026 : Le tableau complet des transferts, arriv\u00e9es et d\u00e9parts\" target=\"_blank\" rel=\"noopener\"><img loading=\"lazy\" decoding=\"async\" style=\"max-width: 792px;\" width=\"792\" height=\"445\" class=\"attachment-800x445 size-800x445 perfmatters-lazy\" alt=\"Mercato OM 2025-2026 Le tableau complet des transferts, arriv\u00e9es et d\u00e9parts\" src=\"https:\/\/www.europesays.com\/fr\/wp-content\/uploads\/2025\/06\/Mercato-OM-2025-2026-Le-tableau-complet-des-transferts-arrivees-et-departs.png\"  data-\/><\/p>\n<p>Mercato OM 2025-2026 : Le tableau complet des transferts, arriv\u00e9es et d\u00e9parts<\/p>\n<p>TRANSFERTS OM &#8211; Retrouvez tous les mouvements de l&rsquo;Olympique de Marseille pour l&rsquo;intersaison 2025 en Ligue 1. Arriv\u00e9es, d\u00e9part, pr\u00eats, transferts d\u00e9finitifs, ne ratez rien du mercato estival.\u00a0<\/p>\n<p>Lire l&rsquo;article<\/p>\n<p>dicodusport.fr<\/p>\n","protected":false},"excerpt":{"rendered":"TRANSFERTS \u2013 Alors que Fabrizio Romano annon\u00e7ait un accord imminent, les n\u00e9gociations pour le transfert d\u2019Igor Paixao \u00e0&hellip;\n","protected":false},"author":2,"featured_media":267948,"comment_status":"","ping_status":"","sticky":false,"template":"","format":"standard","meta":{"footnotes":""},"categories":[2814],"tags":[1111,11,2113,1777,674,1011,27,884,23100,35942,12,882,25],"class_list":{"0":"post-267947","1":"post","2":"type-post","3":"status-publish","4":"format-standard","5":"has-post-thumbnail","7":"category-marseille","8":"tag-actu","9":"tag-actualites","10":"tag-breve","11":"tag-eu","12":"tag-europe","13":"tag-fr","14":"tag-france","15":"tag-marseille","16":"tag-mercato-football","17":"tag-mercatom","18":"tag-news","19":"tag-provence-alpes-cote-dazur","20":"tag-republique-francaise"},"share_on_mastodon":{"url":"https:\/\/pubeurope.com\/@fr\/114902461566805983","error":""},"_links":{"self":[{"href":"https:\/\/www.europesays.com\/fr\/wp-json\/wp\/v2\/posts\/267947","targetHints":{"allow":["GET"]}}],"collection":[{"href":"https:\/\/www.europesays.com\/fr\/wp-json\/wp\/v2\/posts"}],"about":[{"href":"https:\/\/www.europesays.com\/fr\/wp-json\/wp\/v2\/types\/post"}],"author":[{"embeddable":true,"href":"https:\/\/www.europesays.com\/fr\/wp-json\/wp\/v2\/users\/2"}],"replies":[{"embeddable":true,"href":"https:\/\/www.europesays.com\/fr\/wp-json\/wp\/v2\/comments?post=267947"}],"version-history":[{"count":0,"href":"https:\/\/www.europesays.com\/fr\/wp-json\/wp\/v2\/posts\/267947\/revisions"}],"wp:featuredmedia":[{"embeddable":true,"href":"https:\/\/www.europesays.com\/fr\/wp-json\/wp\/v2\/media\/267948"}],"wp:attachment":[{"href":"https:\/\/www.europesays.com\/fr\/wp-json\/wp\/v2\/media?parent=267947"}],"wp:term":[{"taxonomy":"category","embeddable":true,"href":"https:\/\/www.europesays.com\/fr\/wp-json\/wp\/v2\/categories?post=267947"},{"taxonomy":"post_tag","embeddable":true,"href":"https:\/\/www.europesays.com\/fr\/wp-json\/wp\/v2\/tags?post=267947"}],"curies":[{"name":"wp","href":"https:\/\/api.w.org\/{rel}","templated":true}]}}