{"id":267949,"date":"2025-07-23T12:06:09","date_gmt":"2025-07-23T12:06:09","guid":{"rendered":"https:\/\/www.europesays.com\/fr\/267949\/"},"modified":"2025-07-23T12:06:09","modified_gmt":"2025-07-23T12:06:09","slug":"le-pere-violent-boxe-sa-fille-et-lui-fracture-la-machoire","status":"publish","type":"post","link":"https:\/\/www.europesays.com\/fr\/267949\/","title":{"rendered":"le p\u00e8re violent boxe sa fille et lui fracture la m\u00e2choire"},"content":{"rendered":"<p itemprop=\"description\"><strong>C&rsquo;est un homme aux deux visages qui s&rsquo;est pr\u00e9sent\u00e9 au tribunal correctionnel de Lyon ce mardi.<\/strong><\/p>\n<p>Habitant de V\u00e9nissieux, il est un acteur actif de la vie associative locale. Mais \u00e0 la maison, c&rsquo;est un p\u00e8re violent avec son \u00e9pouse et leurs quatre enfants.<\/p>\n<p>Le quinquag\u00e9naire comparaissait pour des faits remontant \u00e0 novembre dernier. Alors qu&rsquo;il frappait l&rsquo;un de ses fils, la fille a\u00een\u00e9e s&rsquo;\u00e9tait interpos\u00e9e. Furieux, le p\u00e8re lui avait ass\u00e9n\u00e9 un coup de poing au visage, lui fracturant la m\u00e2choire (45 jours d&rsquo;ITT).<\/p>\n<p>Mais aucune plainte n&rsquo;avait \u00e9t\u00e9 d\u00e9pos\u00e9e jusqu&rsquo;au 16 mars dernier, o\u00f9 sa femme avait trouv\u00e9 le courage de le d\u00e9noncer apr\u00e8s avoir \u00e9t\u00e9 gifl\u00e9e devant le reste de la famille.<\/p>\n<p>Face aux juges, le V\u00e9nissian a fait amende honorable. Mais si le parquet avait requis 2 ans de prison avec sursis, le tribunal a \u00e9t\u00e9 plus s\u00e9v\u00e8re en pronon\u00e7ant une peine de 3 ans dont 1 an ferme \u00e0 r\u00e9aliser sous bracelet \u00e9lectronique.<\/p>\n","protected":false},"excerpt":{"rendered":"C&rsquo;est un homme aux deux visages qui s&rsquo;est pr\u00e9sent\u00e9 au tribunal correctionnel de Lyon ce mardi. Habitant de&hellip;\n","protected":false},"author":2,"featured_media":267950,"comment_status":"","ping_status":"","sticky":false,"template":"","format":"standard","meta":{"footnotes":""},"categories":[1889],"tags":[1111,11,2813,2190,2430,1109,251,1112,2811,1777,674,118,1011,27,1922,1110,1114,2428,2810,12,241,316,25,2812,517,800],"class_list":{"0":"post-267949","1":"post","2":"type-post","3":"status-publish","4":"format-standard","5":"has-post-thumbnail","7":"category-lyon","8":"tag-actu","9":"tag-actualites","10":"tag-article","11":"tag-asvel","12":"tag-auvergne-rhone-alpes","13":"tag-breves","14":"tag-culture","15":"tag-depeches","16":"tag-economique","17":"tag-eu","18":"tag-europe","19":"tag-faits-divers","20":"tag-fr","21":"tag-france","22":"tag-info","23":"tag-informations","24":"tag-infos","25":"tag-lyon","26":"tag-lyonmag","27":"tag-news","28":"tag-ol","29":"tag-politique","30":"tag-republique-francaise","31":"tag-sociale","32":"tag-sport","33":"tag-transports"},"share_on_mastodon":{"url":"https:\/\/pubeurope.com\/@fr\/114902465428314183","error":""},"_links":{"self":[{"href":"https:\/\/www.europesays.com\/fr\/wp-json\/wp\/v2\/posts\/267949","targetHints":{"allow":["GET"]}}],"collection":[{"href":"https:\/\/www.europesays.com\/fr\/wp-json\/wp\/v2\/posts"}],"about":[{"href":"https:\/\/www.europesays.com\/fr\/wp-json\/wp\/v2\/types\/post"}],"author":[{"embeddable":true,"href":"https:\/\/www.europesays.com\/fr\/wp-json\/wp\/v2\/users\/2"}],"replies":[{"embeddable":true,"href":"https:\/\/www.europesays.com\/fr\/wp-json\/wp\/v2\/comments?post=267949"}],"version-history":[{"count":0,"href":"https:\/\/www.europesays.com\/fr\/wp-json\/wp\/v2\/posts\/267949\/revisions"}],"wp:featuredmedia":[{"embeddable":true,"href":"https:\/\/www.europesays.com\/fr\/wp-json\/wp\/v2\/media\/267950"}],"wp:attachment":[{"href":"https:\/\/www.europesays.com\/fr\/wp-json\/wp\/v2\/media?parent=267949"}],"wp:term":[{"taxonomy":"category","embeddable":true,"href":"https:\/\/www.europesays.com\/fr\/wp-json\/wp\/v2\/categories?post=267949"},{"taxonomy":"post_tag","embeddable":true,"href":"https:\/\/www.europesays.com\/fr\/wp-json\/wp\/v2\/tags?post=267949"}],"curies":[{"name":"wp","href":"https:\/\/api.w.org\/{rel}","templated":true}]}}