{"id":267953,"date":"2025-07-23T12:10:10","date_gmt":"2025-07-23T12:10:10","guid":{"rendered":"https:\/\/www.europesays.com\/fr\/267953\/"},"modified":"2025-07-23T12:10:10","modified_gmt":"2025-07-23T12:10:10","slug":"un-incendie-se-declare-a-leglise-notre-dame-des-champs-les-pompiers-toujours-sur-place","status":"publish","type":"post","link":"https:\/\/www.europesays.com\/fr\/267953\/","title":{"rendered":"un incendie se d\u00e9clare \u00e0 l&rsquo;\u00e9glise Notre-Dame-des-Champs, les pompiers toujours sur place"},"content":{"rendered":"<p>            Par<br \/>\n        <strong><br \/>\n            <a href=\"https:\/\/actu.fr\/auteur\/redaction-paris\" title=\"Consulter tous les articles de R\u00e9daction Paris\" target=\"_blank\" rel=\"noopener\">R\u00e9daction Paris<\/a><br \/>\n        <\/strong><\/p>\n<p>        Publi\u00e9 le<\/p>\n<p>            23 juil. 2025 \u00e0 12h04        <\/p>\n<p>Des fum\u00e9es tr\u00e8s impressionnantes, mais pas de d\u00e9g\u00e2ts. Ce mercredi 23\u00a0juillet 2025, les <a href=\"https:\/\/actu.fr\/tag\/brigade-de-sapeurs-pompiers-de-paris\" target=\"_blank\" rel=\"noopener\">sapeurs-pompiers de Paris<\/a> sont intervenus \u00e0 <strong>l\u2019\u00e9glise Notre-Dame-des-Champs<\/strong> dans le 6e arrondissement de la capitale afin d\u2019\u00e9teindre un d\u00e9but d\u2019<a href=\"https:\/\/actu.fr\/tag\/incendie\" target=\"_blank\" rel=\"noopener\">incendie<\/a> dans l\u2019\u00e9difice, a appris <a href=\"https:\/\/actu.fr\/paris\/dernieres-actus\" target=\"_blank\" rel=\"noopener\">actu Paris<\/a>\u00a0aupr\u00e8s de la BSPP.<\/p>\n<p>Une \u00e9glise \u00e0 l\u2019\u00e9tat d\u00e9grad\u00e9<\/p>\n<p class=\" wall-content\">L\u2019important d\u00e9gagement de fum\u00e9e viendrait d\u2019un <strong>petit bureau<\/strong>, situ\u00e9 dans l\u2019\u00e9glise, qui permet \u00e0 la paroisse de vendre des cierges et de renseigner les visiteurs. Une source \u00e0 la mairie du 6e arrondissement a fait savoir \u00e0 actu Paris qu\u2019un probl\u00e8me \u00e9lectrique pourrait \u00eatre \u00e0 l\u2019origine de l\u2019incident.<\/p>\n<p class=\" wall-content\">\n<p class=\" wall-content\">Aucun bless\u00e9 et aucun d\u00e9g\u00e2t ne sont \u00e0 d\u00e9plorer. Des ventilateurs vont \u00eatre install\u00e9s afin <strong>d\u2019\u00e9vacuer le reste de la fum\u00e9e<\/strong> de cette \u00e9glise embl\u00e9matique du quartier mais dont l\u2019\u00e9tat est tr\u00e8s d\u00e9grad\u00e9.<\/p>\n<p class=\" wall-content\">Construite en 1876, elle f\u00eatera ses <strong>150\u00a0ans<\/strong> l\u2019ann\u00e9e prochaine. Les fresques situ\u00e9es dans le ch\u0153ur devraient \u00eatre r\u00e9nov\u00e9es \u00e0 la rentr\u00e9e 2025.<\/p>\n<p class=\" wall-content\">Suivez toute l\u2019actualit\u00e9 de vos villes et m\u00e9dias favoris en vous inscrivant \u00e0 <a href=\"https:\/\/moncompte.actu.fr\" title=\"D\u00e9couvez Mon Actu\" rel=\"nofollow noopener\" data-trk=\"{&quot;cta&quot;:{&quot;action&quot;:&quot;https:\\\/\\\/moncompte.actu.fr&quot;,&quot;category&quot;:&quot;mon compte&quot;,&quot;from&quot;:&quot;article footer&quot;,&quot;name&quot;:&quot;Mon actu&quot;,&quot;type&quot;:&quot;cta&quot;}}\" target=\"_blank\">Mon Actu<\/a>.<\/p>\n<ul class=\"ac-article-tag wall-content\">\n<li><a href=\"https:\/\/actu.fr\/tag\/brigade-de-sapeurs-pompiers-de-paris\" data-trk=\"{&quot;cta&quot;:{&quot;action&quot;:&quot;Brigade de sapeurs-pompiers de Paris&quot;,&quot;category&quot;:&quot;tag&quot;,&quot;from&quot;:&quot;article footer&quot;,&quot;name&quot;:&quot;Brigade de sapeurs-pompiers de Paris&quot;,&quot;type&quot;:&quot;cta&quot;}}\" target=\"_blank\" rel=\"noopener\">#Brigade de sapeurs-pompiers de Paris<\/a><\/li>\n<li><a href=\"https:\/\/actu.fr\/tag\/incendie\" data-trk=\"{&quot;cta&quot;:{&quot;action&quot;:&quot;Incendie&quot;,&quot;category&quot;:&quot;tag&quot;,&quot;from&quot;:&quot;article footer&quot;,&quot;name&quot;:&quot;Incendie&quot;,&quot;type&quot;:&quot;cta&quot;}}\" target=\"_blank\" rel=\"noopener\">#Incendie<\/a><\/li>\n<\/ul>\n","protected":false},"excerpt":{"rendered":"Par R\u00e9daction Paris Publi\u00e9 le 23 juil. 2025 \u00e0 12h04 Des fum\u00e9es tr\u00e8s impressionnantes, mais pas de d\u00e9g\u00e2ts.&hellip;\n","protected":false},"author":2,"featured_media":267954,"comment_status":"","ping_status":"","sticky":false,"template":"","format":"standard","meta":{"footnotes":""},"categories":[1888],"tags":[1111,1928,11,1927,3056,1777,674,118,1011,27,1310,12,1926,626,1925,25],"class_list":{"0":"post-267953","1":"post","2":"type-post","3":"status-publish","4":"format-standard","5":"has-post-thumbnail","7":"category-paris","8":"tag-actu","9":"tag-actu-paris","10":"tag-actualites","11":"tag-actualites-paris","12":"tag-brigade-de-sapeurs-pompiers-de-paris","13":"tag-eu","14":"tag-europe","15":"tag-faits-divers","16":"tag-fr","17":"tag-france","18":"tag-incendie","19":"tag-news","20":"tag-news-paris","21":"tag-paris","22":"tag-paris-news","23":"tag-republique-francaise"},"share_on_mastodon":{"url":"https:\/\/pubeurope.com\/@fr\/114902481470595177","error":""},"_links":{"self":[{"href":"https:\/\/www.europesays.com\/fr\/wp-json\/wp\/v2\/posts\/267953","targetHints":{"allow":["GET"]}}],"collection":[{"href":"https:\/\/www.europesays.com\/fr\/wp-json\/wp\/v2\/posts"}],"about":[{"href":"https:\/\/www.europesays.com\/fr\/wp-json\/wp\/v2\/types\/post"}],"author":[{"embeddable":true,"href":"https:\/\/www.europesays.com\/fr\/wp-json\/wp\/v2\/users\/2"}],"replies":[{"embeddable":true,"href":"https:\/\/www.europesays.com\/fr\/wp-json\/wp\/v2\/comments?post=267953"}],"version-history":[{"count":0,"href":"https:\/\/www.europesays.com\/fr\/wp-json\/wp\/v2\/posts\/267953\/revisions"}],"wp:featuredmedia":[{"embeddable":true,"href":"https:\/\/www.europesays.com\/fr\/wp-json\/wp\/v2\/media\/267954"}],"wp:attachment":[{"href":"https:\/\/www.europesays.com\/fr\/wp-json\/wp\/v2\/media?parent=267953"}],"wp:term":[{"taxonomy":"category","embeddable":true,"href":"https:\/\/www.europesays.com\/fr\/wp-json\/wp\/v2\/categories?post=267953"},{"taxonomy":"post_tag","embeddable":true,"href":"https:\/\/www.europesays.com\/fr\/wp-json\/wp\/v2\/tags?post=267953"}],"curies":[{"name":"wp","href":"https:\/\/api.w.org\/{rel}","templated":true}]}}