{"id":267955,"date":"2025-07-23T12:11:10","date_gmt":"2025-07-23T12:11:10","guid":{"rendered":"https:\/\/www.europesays.com\/fr\/267955\/"},"modified":"2025-07-23T12:11:10","modified_gmt":"2025-07-23T12:11:10","slug":"industrie-paris-et-rome-se-reunissent-pour-defendre-le-made-in-europe","status":"publish","type":"post","link":"https:\/\/www.europesays.com\/fr\/267955\/","title":{"rendered":"Industrie: Paris et Rome se r\u00e9unissent pour d\u00e9fendre le \u00ab\u00a0made in Europe\u00a0\u00bb"},"content":{"rendered":"<p>\n                                        <b>Par<\/b><br \/>\n                                        <br \/>AFP\n                                    <\/p>\n<p>\n                                    <b>Publi\u00e9 le<\/b><br \/>\n                                    <\/p>\n<p>                                        23 juillet 2025<\/p>\n<p class=\"article-content col-md-8 offset-md-1\">\n                                Les ministres fran\u00e7ais de l&rsquo;Economie Eric Lombard et de l&rsquo;Industrie Marc Ferracci rencontreront jeudi le ministre italien des Entreprises Adolfo Urso \u00e0 Paris afin de chercher une \u00ab\u00a0position align\u00e9e\u00a0\u00bb des deux pays sur l&rsquo;industrie europ\u00e9enne, en p\u00e9ril, et du \u00ab\u00a0made in Europe\u00a0\u00bb, selon les mots mercredi de Bercy.<\/p>\n<p><img decoding=\"async\" class=\"news-image\" style=\"width:100%;max-width:729px;\" src=\"https:\/\/www.europesays.com\/fr\/wp-content\/uploads\/2025\/07\/e457.jpg\" alt=\"Le ministre de l'Economie Eric Lombard, lors d'une visite de l'entreprise Wandercraft qui fabrique des exosquelettes, \u00e0 Paris, le 13 mars 2025.\" loading=\"lazy\"\/>Le ministre de l&rsquo;Economie Eric Lombard, lors d&rsquo;une visite de l&rsquo;entreprise Wandercraft qui fabrique des exosquelettes, \u00e0 Paris, le 13 mars 2025. &#8211; Thomas SAMSON \/ AFP<\/p>\n<p class=\"col-md-8 offset-md-1 article-content--texte\">\u00ab\u00a0L&rsquo;objectif avec les Italiens, c&rsquo;est de les rallier aux combats pour la protection des industries europ\u00e9ennes, afin de pouvoir les porter conjointement avec eux \u00e0 Bruxelles\u00a0\u00bb, ont expliqu\u00e9 les cabinets des deux ministres fran\u00e7ais \u00e0 des journalistes.<\/p>\n<p>Parmi les sujets qui seront \u00e9voqu\u00e9s jeudi, la question de l&rsquo;acier europ\u00e9en, menac\u00e9 dans sa survie face \u00e0 la Chine et aux Etats-Unis, pour lequel Bercy \u00e9voque une \u00ab\u00a0concurrence exacerb\u00e9e\u00a0\u00bb voire \u00ab\u00a0d\u00e9loyale\u00a0\u00bb.<\/p>\n<p class=\"col-md-8 offset-md-1 article-content--texte\">La Commission europ\u00e9enne a dit vouloir pr\u00e9senter en septembre une proposition l\u00e9gislative pour r\u00e9duire jusqu&rsquo;\u00e0 plus de 50% l&rsquo;importation d&rsquo;acier en Europe via diff\u00e9rentes mesures commerciales, que la France d\u00e9fend.<\/p>\n<p>Les ministres des deux pays devraient \u00e9galement parler automobile, avec comme \u00ab\u00a0objectif commun\u00a0\u00bb celui de \u00ab\u00a0renforcer la demande pour les v\u00e9hicules propres \u00e0 contenu europ\u00e9en\u00a0\u00bb, et aborder la question de la \u00ab\u00a0pr\u00e9f\u00e9rence europ\u00e9enne\u00a0\u00bb, par exemple dans les march\u00e9s publics.<\/p>\n<p>\u00ab\u00a0L&rsquo;Italie se rapproche de plus en plus de la France sur un certain nombre de positions\u00a0\u00bb, a estim\u00e9 Bercy, qui \u00e9voque encore le nucl\u00e9aire, que l&rsquo;Italie souhaite relancer et pour lequel elle d\u00e9fend, comme la France, qu&rsquo;il fasse l&rsquo;objet d&rsquo;un traitement similaire \u00e0 celui des \u00e9nergies renouvelables dans la l\u00e9gislation europ\u00e9enne.<br \/>\u00ab\u00a0L&rsquo;enjeu de comp\u00e9titivit\u00e9 et de neutralit\u00e9 technologique est un des sujets sur lequels on converge avec les Italiens\u00a0\u00bb, ont abond\u00e9 les cabinets des ministres fran\u00e7ais.<\/p>\n<p>La r\u00e9union jeudi se tient \u00e0 Bercy dans le cadre d&rsquo;un trait\u00e9, dit du Quirinal, sign\u00e9 entre les deux pays en 2021, qui pr\u00e9voit des rencontres annuelles entre ministres.<\/p>\n<p>Giorgia Meloni et <a class=\"fnwAddLinks\" href=\"https:\/\/be.fashionnetwork.com\/tags-emmanuel-macron\" title=\"Emmanuel Macron\" target=\"_blank\" rel=\"noopener\">Emmanuel Macron<\/a> avaient affich\u00e9 d\u00e9but juin leur \u00ab\u00a0engagement commun\u00a0\u00bb et leurs \u00ab\u00a0convergences fortes\u00a0\u00bb lors d&rsquo;un long t\u00eate-\u00e0-t\u00eate \u00e0 Rome pour dissiper les tensions des derni\u00e8res semaines, qui se sont cristallis\u00e9es depuis le retour de <a class=\"fnwAddLinks\" href=\"https:\/\/be.fashionnetwork.com\/tags-donald-trump\" title=\"Donald Trump\" target=\"_blank\" rel=\"noopener\">Donald Trump<\/a> \u00e0 la Maison Blanche.\n                            <\/p>\n<p>\n                                Tous droits de reproduction et de repr\u00e9sentation r\u00e9serv\u00e9s.<br \/>\u00a9 2025 Agence France-Presse<br \/>Toutes les informations reproduites dans cette rubrique (ou sur cette page selon le cas) sont prot\u00e9g\u00e9es par des droits de propri\u00e9t\u00e9 intellectuelle d\u00e9tenus par l&rsquo;AFP. Par cons\u00e9quent, aucune de ces informations ne peut \u00eatre reproduite, modifi\u00e9e, rediffus\u00e9e, traduite, exploit\u00e9e commercialement ou r\u00e9utilis\u00e9e de quelque mani\u00e8re que ce soit sans l&rsquo;accord pr\u00e9alable \u00e9crit de l&rsquo;AFP. L&rsquo;AFP ne pourra \u00eatre tenue pour responsable des d\u00e9lais, erreurs, omissions qui ne peuvent \u00eatre exclus, ni des cons\u00e9quences des actions ou transactions effectu\u00e9es sur la base de ces informations.\n                            <\/p>\n","protected":false},"excerpt":{"rendered":"Par AFP Publi\u00e9 le 23 juillet 2025 Les ministres fran\u00e7ais de l&rsquo;Economie Eric Lombard et de l&rsquo;Industrie Marc&hellip;\n","protected":false},"author":2,"featured_media":267956,"comment_status":"","ping_status":"","sticky":false,"template":"","format":"standard","meta":{"footnotes":""},"categories":[1888],"tags":[1111,1928,11,1927,2424,537,2423,75,1073,1777,674,1011,27,2425,985,12,1926,2298,626,1925,2426,2427,25,2421,2422],"class_list":{"0":"post-267955","1":"post","2":"type-post","3":"status-publish","4":"format-standard","5":"has-post-thumbnail","7":"category-paris","8":"tag-actu","9":"tag-actu-paris","10":"tag-actualites","11":"tag-actualites-paris","12":"tag-beaute","13":"tag-contact","14":"tag-cosmetiques","15":"tag-donald-trump","16":"tag-emmanuel-macron","17":"tag-eu","18":"tag-europe","19":"tag-fr","20":"tag-france","21":"tag-luxe","22":"tag-mode","23":"tag-news","24":"tag-news-paris","25":"tag-parfum","26":"tag-paris","27":"tag-paris-news","28":"tag-professionnel","29":"tag-professionnels","30":"tag-republique-francaise","31":"tag-reseau","32":"tag-textile"},"share_on_mastodon":{"url":"https:\/\/pubeurope.com\/@fr\/114902485285378764","error":""},"_links":{"self":[{"href":"https:\/\/www.europesays.com\/fr\/wp-json\/wp\/v2\/posts\/267955","targetHints":{"allow":["GET"]}}],"collection":[{"href":"https:\/\/www.europesays.com\/fr\/wp-json\/wp\/v2\/posts"}],"about":[{"href":"https:\/\/www.europesays.com\/fr\/wp-json\/wp\/v2\/types\/post"}],"author":[{"embeddable":true,"href":"https:\/\/www.europesays.com\/fr\/wp-json\/wp\/v2\/users\/2"}],"replies":[{"embeddable":true,"href":"https:\/\/www.europesays.com\/fr\/wp-json\/wp\/v2\/comments?post=267955"}],"version-history":[{"count":0,"href":"https:\/\/www.europesays.com\/fr\/wp-json\/wp\/v2\/posts\/267955\/revisions"}],"wp:featuredmedia":[{"embeddable":true,"href":"https:\/\/www.europesays.com\/fr\/wp-json\/wp\/v2\/media\/267956"}],"wp:attachment":[{"href":"https:\/\/www.europesays.com\/fr\/wp-json\/wp\/v2\/media?parent=267955"}],"wp:term":[{"taxonomy":"category","embeddable":true,"href":"https:\/\/www.europesays.com\/fr\/wp-json\/wp\/v2\/categories?post=267955"},{"taxonomy":"post_tag","embeddable":true,"href":"https:\/\/www.europesays.com\/fr\/wp-json\/wp\/v2\/tags?post=267955"}],"curies":[{"name":"wp","href":"https:\/\/api.w.org\/{rel}","templated":true}]}}