{"id":267959,"date":"2025-07-23T12:13:10","date_gmt":"2025-07-23T12:13:10","guid":{"rendered":"https:\/\/www.europesays.com\/fr\/267959\/"},"modified":"2025-07-23T12:13:10","modified_gmt":"2025-07-23T12:13:10","slug":"affaire-depardieu-le-parquet-de-paris-confirme-ses-requisitions-de-proces-pour-viols-sur-charlotte-arnould","status":"publish","type":"post","link":"https:\/\/www.europesays.com\/fr\/267959\/","title":{"rendered":"Affaire Depardieu\u00a0: le parquet de Paris confirme ses r\u00e9quisitions de proc\u00e8s pour viols sur Charlotte Arnould"},"content":{"rendered":"<p class=\"paragraph text_align_left lp-f-body-02\">Le <a href=\"https:\/\/www.leparisien.fr\/faits-divers\/affaire-gerard-depardieu-le-parquet-de-paris-requiert-un-proces-pour-viols-a-lencontre-du-comedien-22-08-2024-RB5MII2G6ZEKZE774JRJ2IZSQY.php\" target=\"_blank\" rel=\"noreferrer nofollow noopener\">parquet de Paris a de nouveau requis mardi un proc\u00e8s pour viols et agressions sexuelles<\/a> sur la com\u00e9dienne Charlotte Arnould contre <a href=\"https:\/\/www.leparisien.fr\/culture-loisirs\/cinema\/proces-depardieu-je-ne-sais-pas-ce-quest-une-agression-sexuelle-assure-lacteur-26-03-2025-U2Z54TERA5HMTPNMPAW6I5U2RE.php\" target=\"_blank\" rel=\"noreferrer nofollow noopener\">l\u2019acteur G\u00e9rard Depardieu<\/a>, apr\u00e8s<a href=\"https:\/\/www.leparisien.fr\/faits-divers\/gerard-depardieu-plus-que-jamais-sous-la-menace-dun-proces-pour-viol-22-08-2024-WESWDCI76BAD3DSDFRNWDHONEA.php\" target=\"_blank\" rel=\"noreferrer nofollow noopener\"> de premi\u00e8res r\u00e9quisitions en ce sens en ao\u00fbt 2024<\/a> qui n\u2019\u00e9taient plus valides pour raisons proc\u00e9durales, a appris l\u2019AFP de source proche du dossier ce mercredi.<\/p>\n<p class=\"paragraph text_align_left lp-f-body-02\">Sollicit\u00e9 par l\u2019AFP, le minist\u00e8re public a confirm\u00e9 avoir \u00ab requis \u00bb mardi \u00ab le renvoi de G\u00e9rard Depardieu devant la cour criminelle d\u00e9partementale de Paris, pour \u00eatre jug\u00e9 des infractions de viols et agressions sexuelles au pr\u00e9judice de Charlotte Arnould les 7 et 13 ao\u00fbt 2018. \u00bb<\/p>\n<p>Depardieu accus\u00e9 par deux autres femmes<\/p>\n<p class=\"paragraph text_align_left lp-f-body-02\">Le parquet de Paris avait d\u00e9j\u00e0 pris de telles r\u00e9quisitions le 14 ao\u00fbt 2024, mais depuis, l\u2019enqu\u00eate avait \u00e9t\u00e9 rouverte <a href=\"https:\/\/www.leparisien.fr\/culture-loisirs\/tv\/complement-denquete-sur-depardieu-la-justice-ordonne-une-expertise-sur-les-enregistrements-polemiques-18-10-2024-NKS3DALOLREXBFAXPWZNF4JYPE.php\" target=\"_blank\" rel=\"noreferrer nofollow noopener\">apr\u00e8s une demande d\u2019expertise de l\u2019acteur sur des propos sexuels et sexistes qu\u2019il avait tenus <\/a>lors d\u2019un tournage en Cor\u00e9e du Nord, r\u00e9v\u00e9l\u00e9s <a href=\"https:\/\/www.leparisien.fr\/culture-loisirs\/tv\/complement-denquete-sur-depardieu-les-auteurs-du-documentaire-attaquent-lacteur-ainsi-que-yann-moix-21-03-2025-LU4QSYKSCJBLBLRVESL7WWGP5A.php\" target=\"_blank\" rel=\"noreferrer nofollow noopener\">par \u00ab Compl\u00e9ment d\u2019enqu\u00eate \u00bb (France 2) <\/a>en d\u00e9cembre 2023 et qui avaient fait scandale. On pouvait y voir G\u00e9rard Depardieu multiplier les commentaires misogynes et insultants dans un haras, notamment \u00e0 un moment o\u00f9 \u00e0 l\u2019\u00e9cran, une fillette faisait du cheval.<\/p>\n<p class=\"paragraph text_align_left lp-f-body-02\">L\u2019acteur affirmait que ses propos visaient une autre femme, adulte, et pr\u00e9tendait aussi qu\u2019il s\u2019agissait d\u2019une sc\u00e8ne de fiction. Dans l\u2019expertise rendue mi-mai dont l\u2019AFP a eu connaissance, un expert informatique a tranch\u00e9, estimant que les \u00ab propos \u00e0 connotation sexuelle ont \u00e9t\u00e9 adress\u00e9s \u00e0 l\u2019\u00e9gard d\u2019une fillette \u00e9voluant sur un poney \u00bb. La question de savoir si les images ont \u00e9t\u00e9 manipul\u00e9es fera l\u2019objet d\u2019une audience correctionnelle le 2 octobre prochain. Dans le cadre de cette proc\u00e9dure distincte, une autre expertise, civile cette fois, est en attente.<\/p>\n<p class=\"paragraph text_align_left lp-f-body-02\">L\u2019\u00e9mission avait pr\u00e9cipit\u00e9 la chute de l\u2019acteur, mis en cause par plusieurs femmes pour des viols et des violences sexuelles, et condamn\u00e9 mi-mai \u00e0 18 mois de prison avec sursis \u00e0 Paris <a href=\"https:\/\/www.leparisien.fr\/faits-divers\/affaire-depardieu-lacteur-vise-par-une-nouvelle-enquete-pour-agression-sexuelle-apres-la-plainte-dune-decoratrice-05-03-2024-IXHZE4SETFFOXGIHNGDNDVHA7E.php\" target=\"_blank\" rel=\"noreferrer nofollow noopener\">pour avoir agress\u00e9 deux femmes sur le tournage des \u00ab Volets verts \u00bb en 2021<\/a> &#8211; une d\u00e9cision dont il a fait appel.<\/p>\n<p class=\"paragraph text_align_left lp-f-body-02\">Sollicit\u00e9 ce mercredi par l\u2019AFP, l\u2019avocat de G\u00e9rard Depardieu, J\u00e9r\u00e9mie Assous, estime que \u00ab le non-lieu s\u2019impose \u00bb. D\u2019apr\u00e8s lui, \u00ab les vid\u00e9os de surveillance prouvent qu\u2019il n\u2019y a eu aucune agression : on voit (Charlotte Arnould) embrasser pendant plus de quarante secondes, monter l\u2019escalier qui m\u00e8ne \u00e0 la chambre, et y monter seule, en souriant. Elle lui \u00e9crit le lendemain de sa visite qu\u2019elle l\u2019aime, et qu\u2019elle n\u2019est jamais aussi bien que dans ses bras \u00bb.<\/p>\n<p class=\"title-embed-dailymotion lp-color-text lp-f-subtitle-04\">Vid\u00e9oDepardieu\u00a0d\u00e9clar\u00e9 coupable d\u2019agressions sexuelles et condamn\u00e9 \u00e0 18 mois de prison avec sursis<\/p>\n<p class=\"paragraph text_align_left lp-f-body-02\">Me Assous estime aussi que Charlotte Arnould est \u00ab disqualifi\u00e9e \u00bb par les accusations successives de viol et d\u2019agression qu\u2019elle a port\u00e9es contre d\u2019autres personnes, dont \u00ab aucune (\u2026) n\u2019a \u00e9t\u00e9 consid\u00e9r\u00e9e comme s\u00e9rieuse \u00bb. L\u2019avocate de Charlotte Arnould, Carine Durrieu-Diebolt, n\u2019a pas r\u00e9pondu \u00e0 l\u2019AFP.<\/p>\n<p class=\"paragraph text_align_left lp-f-body-02\">La d\u00e9cision finale sur la tenue d\u2019un proc\u00e8s appartient d\u00e9sormais \u00e0 la magistrate instructrice. Selon la source proche du dossier, des recours de G\u00e9rard Depardieu sur cette expertise doivent encore \u00eatre \u00e9tudi\u00e9s par la cour d\u2019appel de Paris.<\/p>\n","protected":false},"excerpt":{"rendered":"Le parquet de Paris a de nouveau requis mardi un proc\u00e8s pour viols et agressions sexuelles sur la&hellip;\n","protected":false},"author":2,"featured_media":267960,"comment_status":"","ping_status":"","sticky":false,"template":"","format":"standard","meta":{"footnotes":""},"categories":[1888],"tags":[11,650,872,1777,674,118,1011,27,12,626,25],"class_list":{"0":"post-267959","1":"post","2":"type-post","3":"status-publish","4":"format-standard","5":"has-post-thumbnail","7":"category-paris","8":"tag-actualites","9":"tag-cinema","10":"tag-culture-et-loisirs","11":"tag-eu","12":"tag-europe","13":"tag-faits-divers","14":"tag-fr","15":"tag-france","16":"tag-news","17":"tag-paris","18":"tag-republique-francaise"},"share_on_mastodon":{"url":"https:\/\/pubeurope.com\/@fr\/114902492946467431","error":""},"_links":{"self":[{"href":"https:\/\/www.europesays.com\/fr\/wp-json\/wp\/v2\/posts\/267959","targetHints":{"allow":["GET"]}}],"collection":[{"href":"https:\/\/www.europesays.com\/fr\/wp-json\/wp\/v2\/posts"}],"about":[{"href":"https:\/\/www.europesays.com\/fr\/wp-json\/wp\/v2\/types\/post"}],"author":[{"embeddable":true,"href":"https:\/\/www.europesays.com\/fr\/wp-json\/wp\/v2\/users\/2"}],"replies":[{"embeddable":true,"href":"https:\/\/www.europesays.com\/fr\/wp-json\/wp\/v2\/comments?post=267959"}],"version-history":[{"count":0,"href":"https:\/\/www.europesays.com\/fr\/wp-json\/wp\/v2\/posts\/267959\/revisions"}],"wp:featuredmedia":[{"embeddable":true,"href":"https:\/\/www.europesays.com\/fr\/wp-json\/wp\/v2\/media\/267960"}],"wp:attachment":[{"href":"https:\/\/www.europesays.com\/fr\/wp-json\/wp\/v2\/media?parent=267959"}],"wp:term":[{"taxonomy":"category","embeddable":true,"href":"https:\/\/www.europesays.com\/fr\/wp-json\/wp\/v2\/categories?post=267959"},{"taxonomy":"post_tag","embeddable":true,"href":"https:\/\/www.europesays.com\/fr\/wp-json\/wp\/v2\/tags?post=267959"}],"curies":[{"name":"wp","href":"https:\/\/api.w.org\/{rel}","templated":true}]}}