{"id":26796,"date":"2025-04-15T15:03:09","date_gmt":"2025-04-15T15:03:09","guid":{"rendered":"https:\/\/www.europesays.com\/fr\/26796\/"},"modified":"2025-04-15T15:03:09","modified_gmt":"2025-04-15T15:03:09","slug":"un-homme-blesse-important-dispositif-de-pompiers-deploye","status":"publish","type":"post","link":"https:\/\/www.europesays.com\/fr\/26796\/","title":{"rendered":"un homme bless\u00e9, important dispositif de pompiers d\u00e9ploy\u00e9"},"content":{"rendered":"<p>            Par<br \/>\n        <strong><br \/>\n            <a href=\"https:\/\/actu.fr\/auteur\/nicolas-zaugra\" title=\"Consulter tous les articles de Nicolas Zaugra\" rel=\"nofollow noopener\" target=\"_blank\">Nicolas Zaugra<\/a><br \/>\n        <\/strong><\/p>\n<p>        Publi\u00e9 le<\/p>\n<p>            15 avr. 2025 \u00e0 10h41        <\/p>\n<p>Un important dispositif de pompiers et de secours a \u00e9t\u00e9 d\u00e9ploy\u00e9 lundi 14 avril 2025 dans le centre-ville de <a href=\"https:\/\/actu.fr\/auvergne-rhone-alpes\/lyon_69123\" rel=\"nofollow noopener\" target=\"_blank\">Lyon<\/a>, dans le 1er arrondissement, \u00e0 proximit\u00e9 de la <a href=\"https:\/\/actu.fr\/auvergne-rhone-alpes\/lyon_69123\/lyon-operation-de-police-d-ampleur-aux-terreaux-les-arrestations-s-enchainent_62388865.html\" rel=\"nofollow noopener\" target=\"_blank\">place des Terreaux<\/a> dans la soir\u00e9e.<\/p>\n<p class=\" wall-content\">Un employ\u00e9 a \u00e9t\u00e9 s\u00e9rieusement bless\u00e9, <strong>sans pronostic vital engag\u00e9<\/strong>, dans un sauna de la rue Constantine, a-t-on appris des pompiers, confirmant une information du <a href=\"https:\/\/www.leprogres.fr\/faits-divers-justice\/2025\/04\/14\/accident-dans-un-sauna-un-homme-blesse-en-manipulant-un-produit-chimique\" rel=\"nofollow noopener\" target=\"_blank\">Progr\u00e8s<\/a>.<\/p>\n<p>    <a href=\"https:\/\/www.google.com\/maps\/embed?pb=!1m18!1m12!1m3!1d8350.098877105393!2d4.828399109156301!3d45.76529471650174!2m3!1f0!2f0!3f0!3m2!1i1024!2i768!4f13.1!3m3!1m2!1s0x47f4eafe36efcf33%3A0xfaaa64591ba38803!2sDoubleSide%20Sauna%20Hammam!5e0!3m2!1sfr!2sfr!4v1744705348403!5m2!1sfr!2sfr\" title=\"Ouvrie le lien\" rel=\"nofollow noopener\" target=\"_blank\">Cliquez ici pour visualiser le contenu<\/a><\/p>\n<p>Manipulation d\u2019un produit chimique<\/p>\n<p class=\" wall-content\">Selon les pompiers, la victime a manipul\u00e9 un produit chimique dangereux. Par pr\u00e9caution, un dispositif sp\u00e9cial a \u00e9t\u00e9 d\u00e9ploy\u00e9 avec des moyens avec un v\u00e9hicule d\u2019intervention Nucl\u00e9aire Radiologique Biologique Chimique (NRBC).<\/p>\n<p class=\" wall-content\">La police a \u00e9galement mis en place un p\u00e9rim\u00e8tre de s\u00e9curit\u00e9.\u00a0<\/p>\n<p>Vid\u00e9os : en ce moment sur Actu<\/p>\n<p class=\" wall-content\">Suivez toute l\u2019actualit\u00e9 de vos villes et m\u00e9dias favoris en vous inscrivant \u00e0 <a href=\"https:\/\/moncompte.actu.fr\" title=\"D\u00e9couvez Mon Actu\" rel=\"nofollow noopener\" data-trk=\"{&quot;cta&quot;:{&quot;action&quot;:&quot;https:\\\/\\\/moncompte.actu.fr&quot;,&quot;category&quot;:&quot;mon compte&quot;,&quot;from&quot;:&quot;article footer&quot;,&quot;name&quot;:&quot;Mon actu&quot;,&quot;type&quot;:&quot;cta&quot;}}\" target=\"_blank\">Mon Actu<\/a>.<\/p>\n","protected":false},"excerpt":{"rendered":"Par Nicolas Zaugra Publi\u00e9 le 15 avr. 2025 \u00e0 10h41 Un important dispositif de pompiers et de secours&hellip;\n","protected":false},"author":2,"featured_media":26797,"comment_status":"","ping_status":"","sticky":false,"template":"","format":"standard","meta":{"footnotes":""},"categories":[1889],"tags":[119,1111,11,2430,1777,674,118,1011,27,2428,12,1311,25],"class_list":{"0":"post-26796","1":"post","2":"type-post","3":"status-publish","4":"format-standard","5":"has-post-thumbnail","7":"category-lyon","8":"tag-accident","9":"tag-actu","10":"tag-actualites","11":"tag-auvergne-rhone-alpes","12":"tag-eu","13":"tag-europe","14":"tag-faits-divers","15":"tag-fr","16":"tag-france","17":"tag-lyon","18":"tag-news","19":"tag-pompiers","20":"tag-republique-francaise"},"share_on_mastodon":{"url":"https:\/\/pubeurope.com\/@fr\/114342592755203461","error":""},"_links":{"self":[{"href":"https:\/\/www.europesays.com\/fr\/wp-json\/wp\/v2\/posts\/26796","targetHints":{"allow":["GET"]}}],"collection":[{"href":"https:\/\/www.europesays.com\/fr\/wp-json\/wp\/v2\/posts"}],"about":[{"href":"https:\/\/www.europesays.com\/fr\/wp-json\/wp\/v2\/types\/post"}],"author":[{"embeddable":true,"href":"https:\/\/www.europesays.com\/fr\/wp-json\/wp\/v2\/users\/2"}],"replies":[{"embeddable":true,"href":"https:\/\/www.europesays.com\/fr\/wp-json\/wp\/v2\/comments?post=26796"}],"version-history":[{"count":0,"href":"https:\/\/www.europesays.com\/fr\/wp-json\/wp\/v2\/posts\/26796\/revisions"}],"wp:featuredmedia":[{"embeddable":true,"href":"https:\/\/www.europesays.com\/fr\/wp-json\/wp\/v2\/media\/26797"}],"wp:attachment":[{"href":"https:\/\/www.europesays.com\/fr\/wp-json\/wp\/v2\/media?parent=26796"}],"wp:term":[{"taxonomy":"category","embeddable":true,"href":"https:\/\/www.europesays.com\/fr\/wp-json\/wp\/v2\/categories?post=26796"},{"taxonomy":"post_tag","embeddable":true,"href":"https:\/\/www.europesays.com\/fr\/wp-json\/wp\/v2\/tags?post=26796"}],"curies":[{"name":"wp","href":"https:\/\/api.w.org\/{rel}","templated":true}]}}