{"id":267963,"date":"2025-07-23T12:15:17","date_gmt":"2025-07-23T12:15:17","guid":{"rendered":"https:\/\/www.europesays.com\/fr\/267963\/"},"modified":"2025-07-23T12:15:17","modified_gmt":"2025-07-23T12:15:17","slug":"ladministrateur-dun-important-forum-cybercriminel-russophone-interpelle","status":"publish","type":"post","link":"https:\/\/www.europesays.com\/fr\/267963\/","title":{"rendered":"l&rsquo;administrateur d&rsquo;un important forum cybercriminel russophone interpell\u00e9"},"content":{"rendered":"<p>L\u2019arrestation survient \u00e0 la suite d\u2019une enqu\u00eate, ouverte en juillet 2021, qui s\u2019est pench\u00e9e sur des suspicions d\u2019\u00abactivit\u00e9s illicites\u00bb qui auraient \u00abengendr\u00e9 au moins 7 millions de dollars de b\u00e9n\u00e9fice\u00bb.<\/p>\n<p class=\"fig-paragraph\">La\u00a0<a href=\"http:\/\/www.lefigaro.fr\/flash-actu\/limogeage-d-une-procureure-dans-l-affaire-epstein-fille-d-un-ex-chef-du-fbi-bete-noire-de-trump-20250718\" target=\"_blank\" data-fig-type=\"NewsFlash\" rel=\"noopener\" data-gtm-custom-categorie=\"navigation\" data-gtm-custom-action=\"crossclick\" data-gtm-custom-label=\"Contextuel\" data-gtm-event=\"customEventSPE\" data-fig-domain=\"LEFIGARO\">procureur\u00a0<\/a>de Paris Laure Beccuau a annonc\u00e9 mercredi 23 juillet dans un communiqu\u00e9 l&rsquo;arrestation la veille en\u00a0<a href=\"http:\/\/www.lefigaro.fr\/international\/dossier\/guerre-en-ukraine-les-reportages-du-figaro\" target=\"_blank\" data-fig-type=\"Topic\" rel=\"noopener\" data-gtm-custom-categorie=\"navigation\" data-gtm-custom-action=\"crossclick\" data-gtm-custom-label=\"Contextuel\" data-gtm-event=\"customEventSPE\" data-fig-domain=\"LEFIGARO\">Ukraine\u00a0<\/a>d&rsquo;une \u00abpersonne soup\u00e7onn\u00e9e d&rsquo;\u00eatre administratrice\u00bb de XSS.is, \u00abl&rsquo;un des principaux lieux de la cybercriminalit\u00e9 mondiale\u00bb.<\/p>\n<p class=\"fig-paragraph\">Selon ce communiqu\u00e9, XSS.is, \u00abactif depuis 2013\u00bb, \u00abpermettait la vente de malwares\u00bb, des logiciels pour infecter des ordinateurs, \u00abd\u2019acc\u00e8s \u00e0 des syst\u00e8mes compromis, de donn\u00e9es d\u00e9rob\u00e9es et de services li\u00e9s aux ransomwares\u00bb, des programmes bloquant les donn\u00e9es d\u2019un ordinateur distant jusqu\u2019au paiement d\u2019une ran\u00e7on. \u00abLe forum \u00e9tait doubl\u00e9 d\u2019un serveur Jabber de messagerie chiffr\u00e9e, facilitant les \u00e9changes anonymes entre cybercriminels\u00bb, a indiqu\u00e9 Laure Beccuau.<\/p>\n<p>                                    <a class=\"fig-a11y-skip a11y-hidden\" href=\"#fig-a11y-skip-main-inarticle\"><br \/>\n        Passer la publicit\u00e9<br \/>\n    <\/a><\/p>\n<p>\u00abDe nombreuses activit\u00e9s illicites\u00bb<\/p>\n<p class=\"fig-paragraph\">Elle a pr\u00e9cis\u00e9 que l\u2019enqu\u00eate pr\u00e9liminaire \u00abouverte le 2 juillet 2021 par la section de lutte contre la cybercriminalit\u00e9 du parquet de Paris et confi\u00e9e \u00e0 la Brigade de\u00a0<a href=\"https:\/\/www.lefigaro.fr\/secteur\/high-tech\/2014\/08\/06\/32001-20140806ARTFIG00271-la-lutte-contre-la-cybercriminalite-est-un-marche-d-avenir.php\" target=\"_blank\" data-fig-type=\"Article\" rel=\"noopener\" data-gtm-custom-categorie=\"navigation\" data-gtm-custom-action=\"crossclick\" data-gtm-custom-label=\"Contextuel\" data-gtm-event=\"customEventSPE\" data-fig-domain=\"LEFIGARO\">lutte contre la cybercriminalit\u00e9<\/a> \u00a0(BL2C) de la police judiciaire de la pr\u00e9fecture de police, a permis la mise en place de captations judiciaires sur le serveur Jabber thesecure.biz.\u00bb \u00abLes messages intercept\u00e9s ont r\u00e9v\u00e9l\u00e9 de nombreuses activit\u00e9s illicites en lien avec la cybercriminalit\u00e9 et les ransomwares et permis d\u2019\u00e9tablir qu\u2019elles avaient engendr\u00e9 au moins 7 millions de dollars de b\u00e9n\u00e9fice\u00bb, d\u2019apr\u00e8s la procureure.<\/p>\n<p class=\"fig-paragraph\">Les investigations ont \u00e9t\u00e9 confi\u00e9es \u00e0 des juges d\u2019instruction le 9 novembre 2021 pour des infractions telles que complicit\u00e9 d\u2019atteintes \u00e0 un syst\u00e8me de traitement automatis\u00e9 de donn\u00e9es, extorsion en bande organis\u00e9e et association de malfaiteurs.<\/p>\n<p class=\"fig-paragraph\">\u00abIdentifi\u00e9 gr\u00e2ce \u00e0 une seconde captation r\u00e9alis\u00e9e dans le cadre d\u2019une information judiciaire, l\u2019administrateur du forum a \u00e9t\u00e9 interpell\u00e9 le 22 juillet en Ukraine par les autorit\u00e9s ukrainiennes (Cyber Department, the Security Service of Ukraine et General Prosecutor\u2019s Office of Ukraine), en pr\u00e9sence de la police fran\u00e7aise en charge de l\u2019enqu\u00eate et avec l\u2019assistance d\u2019Europol\u00bb, a soulign\u00e9 la procureure de Paris.<\/p>\n<p>Multiplication des arrestations en lien avec la cybercriminalit\u00e9<\/p>\n<p class=\"fig-paragraph\">Plusieurs sites sp\u00e9cialis\u00e9s pr\u00e9sentent XSS.is comme l\u2019un des principaux forums cybercriminels mondiaux des dix derni\u00e8res ann\u00e9es, nomm\u00e9 DaMaGeLab initialement puis renomm\u00e9 XSS en 2018.<\/p>\n<p class=\"fig-paragraph\">Les autorit\u00e9s fran\u00e7aises et europ\u00e9ennes multiplient les communications sur les arrestations en lien avec la cybercriminalit\u00e9, tandis que les annonces de cyberattaques visant des entit\u00e9s publiques ou des groupes priv\u00e9s s\u2019accumulent.<\/p>\n<p>                                    <a class=\"fig-a11y-skip a11y-hidden\" href=\"#fig-a11y-skip-main-inarticle_mtf\"><br \/>\n        Passer la publicit\u00e9<br \/>\n    <\/a><\/p>\n<p class=\"fig-paragraph\">Mi-juillet, les agences Europol et Eurojust ont annonc\u00e9 le d\u00e9mant\u00e8lement du groupe de hackers prorusses NoName057(16), responsable de multiples attaques visant l\u2019Ukraine et ses alli\u00e9s, en ciblant notamment des infrastructures importantes en Europe.<\/p>\n","protected":false},"excerpt":{"rendered":"L\u2019arrestation survient \u00e0 la suite d\u2019une enqu\u00eate, ouverte en juillet 2021, qui s\u2019est pench\u00e9e sur des suspicions d\u2019\u00abactivit\u00e9s&hellip;\n","protected":false},"author":2,"featured_media":267964,"comment_status":"","ping_status":"","sticky":false,"template":"","format":"standard","meta":{"footnotes":""},"categories":[1590],"tags":[11,16968,1777,674,12,220],"class_list":{"0":"post-267963","1":"post","2":"type-post","3":"status-publish","4":"format-standard","5":"has-post-thumbnail","7":"category-ukraine","8":"tag-actualites","9":"tag-cybercriminalite","10":"tag-eu","11":"tag-europe","12":"tag-news","13":"tag-ukraine"},"share_on_mastodon":{"url":"https:\/\/pubeurope.com\/@fr\/114902500864989111","error":""},"_links":{"self":[{"href":"https:\/\/www.europesays.com\/fr\/wp-json\/wp\/v2\/posts\/267963","targetHints":{"allow":["GET"]}}],"collection":[{"href":"https:\/\/www.europesays.com\/fr\/wp-json\/wp\/v2\/posts"}],"about":[{"href":"https:\/\/www.europesays.com\/fr\/wp-json\/wp\/v2\/types\/post"}],"author":[{"embeddable":true,"href":"https:\/\/www.europesays.com\/fr\/wp-json\/wp\/v2\/users\/2"}],"replies":[{"embeddable":true,"href":"https:\/\/www.europesays.com\/fr\/wp-json\/wp\/v2\/comments?post=267963"}],"version-history":[{"count":0,"href":"https:\/\/www.europesays.com\/fr\/wp-json\/wp\/v2\/posts\/267963\/revisions"}],"wp:featuredmedia":[{"embeddable":true,"href":"https:\/\/www.europesays.com\/fr\/wp-json\/wp\/v2\/media\/267964"}],"wp:attachment":[{"href":"https:\/\/www.europesays.com\/fr\/wp-json\/wp\/v2\/media?parent=267963"}],"wp:term":[{"taxonomy":"category","embeddable":true,"href":"https:\/\/www.europesays.com\/fr\/wp-json\/wp\/v2\/categories?post=267963"},{"taxonomy":"post_tag","embeddable":true,"href":"https:\/\/www.europesays.com\/fr\/wp-json\/wp\/v2\/tags?post=267963"}],"curies":[{"name":"wp","href":"https:\/\/api.w.org\/{rel}","templated":true}]}}