{"id":267965,"date":"2025-07-23T12:16:10","date_gmt":"2025-07-23T12:16:10","guid":{"rendered":"https:\/\/www.europesays.com\/fr\/267965\/"},"modified":"2025-07-23T12:16:10","modified_gmt":"2025-07-23T12:16:10","slug":"laccord-etats-unis-japon-apaise-les-marches-petroliers","status":"publish","type":"post","link":"https:\/\/www.europesays.com\/fr\/267965\/","title":{"rendered":"L&rsquo;accord \u00c9tats-Unis-Japon apaise les march\u00e9s p\u00e9troliers"},"content":{"rendered":"<p>Le p\u00e9trole a l\u00e9g\u00e8rement progress\u00e9 alors que les investisseurs surveillaient l&rsquo;avanc\u00e9e des discussions tarifaires entre les \u00c9tats-Unis et leurs principaux partenaires commerciaux. Le pr\u00e9sident Trump a annonc\u00e9 un accord avec le Japon fixant le taux \u00e0 15 %, ainsi qu&rsquo;un autre avec les Philippines \u00e0 19 %. Sara Vakhshouri, pr\u00e9sidente et fondatrice de SVB Energy International, s&rsquo;est exprim\u00e9e sur la r\u00e9action des march\u00e9s \u00e0 ces accords lors d&rsquo;une interview avec Joumanna Bercetche, pr\u00e9sentatrice de Horizons Middle East and Africa sur Bloomberg.<\/p>\n<p>Vid\u00e9os Bloomberg, fournies par MT Newswire<\/p>\n","protected":false},"excerpt":{"rendered":"Le p\u00e9trole a l\u00e9g\u00e8rement progress\u00e9 alors que les investisseurs surveillaient l&rsquo;avanc\u00e9e des discussions tarifaires entre les \u00c9tats-Unis et&hellip;\n","protected":false},"author":2,"featured_media":267966,"comment_status":"","ping_status":"","sticky":false,"template":"","format":"standard","meta":{"footnotes":""},"categories":[1589],"tags":[11,340,73,1866,12,1864,1865,1863,308],"class_list":{"0":"post-267965","1":"post","2":"type-post","3":"status-publish","4":"format-standard","5":"has-post-thumbnail","7":"category-etats-unis","8":"tag-actualites","9":"tag-bourse","10":"tag-etats-unis","11":"tag-etats-unis-damerique","12":"tag-news","13":"tag-united-states","14":"tag-united-states-of-america","15":"tag-us","16":"tag-usa"},"share_on_mastodon":{"url":"https:\/\/pubeurope.com\/@fr\/114902504885825945","error":""},"_links":{"self":[{"href":"https:\/\/www.europesays.com\/fr\/wp-json\/wp\/v2\/posts\/267965","targetHints":{"allow":["GET"]}}],"collection":[{"href":"https:\/\/www.europesays.com\/fr\/wp-json\/wp\/v2\/posts"}],"about":[{"href":"https:\/\/www.europesays.com\/fr\/wp-json\/wp\/v2\/types\/post"}],"author":[{"embeddable":true,"href":"https:\/\/www.europesays.com\/fr\/wp-json\/wp\/v2\/users\/2"}],"replies":[{"embeddable":true,"href":"https:\/\/www.europesays.com\/fr\/wp-json\/wp\/v2\/comments?post=267965"}],"version-history":[{"count":0,"href":"https:\/\/www.europesays.com\/fr\/wp-json\/wp\/v2\/posts\/267965\/revisions"}],"wp:featuredmedia":[{"embeddable":true,"href":"https:\/\/www.europesays.com\/fr\/wp-json\/wp\/v2\/media\/267966"}],"wp:attachment":[{"href":"https:\/\/www.europesays.com\/fr\/wp-json\/wp\/v2\/media?parent=267965"}],"wp:term":[{"taxonomy":"category","embeddable":true,"href":"https:\/\/www.europesays.com\/fr\/wp-json\/wp\/v2\/categories?post=267965"},{"taxonomy":"post_tag","embeddable":true,"href":"https:\/\/www.europesays.com\/fr\/wp-json\/wp\/v2\/tags?post=267965"}],"curies":[{"name":"wp","href":"https:\/\/api.w.org\/{rel}","templated":true}]}}