{"id":267969,"date":"2025-07-23T12:18:16","date_gmt":"2025-07-23T12:18:16","guid":{"rendered":"https:\/\/www.europesays.com\/fr\/267969\/"},"modified":"2025-07-23T12:18:16","modified_gmt":"2025-07-23T12:18:16","slug":"lallemagne-critique-linterdiction-des-voitures-de-location-thermiques","status":"publish","type":"post","link":"https:\/\/www.europesays.com\/fr\/267969\/","title":{"rendered":"l\u2019Allemagne critique l\u2019interdiction des voitures de location thermiques"},"content":{"rendered":"<p>L\u2019Union europ\u00e9enne souhaite acc\u00e9l\u00e9rer la fin du moteur thermique. En plus de l\u2019interdiction d\u00e9j\u00e0 act\u00e9e pour 2035 concernant la vente de voitures essence et Diesel neuves, Bruxelles envisage d\u00e9sormais d\u2019imposer aux soci\u00e9t\u00e9s de location l\u2019achat exclusif de v\u00e9hicules \u00e9lectriques d\u00e8s 2030. Si cette mesure n\u2019est pas encore officielle, elle suscite d\u00e9j\u00e0 une lev\u00e9e de boucliers. Notamment du c\u00f4t\u00e9 de l\u2019Allemagne.<\/p>\n<p>Une mesure de l\u2019UE jug\u00e9e irr\u00e9aliste par Berlin <\/p>\n<p class=\"p1\">Le chancelier allemand Friedrich Merz <strong>s\u2019est montr\u00e9 particuli\u00e8rement critique face \u00e0 <a href=\"https:\/\/www.autojournal.fr\/environnement\/voitures-electriques-comment-laccord-ue-chine-va-t-il-influencer-les-prix-371133.html\" target=\"_blank\" rel=\"noopener nofollow\">cette initiative de l\u2019UE.<\/a><\/strong> Selon lui, cette interdiction d\u2019achat de v\u00e9hicules thermiques \u00ab\u00a0passe compl\u00e8tement \u00e0 c\u00f4t\u00e9 des besoins actuels des Europ\u00e9ens\u00a0\u00bb. Il remet en question le r\u00e9alisme d\u2019une telle obligation, <strong>estimant que les technologies n\u00e9cessaires ne seront peut-\u00eatre pas pr\u00eates \u00e0 temps pour un basculement exclusif vers l\u2019\u00e9lectrique.<\/strong><\/p>\n<p class=\"p1\">Pour Merz, <strong>il serait dangereux de miser sur une seule technologie sans tenir compte des sp\u00e9cificit\u00e9s r\u00e9gionales<\/strong> ou des <a href=\"https:\/\/www.autojournal.fr\/actu\/vacances-ete-voici-jours-eviter-bornes-de-recharge-386474.html\" target=\"_blank\" rel=\"noopener nofollow\">infrastructures disponibles<\/a>. Une position partag\u00e9e par plusieurs acteurs de l\u2019industrie, qui redoutent une d\u00e9cision politique de l\u2019UE d\u00e9connect\u00e9e des r\u00e9alit\u00e9s du terrain.<\/p>\n<p class=\"p1\"><strong>Les grands loueurs europ\u00e9ens n\u2019ont pas tard\u00e9 \u00e0 exprimer leur inqui\u00e9tude.<\/strong> <a href=\"https:\/\/de.linkedin.com\/in\/nico-gabriel-55456b92\" target=\"_blank\" rel=\"noopener nofollow\">Nico Gabriel<\/a>, membre du conseil d\u2019administration de Sixt, pr\u00e9vient. \u00ab Les vacanciers n\u2019utiliseront presque plus de voitures de location. \u00bb Il pointe du doigt les difficult\u00e9s de recharge en dehors des grandes villes et le co\u00fbt plus \u00e9lev\u00e9 de la location d\u2019un v\u00e9hicule \u00e9lectrique.<\/p>\n<p class=\"p1\">En l\u2019\u00e9tat,<strong> pr\u00e8s de 60% des immatriculations <a href=\"https:\/\/www.autojournal.fr\/actu\/pourquoi-jeunes-achetent-moins-en-moins-vehicules-neufs-385526.html\" target=\"_blank\" rel=\"noopener nofollow\">de v\u00e9hicules neufs<\/a> en Europe sont destin\u00e9es aux flottes professionnelles<\/strong>, selon les premi\u00e8res estimations \u00e9voqu\u00e9es par le journal Bild. Une interdiction anticip\u00e9e des mod\u00e8les thermiques dans ce secteur bouleverserait profond\u00e9ment l\u2019offre et la demande.<\/p>\n<p>    Un impact potentiellement d\u00e9vastateur sur le tourisme <\/p>\n<p class=\"p1\">Si la mesure est adopt\u00e9e, ses effets pourraient \u00eatre imm\u00e9diats. Les entreprises de location risquent de se rusher sur les <strong>mod\u00e8les thermiques avant la date butoir de 2030, pour constituer un stock durable. Mais cette tactique n\u2019offrirait qu\u2019un r\u00e9pit temporaire.<\/strong> Et pour cause, la fin g\u00e9n\u00e9rale du <a href=\"https:\/\/www.autojournal.fr\/actu\/desastre-detruire-industrie-patron-grand-constructeur-fin-du-thermique-2035-388356.html\" target=\"_blank\" rel=\"noopener nofollow\">thermique en 2035 dans l\u2019UE<\/a> reste officiellement en ligne de mire. Pour le moment en tout cas.<\/p>\n<p class=\"p1\">Pour <a href=\"https:\/\/www.autojournal.fr\/pratique\/vacances-ete-que-dit-loi-propos-roues-de-secours-387998.html\" target=\"_blank\" rel=\"noopener nofollow\">les vacanciers<\/a> et voyageurs longue distance, <strong>l\u2019adoption exclusive de l\u2019\u00e9lectrique pourrait complexifier les d\u00e9placements.<\/strong> Notamment dans les zones rurales ou peu \u00e9quip\u00e9es. Moins de choix, tarifs plus \u00e9lev\u00e9s, autonomie encore limit\u00e9e\u2026 Autant d\u2019arguments qui freinent la transition pour le grand public.<\/p>\n<p class=\"p1\">En voulant <strong>forcer la main \u00e0 l\u2019industrie cinq ans avant l\u2019\u00e9ch\u00e9ance d\u00e9j\u00e0 pr\u00e9vue de 2035, l\u2019UE prend le risque d\u2019un d\u00e9s\u00e9quilibre majeur.<\/strong> Celui-ci est alors d\u00e9nonc\u00e9 \u00e0 la fois par les gouvernements, les entreprises et les consommateurs. L\u2019Allemagne, voix forte du secteur automobile europ\u00e9en, appelle \u00e0 plus de pragmatisme et de flexibilit\u00e9.<\/p>\n<p class=\"p1\">Alors que le texte pourrait <strong>\u00eatre soumis au <a href=\"https:\/\/www.autojournal.fr\/actu\/euro-7-parlement-europeen-adopte-mesures-333226.html\" target=\"_blank\" rel=\"noopener nofollow\">Parlement europ\u00e9en<\/a> d\u2019ici la fin de l\u2019\u00e9t\u00e9, le d\u00e9bat ne fait que commencer.<\/strong> Entre volont\u00e9 \u00e9cologique et r\u00e9alisme \u00e9conomique\u2026 L\u2019avenir de la voiture de location dans l\u2019UE est d\u00e9sormais au c\u0153ur d\u2019un bras de fer politique.<\/p>\n","protected":false},"excerpt":{"rendered":"L\u2019Union europ\u00e9enne souhaite acc\u00e9l\u00e9rer la fin du moteur thermique. En plus de l\u2019interdiction d\u00e9j\u00e0 act\u00e9e pour 2035 concernant&hellip;\n","protected":false},"author":2,"featured_media":267970,"comment_status":"","ping_status":"","sticky":false,"template":"","format":"standard","meta":{"footnotes":""},"categories":[1587],"tags":[11,672,1804,1805,1803,1777,674,1801,1638,12,1802],"class_list":{"0":"post-267969","1":"post","2":"type-post","3":"status-publish","4":"format-standard","5":"has-post-thumbnail","7":"category-allemagne","8":"tag-actualites","9":"tag-allemagne","10":"tag-bundesrepublik-deutschland","11":"tag-de","12":"tag-deutschland","13":"tag-eu","14":"tag-europe","15":"tag-germany","16":"tag-has_diapo","17":"tag-news","18":"tag-republique-federale-dallemagne"},"share_on_mastodon":{"url":"https:\/\/pubeurope.com\/@fr\/114902512892154850","error":""},"_links":{"self":[{"href":"https:\/\/www.europesays.com\/fr\/wp-json\/wp\/v2\/posts\/267969","targetHints":{"allow":["GET"]}}],"collection":[{"href":"https:\/\/www.europesays.com\/fr\/wp-json\/wp\/v2\/posts"}],"about":[{"href":"https:\/\/www.europesays.com\/fr\/wp-json\/wp\/v2\/types\/post"}],"author":[{"embeddable":true,"href":"https:\/\/www.europesays.com\/fr\/wp-json\/wp\/v2\/users\/2"}],"replies":[{"embeddable":true,"href":"https:\/\/www.europesays.com\/fr\/wp-json\/wp\/v2\/comments?post=267969"}],"version-history":[{"count":0,"href":"https:\/\/www.europesays.com\/fr\/wp-json\/wp\/v2\/posts\/267969\/revisions"}],"wp:featuredmedia":[{"embeddable":true,"href":"https:\/\/www.europesays.com\/fr\/wp-json\/wp\/v2\/media\/267970"}],"wp:attachment":[{"href":"https:\/\/www.europesays.com\/fr\/wp-json\/wp\/v2\/media?parent=267969"}],"wp:term":[{"taxonomy":"category","embeddable":true,"href":"https:\/\/www.europesays.com\/fr\/wp-json\/wp\/v2\/categories?post=267969"},{"taxonomy":"post_tag","embeddable":true,"href":"https:\/\/www.europesays.com\/fr\/wp-json\/wp\/v2\/tags?post=267969"}],"curies":[{"name":"wp","href":"https:\/\/api.w.org\/{rel}","templated":true}]}}